{"id":37849,"date":"2023-12-11T15:31:01","date_gmt":"2023-12-11T18:31:01","guid":{"rendered":"https:\/\/radiorevelacionfm.cl\/?p=37849"},"modified":"2023-12-11T15:31:01","modified_gmt":"2023-12-11T18:31:01","slug":"edelaysen-logra-restablecer-el-suministro-electrico-del-100-de-los-vecinos-tras-interrupcion-imprevista","status":"publish","type":"post","link":"https:\/\/radiorevelacionfm.cl\/?p=37849","title":{"rendered":"Edelaysen logra restablecer el suministro el\u00e9ctrico del 100% de los vecinos tras interrupci\u00f3n imprevista"},"content":{"rendered":"<div class=\"flex_column av_one_full  flex_column_div av-zero-column-padding first  avia-builder-el-0  el_before_av_one_full  avia-builder-el-first  \" style='border-radius:0px; '><div  class='avia-image-container  av-styling-    avia-builder-el-1  avia-builder-el-no-sibling  avia-align-center '  itemprop=\"image\" itemscope=\"itemscope\" itemtype=\"https:\/\/schema.org\/ImageObject\"  ><div class='avia-image-container-inner'><div class='avia-image-overlay-wrap'><img decoding=\"async\" class='wp-image-37850 avia-img-lazy-loading-not-37850 avia_image' src=\"https:\/\/radiorevelacionfm.cl\/wp-content\/uploads\/2023\/12\/Interrupcion-de-energia-11_12-1-1.jpeg\" alt='' title='Interrupci\u00f3n de energ\u00eda 11_12 (1) (1)' height=\"600\" width=\"1067\"  itemprop=\"thumbnailUrl\" srcset=\"https:\/\/radiorevelacionfm.cl\/wp-content\/uploads\/2023\/12\/Interrupcion-de-energia-11_12-1-1.jpeg 1067w, https:\/\/radiorevelacionfm.cl\/wp-content\/uploads\/2023\/12\/Interrupcion-de-energia-11_12-1-1-300x169.jpeg 300w, https:\/\/radiorevelacionfm.cl\/wp-content\/uploads\/2023\/12\/Interrupcion-de-energia-11_12-1-1-1030x579.jpeg 1030w, https:\/\/radiorevelacionfm.cl\/wp-content\/uploads\/2023\/12\/Interrupcion-de-energia-11_12-1-1-768x432.jpeg 768w, https:\/\/radiorevelacionfm.cl\/wp-content\/uploads\/2023\/12\/Interrupcion-de-energia-11_12-1-1-705x396.jpeg 705w, https:\/\/radiorevelacionfm.cl\/wp-content\/uploads\/2023\/12\/Interrupcion-de-energia-11_12-1-1-450x253.jpeg 450w, https:\/\/radiorevelacionfm.cl\/wp-content\/uploads\/2023\/12\/Interrupcion-de-energia-11_12-1-1-600x337.jpeg 600w\" sizes=\"(max-width: 1067px) 100vw, 1067px\" \/><\/div><\/div><\/div><\/div><div class=\"flex_column av_one_full  flex_column_div av-zero-column-padding first  avia-builder-el-2  el_after_av_one_full  el_before_av_one_full  column-top-margin\" style='border-radius:0px; '><section class=\"av_textblock_section \"  itemscope=\"itemscope\" itemtype=\"https:\/\/schema.org\/BlogPosting\" itemprop=\"blogPost\" ><div class='avia_textblock  '   itemprop=\"text\" ><h2 class=\"title\" style=\"text-align: center;\"><span style=\"font-size: 18pt;\"><strong>Edelaysen logra restablecer el suministro el\u00e9ctrico del 100% de los vecinos tras interrupci\u00f3n imprevista<\/strong><\/span><\/h2>\n<div id=\"gtx-trans\" style=\"position: absolute; left: -50px; top: 4.31534px;\">\n<div class=\"gtx-trans-icon\"><\/div>\n<\/div>\n<\/div><\/section><\/div><div class=\"flex_column av_one_full  flex_column_div av-zero-column-padding first  avia-builder-el-4  el_after_av_one_full  el_before_av_hr  column-top-margin\" style='border-radius:0px; '><section class=\"av_textblock_section \"  itemscope=\"itemscope\" itemtype=\"https:\/\/schema.org\/BlogPosting\" itemprop=\"blogPost\" ><div class='avia_textblock  '   itemprop=\"text\" ><p style=\"text-align: justify;\"><em>La afectaci\u00f3n del servicio ocurri\u00f3 cerca de las 20:00 horas entre las comunas de Ays\u00e9n, Coyhaique y Rio Ib\u00e1\u00f1ez.<\/em><\/p>\n<p style=\"text-align: justify;\">Edelaysen, inform\u00f3 la restauraci\u00f3n del suministro el\u00e9ctrico en un 100% de los clientes afectados, luego de una interrupci\u00f3n imprevista ocurrida cerca de las 20:00 horas del domingo en las comunas de Ays\u00e9n, Coyhaique y parte de R\u00edo Ib\u00e1\u00f1ez.<\/p>\n<p style=\"text-align: justify;\">En un ejercicio de eficiencia y coordinaci\u00f3n los equipos especializados de la empresa el\u00e9ctrica, trabajaron focalizadamente para resolver la situaci\u00f3n, logrando la recuperaci\u00f3n total del servicio, en un lapso de 60 minutos desde el inicio de la interrupci\u00f3n. Edelaysen se encuentra actualmente investigando la causa de la falla, la que preliminarmente se encontrar\u00eda en las instalaciones de la central hidr\u00e1ulica de Lago Atravesado.<\/p>\n<p style=\"text-align: justify;\">Patricio Raimilla, jefe de Servicio al Cliente de Edelaysen coment\u00f3 que: \u201cAfortunadamente y gracias a los equipos remotos que est\u00e1n instalados en la red el\u00e9ctrica, se logr\u00f3 recuperar de manera paulatina el servicio al 100% de los afectados en el lapso de una hora aproximadamente. Lamentamos los inconvenientes que esta corte de luz pudiese haber provocado e invitamos a los vecinos que hayan visto alguna afectaci\u00f3n mayor, a que utilicen nuestros canales de contacto y pueden ingresar sus reclamaciones, las cuales ser\u00e1n atendidas de acuerdo con los protocolos establecidos\u201d.<\/p>\n<p style=\"text-align: justify;\">La distribuidora insta a los clientes a obtener informaci\u00f3n en tiempo real a trav\u00e9s del mapa de desconexiones disponible en el sitio web oficial de Edelaysen\u00a0<a href=\"https:\/\/nam10.safelinks.protection.outlook.com\/?url=http%3A%2F%2Fwww.edelaysen.cl%2F&amp;data=05%7C02%7Cmaria.marchant%40saesa.cl%7C5e581f2475d14fa30b9d08dbfa41b87e%7C136d6ab55b55496f97cb2424247715ed%7C0%7C0%7C638378932392989302%7CUnknown%7CTWFpbGZsb3d8eyJWIjoiMC4wLjAwMDAiLCJQIjoiV2luMzIiLCJBTiI6Ik1haWwiLCJXVCI6Mn0%3D%7C3000%7C%7C%7C&amp;sdata=hLyMG5oQOuB8le8CGn1LR0lylZ4VhY687lpK6wV7AK8%3D&amp;reserved=0\">www.edelaysen.cl<\/a>\u00a0y su aplicaci\u00f3n m\u00f3vil, adem\u00e1s de su l\u00ednea gratuita al 800 600 803 donde se ofrecer\u00e1n actualizaciones detalladas sobre el estado del servicio.<\/p>\n<\/div><\/section><\/div><div  style='height:50px' class='hr hr-invisible   avia-builder-el-6  el_after_av_one_full  el_before_av_social_share '><span class='hr-inner ' ><span class='hr-inner-style'><\/span><\/span><\/div><\/p>\n<div  class='av-social-sharing-box  avia-builder-el-7  el_after_av_hr  el_before_av_hr  '><div class='av-share-box'><h5 class='av-share-link-description av-no-toc '>Compartir esta noticia<\/h5><ul class='av-share-box-list noLightbox'><li class='av-share-link av-social-link-facebook' ><a target=\"_blank\" aria-label=\"Compartir en Facebook\" href='https:\/\/www.facebook.com\/sharer.php?u=https:\/\/radiorevelacionfm.cl\/?p=37849&#038;t=Edelaysen%20logra%20restablecer%20el%20suministro%20el%C3%A9ctrico%20del%20100%25%20de%20los%20vecinos%20tras%20interrupci%C3%B3n%20imprevista' aria-hidden='false' data-av_icon='\ue8f3' data-av_iconfont='entypo-fontello' title='' data-avia-related-tooltip='Compartir en Facebook' rel=\"noopener\"><span class='avia_hidden_link_text'>Compartir en Facebook<\/span><\/a><\/li><li class='av-share-link av-social-link-twitter' ><a target=\"_blank\" aria-label=\"Compartir en Twitter\" href='https:\/\/twitter.com\/share?text=Edelaysen%20logra%20restablecer%20el%20suministro%20el%C3%A9ctrico%20del%20100%25%20de%20los%20vecinos%20tras%20interrupci%C3%B3n%20imprevista&#038;url=https:\/\/radiorevelacionfm.cl\/?p=37849' aria-hidden='false' data-av_icon='\ue8f1' data-av_iconfont='entypo-fontello' title='' data-avia-related-tooltip='Compartir en Twitter' rel=\"noopener\"><span class='avia_hidden_link_text'>Compartir en Twitter<\/span><\/a><\/li><li class='av-share-link av-social-link-whatsapp' ><a target=\"_blank\" aria-label=\"Compartir en Whatsapp\" href='https:\/\/api.whatsapp.com\/send?text=https:\/\/radiorevelacionfm.cl\/?p=37849' aria-hidden='false' data-av_icon='\uf232' data-av_iconfont='entypo-fontello' title='' data-avia-related-tooltip='Compartir en Whatsapp' rel=\"noopener\"><span class='avia_hidden_link_text'>Compartir en Whatsapp<\/span><\/a><\/li><li class='av-share-link av-social-link-linkedin' ><a target=\"_blank\" aria-label=\"Compartir en LinkedIn\" href='https:\/\/linkedin.com\/shareArticle?mini=true&#038;title=Edelaysen%20logra%20restablecer%20el%20suministro%20el%C3%A9ctrico%20del%20100%25%20de%20los%20vecinos%20tras%20interrupci%C3%B3n%20imprevista&#038;url=https:\/\/radiorevelacionfm.cl\/?p=37849' aria-hidden='false' data-av_icon='\ue8fc' data-av_iconfont='entypo-fontello' title='' data-avia-related-tooltip='Compartir en LinkedIn' rel=\"noopener\"><span class='avia_hidden_link_text'>Compartir en LinkedIn<\/span><\/a><\/li><li class='av-share-link av-social-link-mail' ><a  aria-label=\"Compartir por correo\" href='mailto:?subject=Edelaysen%20logra%20restablecer%20el%20suministro%20el%C3%A9ctrico%20del%20100%25%20de%20los%20vecinos%20tras%20interrupci%C3%B3n%20imprevista&#038;body=https:\/\/radiorevelacionfm.cl\/?p=37849' aria-hidden='false' data-av_icon='\ue805' data-av_iconfont='entypo-fontello' title='' data-avia-related-tooltip='Compartir por correo'><span class='avia_hidden_link_text'>Compartir por correo<\/span><\/a><\/li><\/ul><\/div><\/div>\n<div  style='height:50px' class='hr hr-invisible   avia-builder-el-8  el_after_av_social_share  el_before_av_comments_list '><span class='hr-inner ' ><span class='hr-inner-style'><\/span><\/span><\/div>\n<div  class='av-buildercomment  av-blog-meta-html-info-disabled av-blog-meta-tag-disabled  '><\/div>\n","protected":false},"excerpt":{"rendered":"","protected":false},"author":1,"featured_media":37850,"comment_status":"open","ping_status":"open","sticky":false,"template":"","format":"standard","meta":{"footnotes":""},"categories":[38],"tags":[],"class_list":["post-37849","post","type-post","status-publish","format-standard","has-post-thumbnail","hentry","category-regional"],"jetpack_featured_media_url":"https:\/\/radiorevelacionfm.cl\/wp-content\/uploads\/2023\/12\/Interrupcion-de-energia-11_12-1-1.jpeg","_links":{"self":[{"href":"https:\/\/radiorevelacionfm.cl\/index.php?rest_route=\/wp\/v2\/posts\/37849","targetHints":{"allow":["GET"]}}],"collection":[{"href":"https:\/\/radiorevelacionfm.cl\/index.php?rest_route=\/wp\/v2\/posts"}],"about":[{"href":"https:\/\/radiorevelacionfm.cl\/index.php?rest_route=\/wp\/v2\/types\/post"}],"author":[{"embeddable":true,"href":"https:\/\/radiorevelacionfm.cl\/index.php?rest_route=\/wp\/v2\/users\/1"}],"replies":[{"embeddable":true,"href":"https:\/\/radiorevelacionfm.cl\/index.php?rest_route=%2Fwp%2Fv2%2Fcomments&post=37849"}],"version-history":[{"count":1,"href":"https:\/\/radiorevelacionfm.cl\/index.php?rest_route=\/wp\/v2\/posts\/37849\/revisions"}],"predecessor-version":[{"id":37851,"href":"https:\/\/radiorevelacionfm.cl\/index.php?rest_route=\/wp\/v2\/posts\/37849\/revisions\/37851"}],"wp:featuredmedia":[{"embeddable":true,"href":"https:\/\/radiorevelacionfm.cl\/index.php?rest_route=\/wp\/v2\/media\/37850"}],"wp:attachment":[{"href":"https:\/\/radiorevelacionfm.cl\/index.php?rest_route=%2Fwp%2Fv2%2Fmedia&parent=37849"}],"wp:term":[{"taxonomy":"category","embeddable":true,"href":"https:\/\/radiorevelacionfm.cl\/index.php?rest_route=%2Fwp%2Fv2%2Fcategories&post=37849"},{"taxonomy":"post_tag","embeddable":true,"href":"https:\/\/radiorevelacionfm.cl\/index.php?rest_route=%2Fwp%2Fv2%2Ftags&post=37849"}],"curies":[{"name":"wp","href":"https:\/\/api.w.org\/{rel}","templated":true}]}}