{"id":37846,"date":"2023-12-11T15:00:43","date_gmt":"2023-12-11T18:00:43","guid":{"rendered":"https:\/\/radiorevelacionfm.cl\/?p=37846"},"modified":"2023-12-11T15:00:43","modified_gmt":"2023-12-11T18:00:43","slug":"ex-fiscal-carlos-gajardo-sufre-derrota-representando-a-inmobiliaria-en-querella-contra-funcionarios-del-sag","status":"publish","type":"post","link":"https:\/\/radiorevelacionfm.cl\/?p=37846","title":{"rendered":"Ex fiscal Carlos Gajardo sufre derrota representando a inmobiliaria en querella contra funcionarios del SAG"},"content":{"rendered":"<div class=\"flex_column av_one_full  flex_column_div av-zero-column-padding first  avia-builder-el-0  el_before_av_one_full  avia-builder-el-first  \" style='border-radius:0px; '><div  class='avia-image-container  av-styling-    avia-builder-el-1  avia-builder-el-no-sibling  avia-align-center '  itemprop=\"image\" itemscope=\"itemscope\" itemtype=\"https:\/\/schema.org\/ImageObject\"  ><div class='avia-image-container-inner'><div class='avia-image-overlay-wrap'><img decoding=\"async\" class='wp-image-37847 avia-img-lazy-loading-not-37847 avia_image' src=\"https:\/\/radiorevelacionfm.cl\/wp-content\/uploads\/2023\/12\/confluencia-rios-baker-y-nef-1_optimized-1.jpg\" alt='' title='confluencia-r\u00edos-baker-y-nef-(1)_optimized (1)' height=\"600\" width=\"1705\"  itemprop=\"thumbnailUrl\" srcset=\"https:\/\/radiorevelacionfm.cl\/wp-content\/uploads\/2023\/12\/confluencia-rios-baker-y-nef-1_optimized-1.jpg 1705w, https:\/\/radiorevelacionfm.cl\/wp-content\/uploads\/2023\/12\/confluencia-rios-baker-y-nef-1_optimized-1-300x106.jpg 300w, https:\/\/radiorevelacionfm.cl\/wp-content\/uploads\/2023\/12\/confluencia-rios-baker-y-nef-1_optimized-1-1030x362.jpg 1030w, https:\/\/radiorevelacionfm.cl\/wp-content\/uploads\/2023\/12\/confluencia-rios-baker-y-nef-1_optimized-1-768x270.jpg 768w, https:\/\/radiorevelacionfm.cl\/wp-content\/uploads\/2023\/12\/confluencia-rios-baker-y-nef-1_optimized-1-1536x541.jpg 1536w, https:\/\/radiorevelacionfm.cl\/wp-content\/uploads\/2023\/12\/confluencia-rios-baker-y-nef-1_optimized-1-1500x528.jpg 1500w, https:\/\/radiorevelacionfm.cl\/wp-content\/uploads\/2023\/12\/confluencia-rios-baker-y-nef-1_optimized-1-705x248.jpg 705w, https:\/\/radiorevelacionfm.cl\/wp-content\/uploads\/2023\/12\/confluencia-rios-baker-y-nef-1_optimized-1-450x158.jpg 450w, https:\/\/radiorevelacionfm.cl\/wp-content\/uploads\/2023\/12\/confluencia-rios-baker-y-nef-1_optimized-1-600x211.jpg 600w\" sizes=\"(max-width: 1705px) 100vw, 1705px\" \/><\/div><\/div><\/div><\/div><div class=\"flex_column av_one_full  flex_column_div av-zero-column-padding first  avia-builder-el-2  el_after_av_one_full  el_before_av_one_full  column-top-margin\" style='border-radius:0px; '><section class=\"av_textblock_section \"  itemscope=\"itemscope\" itemtype=\"https:\/\/schema.org\/BlogPosting\" itemprop=\"blogPost\" ><div class='avia_textblock  '   itemprop=\"text\" ><h2 class=\"title\" style=\"text-align: center;\"><span style=\"font-size: 18pt;\"><b><span lang=\"ES\">Ex fiscal Carlos Gajardo sufre derrota representando a inmobiliaria en querella contra funcionarios del SAG<\/span><\/b><\/span><\/h2>\n<div id=\"gtx-trans\" style=\"position: absolute; left: -50px; top: 4.31534px;\">\n<div class=\"gtx-trans-icon\"><\/div>\n<\/div>\n<\/div><\/section><\/div><div class=\"flex_column av_one_full  flex_column_div av-zero-column-padding first  avia-builder-el-4  el_after_av_one_full  el_before_av_hr  column-top-margin\" style='border-radius:0px; '><section class=\"av_textblock_section \"  itemscope=\"itemscope\" itemtype=\"https:\/\/schema.org\/BlogPosting\" itemprop=\"blogPost\" ><div class='avia_textblock  '   itemprop=\"text\" ><p class=\"v1gmail-MsoListParagraphCxSpFirst\" style=\"text-align: justify;\"><i><span lang=\"ES\">Tribunal resolvi<\/span><\/i><i><span lang=\"X-NONE\">\u00f3<span class=\"v1gmail-Apple-converted-space\">\u00a0<\/span><\/span><span lang=\"ES\">a principios de septiembre<\/span><\/i><i><span lang=\"X-NONE\">, desestimando la acci\u00f3n por no existir delito ni dilaci\u00f3n arbitraria en la decisi\u00f3n de los funcionarios de solicitar, previo a resolver, antecedentes a otros organismo p\u00fablicos por el proyecto de subdividir un predio de 540 hect\u00e1reas en 162 nuevos lotes, aleda\u00f1os al Parque Nacional Laguna San Rafael.<\/span><\/i><\/p>\n<p class=\"v1gmail-MsoListParagraphCxSpLast\" style=\"text-align: justify;\"><i><span lang=\"ES\">Hoy se mantiene pendiente otro recurso, interpuesto por Refugio Pollux SpA tambi\u00e9n con el patrocinio de Gajardo, que se tramita en el Juzgado de Garant\u00eda de Coyhaique.<\/span><\/i><\/p>\n<p class=\"v1MsoNormal\" style=\"text-align: justify;\"><span lang=\"ES\">Con la audiencia de cierre definitivo, que se desarroll<\/span><span lang=\"X-NONE\">\u00f3 el 7 de septiembre de este a\u00f1o, el Juzgado de Letras y Garant\u00eda de Cochrane desech\u00f3 la<span class=\"v1gmail-Apple-converted-space\">\u00a0<\/span><a href=\"https:\/\/www.eldivisadero.cl\/media\/Noticias\/arch_refid1552.pdf\" target=\"_blank\" rel=\"noopener noreferrer\">querella criminal<\/a><span class=\"v1gmail-Apple-converted-space\">\u00a0<\/span>que la inmobiliaria Green Capital SpA, representada por Rodrigo Barrientos Rubio con patrocinio del ex fiscal Carlos Gajardo Pinto, interpuso contra dos funcionarios del Servicio Agr\u00edcola y Ganadero (SAG) de Cochrane.\u00a0<span class=\"v1gmail-Apple-converted-space\">\u00a0<\/span>La acci\u00f3n, ingresada el 22 de marzo, ten\u00eda por objeto condenar en forma personal a la directora (S) del organismo Valeria Carrasco S\u00e1ez y al profesional Pedro Isamitt Ram\u00edrez, quienes en el ejercicio de su rol ante una solicitud de subdivisi\u00f3n predial solicitaron antecedentes, previo a resolver, a la Superintendencia de Medio Ambiente (SMA), las seremis de Bienes Nacionales y Medio Ambiente, y a la Corporaci\u00f3n Nacional Forestal (CONAF).\u00a0<span class=\"v1gmail-Apple-converted-space\">\u00a0<\/span><\/span><\/p>\n<p class=\"v1MsoNormal\" style=\"text-align: justify;\"><span lang=\"X-NONE\">Su actuar se bas\u00f3 en un instructivo del<span class=\"v1gmail-Apple-converted-space\">\u00a0<\/span><a href=\"https:\/\/www.sag.gob.cl\/sites\/default\/files\/Ord%20637%20SAG.pdf\" target=\"_blank\" rel=\"noopener noreferrer\">Ministerio de Agricultura<\/a><span class=\"v1gmail-Apple-converted-space\">\u00a0<\/span>y del<span class=\"v1gmail-Apple-converted-space\">\u00a0<\/span><a href=\"https:\/\/www.sag.gob.cl\/sites\/default\/files\/Circular%20475.pdf\" target=\"_blank\" rel=\"noopener noreferrer\">propio SAG<\/a><span class=\"v1gmail-Apple-converted-space\">\u00a0<\/span>que, cumpliendo el principio de coordinaci\u00f3n establecido en las normas de administraci\u00f3n del Estado, mandata a los funcionarios a cautelar que las solicitudes de subdivisi\u00f3n cumplan con la legislaci\u00f3n.\u00a0<span class=\"v1gmail-Apple-converted-space\">\u00a0<\/span>Esto, toda vez que el art\u00edculo 46 de la Ley del SAG se\u00f1ala expresamente que \u00ab<i>para proceder a la subdivisi\u00f3n de predios r\u00fasticos, el servicio certificar\u00e1 el cumplimiento de la normativa vigente<\/i>\u00ab.<\/span><\/p>\n<p class=\"v1MsoNormal\" style=\"text-align: justify;\"><span lang=\"X-NONE\">El argumento de Green Capital SpA, que busca subdividir un predio de 542,81 hect\u00e1reas en 162 lotes, aleda\u00f1o (y eventualmente superpuesto) al Parque Nacional Laguna San Rafael en el \u00e1rea del r\u00edo Neff<span class=\"v1gmail-Apple-converted-space\">\u00a0<\/span><a href=\"https:\/\/miradorescondido.com\/2022\/02\/05\/multimillonarios-tecnologicos-se-estan-comprando-la-patagonia\/\" target=\"_blank\" rel=\"noopener noreferrer\">bajo el nombre de Mirador Escondido<\/a>, se bas\u00f3 en el art\u00edculo 257 del C\u00f3digo Penal que sanciona los abusos contra particulares, producto de considerar que este procedimiento ser\u00eda una dilaci\u00f3n arbitraria, para lo cual no contar\u00eda el SAG con atribuciones legales.<\/span><\/p>\n<p class=\"v1MsoNormal\" style=\"text-align: justify;\"><span lang=\"X-NONE\">Evaluado el caso por la Fiscal\u00eda, \u00e9sta consider\u00f3 que no hab\u00eda motivos para perseverar en la b\u00fasqueda de un posible il\u00edcito, por lo que ante su requerimiento el Juzgado de Letras y Garant\u00eda de Cochrane concluy\u00f3 que \u00ab<i>no existir\u00eda delito ni dilaci\u00f3n arbitraria, la cual no es caprichosa sino responde al proceso administrativo en estricto cumplimiento a la normativa legal<\/i>\u00ab.<\/span><\/p>\n<p class=\"v1MsoNormal\" style=\"text-align: justify;\"><span lang=\"X-NONE\">Actualmente existe otra causa en el Tribunal de Garant\u00eda de Coyhaique en contra de Valeria Carrasco en su calidad de directora (s) del SAG, la cual<span class=\"v1gmail-Apple-converted-space\">\u00a0<\/span><a href=\"https:\/\/www.elciudadano.com\/chile\/poderoso-caballero-es-don-dinero-exfiscal-carlos-gajardo-ahora-defiende-a-ricos-empresarios-que-realizan-loteos-ilegales-y-antiecologicos-en-aysen\/04\/13\/\" target=\"_blank\" rel=\"noopener noreferrer\">tambi\u00e9n<\/a><span class=\"v1gmail-Apple-converted-space\">\u00a0<\/span>es patrocinada por Carlos Gajardo.\u00a0<span class=\"v1gmail-Apple-converted-space\">\u00a0<\/span>El titular es Gerardo Mayol Labb\u00e9, en representaci\u00f3n de la sociedad Refugio Pollux SpA, domiciliada en Baquedano 400, en Coyhaique.\u00a0<span class=\"v1gmail-Apple-converted-space\">\u00a0<\/span>El objetivo, subdividir un predio de 119,7 hect\u00e1reas en 78 lotes.<\/span><\/p>\n<p class=\"v1MsoNormal\" style=\"text-align: justify;\"><span lang=\"X-NONE\">Este litigio a\u00fan no se resuelve, aunque desde mayo no se consigna movimiento alguno en el tribunal.<\/span><\/p>\n<p class=\"v1MsoNormal\" style=\"text-align: justify;\"><span lang=\"ES\">Al respecto, la abogada de<span class=\"v1gmail-Apple-converted-space\">\u00a0<\/span><b>ONG FIMA Sof<\/b><\/span><b><span lang=\"X-NONE\">\u00eda Barrera Fuentes<\/span><\/b><span lang=\"X-NONE\">, expres\u00f3 que \u00ab<\/span><i><span lang=\"ES\">vemos como una buena se\u00f1al la decisi<\/span><\/i><i><span lang=\"X-NONE\">\u00f3n de Fiscal\u00eda, que no s\u00f3lo ha actuado conforme a la ley, sino tambi\u00e9n respalda la \u00faltima sentencia de la Corte Suprema: el principio de cordinacion de la administraci\u00f3n. El SAG puede y debe coordinarse con otros organismos para certificar subdivisiones, y suspenderlas cuando corresponda, y sus funcionarios se encuentran completamente facultados\u00a0<span class=\"v1gmail-Apple-converted-space\">\u00a0<\/span>para ello<\/span><\/i><span lang=\"X-NONE\">\u00ab.\u00a0<\/span><\/p>\n<p class=\"v1MsoNormal\" style=\"text-align: justify;\"><span lang=\"X-NONE\">Por su parte, el<span class=\"v1gmail-Apple-converted-space\">\u00a0<\/span><b>presidente de la Corporaci\u00f3n Privada para el Desarrollo de Ays\u00e9n (CODESA), Erwin Sandoval Gallardo<\/b>, indic\u00f3 que \u00ab<\/span><i><span lang=\"ES\">e<\/span><\/i><i><span lang=\"X-NONE\">stamos frente a una muestra m\u00e1s de lo que ha sido el fracaso de una estrategia judicial desplegada por el gremio y la industria inmobiliaria, con el objeto de seguir desarrollando mega proyectos de loteos al margen de la legislaci\u00f3n pertinente.\u00a0<span class=\"v1gmail-Apple-converted-space\">\u00a0<\/span>Esperamos que estos fallos, que se tendr\u00e1n que reiterar en los casos que a\u00fan est\u00e1n pendientes, se cumplan por parte de esta industria y se acate tambi\u00e9n el fondo del razonamiento que hay en \u00e9stos<\/span><\/i><span lang=\"X-NONE\">\u00ab. En este sentido, explic\u00f3 que esto apunta a que \u00ab<i>no se pueden seguir desarrollando megaproyectos inmobiliarios que generan n\u00facleos urbanos al margen de la planificaci\u00f3n territorial. Eso es algo que debe comprender y acatar esta industria en particular<\/i>\u00ab.<\/span><\/p>\n<p class=\"v1MsoNormal\" style=\"text-align: justify;\"><span lang=\"X-NONE\">Agreg\u00f3 que \u00ab<i>tambi\u00e9n, tal como lo ha venido requiriendo la SMA en sus m\u00e1s recientes pronunciamientos, aqu\u00ed hay un llamado a los organismos p\u00fablicos competentes como el SAG, municipios, seremi de Vivienda y Urbanismo, Sernatur, tambi\u00e9n la Direcci\u00f3n General de Agua, CONAF, en fin, m\u00faltiples instituciones a que, en virtud del principio de coordinaci\u00f3n y expreso mandato legal, confluyan en abordar esta situaci\u00f3n conforme a la legislaci\u00f3n vigente\u00bb.\u00a0<span class=\"v1gmail-Apple-converted-space\">\u00a0<\/span><\/i>Por \u00faltimo, puntualiz\u00f3 que<i><span class=\"v1gmail-Apple-converted-space\">\u00a0<\/span>\u00aben el caso de estos proyectos, que ya han venido siendo declarados ilegales, est\u00e1 en manos de los servicios p\u00fablicos competentes que no sigan interviniendo ilegalmente el territorio<\/i>\u00ab..<i><\/i><\/span><\/p>\n<p class=\"v1MsoNormal\" style=\"text-align: justify;\"><b><span lang=\"X-NONE\">ONG FIMA<\/span><\/b><span lang=\"X-NONE\">,<span class=\"v1gmail-Apple-converted-space\">\u00a0<\/span><b>CODESA<\/b><span class=\"v1gmail-Apple-converted-space\">\u00a0<\/span>y la<span class=\"v1gmail-Apple-converted-space\">\u00a0<\/span><b>Agrupaci\u00f3n Ays\u00e9n Reserva de Vida<\/b><span class=\"v1gmail-Apple-converted-space\">\u00a0<\/span>han presentado unas 60 denuncias ante la Superintendencia del Medio Ambiente por mega loteos en suelo rural, en los cuales la SMA ha determinado que no pueden someterse a evaluaci\u00f3n ambiental por ser ilegales.<\/span><i><span lang=\"ES\">Green Capital SpA pretende generar 162 nuevas parcelas aleda\u00f1as al Parque Nacional Laguna San Rafael.<\/span><\/i><\/p>\n<\/div><\/section><\/div><div  style='height:50px' class='hr hr-invisible   avia-builder-el-6  el_after_av_one_full  el_before_av_social_share '><span class='hr-inner ' ><span class='hr-inner-style'><\/span><\/span><\/div><\/p>\n<div  class='av-social-sharing-box  avia-builder-el-7  el_after_av_hr  el_before_av_hr  '><div class='av-share-box'><h5 class='av-share-link-description av-no-toc '>Compartir esta noticia<\/h5><ul class='av-share-box-list noLightbox'><li class='av-share-link av-social-link-facebook' ><a target=\"_blank\" aria-label=\"Compartir en Facebook\" href='https:\/\/www.facebook.com\/sharer.php?u=https:\/\/radiorevelacionfm.cl\/?p=37846&#038;t=Ex%20fiscal%20Carlos%20Gajardo%20sufre%20derrota%20representando%20a%20inmobiliaria%20en%20querella%20contra%20funcionarios%20del%20SAG' aria-hidden='false' data-av_icon='\ue8f3' data-av_iconfont='entypo-fontello' title='' data-avia-related-tooltip='Compartir en Facebook' rel=\"noopener\"><span class='avia_hidden_link_text'>Compartir en Facebook<\/span><\/a><\/li><li class='av-share-link av-social-link-twitter' ><a target=\"_blank\" aria-label=\"Compartir en Twitter\" href='https:\/\/twitter.com\/share?text=Ex%20fiscal%20Carlos%20Gajardo%20sufre%20derrota%20representando%20a%20inmobiliaria%20en%20querella%20contra%20funcionarios%20del%20SAG&#038;url=https:\/\/radiorevelacionfm.cl\/?p=37846' aria-hidden='false' data-av_icon='\ue8f1' data-av_iconfont='entypo-fontello' title='' data-avia-related-tooltip='Compartir en Twitter' rel=\"noopener\"><span class='avia_hidden_link_text'>Compartir en Twitter<\/span><\/a><\/li><li class='av-share-link av-social-link-whatsapp' ><a target=\"_blank\" aria-label=\"Compartir en Whatsapp\" href='https:\/\/api.whatsapp.com\/send?text=https:\/\/radiorevelacionfm.cl\/?p=37846' aria-hidden='false' data-av_icon='\uf232' data-av_iconfont='entypo-fontello' title='' data-avia-related-tooltip='Compartir en Whatsapp' rel=\"noopener\"><span class='avia_hidden_link_text'>Compartir en Whatsapp<\/span><\/a><\/li><li class='av-share-link av-social-link-linkedin' ><a target=\"_blank\" aria-label=\"Compartir en LinkedIn\" href='https:\/\/linkedin.com\/shareArticle?mini=true&#038;title=Ex%20fiscal%20Carlos%20Gajardo%20sufre%20derrota%20representando%20a%20inmobiliaria%20en%20querella%20contra%20funcionarios%20del%20SAG&#038;url=https:\/\/radiorevelacionfm.cl\/?p=37846' aria-hidden='false' data-av_icon='\ue8fc' data-av_iconfont='entypo-fontello' title='' data-avia-related-tooltip='Compartir en LinkedIn' rel=\"noopener\"><span class='avia_hidden_link_text'>Compartir en LinkedIn<\/span><\/a><\/li><li class='av-share-link av-social-link-mail' ><a  aria-label=\"Compartir por correo\" href='mailto:?subject=Ex%20fiscal%20Carlos%20Gajardo%20sufre%20derrota%20representando%20a%20inmobiliaria%20en%20querella%20contra%20funcionarios%20del%20SAG&#038;body=https:\/\/radiorevelacionfm.cl\/?p=37846' aria-hidden='false' data-av_icon='\ue805' data-av_iconfont='entypo-fontello' title='' data-avia-related-tooltip='Compartir por correo'><span class='avia_hidden_link_text'>Compartir por correo<\/span><\/a><\/li><\/ul><\/div><\/div>\n<div  style='height:50px' class='hr hr-invisible   avia-builder-el-8  el_after_av_social_share  el_before_av_comments_list '><span class='hr-inner ' ><span class='hr-inner-style'><\/span><\/span><\/div>\n<div  class='av-buildercomment  av-blog-meta-html-info-disabled av-blog-meta-tag-disabled  '><\/div>\n","protected":false},"excerpt":{"rendered":"","protected":false},"author":1,"featured_media":37847,"comment_status":"open","ping_status":"open","sticky":false,"template":"","format":"standard","meta":{"footnotes":""},"categories":[38],"tags":[],"class_list":["post-37846","post","type-post","status-publish","format-standard","has-post-thumbnail","hentry","category-regional"],"jetpack_featured_media_url":"https:\/\/radiorevelacionfm.cl\/wp-content\/uploads\/2023\/12\/confluencia-rios-baker-y-nef-1_optimized-1.jpg","_links":{"self":[{"href":"https:\/\/radiorevelacionfm.cl\/index.php?rest_route=\/wp\/v2\/posts\/37846","targetHints":{"allow":["GET"]}}],"collection":[{"href":"https:\/\/radiorevelacionfm.cl\/index.php?rest_route=\/wp\/v2\/posts"}],"about":[{"href":"https:\/\/radiorevelacionfm.cl\/index.php?rest_route=\/wp\/v2\/types\/post"}],"author":[{"embeddable":true,"href":"https:\/\/radiorevelacionfm.cl\/index.php?rest_route=\/wp\/v2\/users\/1"}],"replies":[{"embeddable":true,"href":"https:\/\/radiorevelacionfm.cl\/index.php?rest_route=%2Fwp%2Fv2%2Fcomments&post=37846"}],"version-history":[{"count":1,"href":"https:\/\/radiorevelacionfm.cl\/index.php?rest_route=\/wp\/v2\/posts\/37846\/revisions"}],"predecessor-version":[{"id":37848,"href":"https:\/\/radiorevelacionfm.cl\/index.php?rest_route=\/wp\/v2\/posts\/37846\/revisions\/37848"}],"wp:featuredmedia":[{"embeddable":true,"href":"https:\/\/radiorevelacionfm.cl\/index.php?rest_route=\/wp\/v2\/media\/37847"}],"wp:attachment":[{"href":"https:\/\/radiorevelacionfm.cl\/index.php?rest_route=%2Fwp%2Fv2%2Fmedia&parent=37846"}],"wp:term":[{"taxonomy":"category","embeddable":true,"href":"https:\/\/radiorevelacionfm.cl\/index.php?rest_route=%2Fwp%2Fv2%2Fcategories&post=37846"},{"taxonomy":"post_tag","embeddable":true,"href":"https:\/\/radiorevelacionfm.cl\/index.php?rest_route=%2Fwp%2Fv2%2Ftags&post=37846"}],"curies":[{"name":"wp","href":"https:\/\/api.w.org\/{rel}","templated":true}]}}