{"id":37843,"date":"2023-12-11T13:13:19","date_gmt":"2023-12-11T16:13:19","guid":{"rendered":"https:\/\/radiorevelacionfm.cl\/?p=37843"},"modified":"2023-12-11T13:13:19","modified_gmt":"2023-12-11T16:13:19","slug":"en-taller-dirigido-a-trabajadoras-de-casa-particular-se-difundio-el-convenio-190-de-erradicacion-del-acoso-y-violencia-en-espacios-laborales-y-avances-de-la-ley-karin-en-el-congreso","status":"publish","type":"post","link":"https:\/\/radiorevelacionfm.cl\/?p=37843","title":{"rendered":"En taller dirigido a trabajadoras de casa particular se difundi\u00f3 el Convenio 190 de erradicaci\u00f3n del acoso y violencia en espacios laborales y avances de la Ley Karin en el Congreso"},"content":{"rendered":"<div class=\"flex_column av_one_full  flex_column_div av-zero-column-padding first  avia-builder-el-0  el_before_av_one_full  avia-builder-el-first  \" style='border-radius:0px; '><div  class='avia-image-container  av-styling-    avia-builder-el-1  avia-builder-el-no-sibling  avia-align-center '  itemprop=\"image\" itemscope=\"itemscope\" itemtype=\"https:\/\/schema.org\/ImageObject\"  ><div class='avia-image-container-inner'><div class='avia-image-overlay-wrap'><img decoding=\"async\" class='wp-image-37844 avia-img-lazy-loading-not-37844 avia_image' src=\"https:\/\/radiorevelacionfm.cl\/wp-content\/uploads\/2023\/12\/Taller_Convenio190_Autocuidado-5-1-1.jpeg\" alt='' title='Taller_Convenio190_Autocuidado (5) (1) (1)' height=\"600\" width=\"800\"  itemprop=\"thumbnailUrl\" srcset=\"https:\/\/radiorevelacionfm.cl\/wp-content\/uploads\/2023\/12\/Taller_Convenio190_Autocuidado-5-1-1.jpeg 800w, https:\/\/radiorevelacionfm.cl\/wp-content\/uploads\/2023\/12\/Taller_Convenio190_Autocuidado-5-1-1-300x225.jpeg 300w, https:\/\/radiorevelacionfm.cl\/wp-content\/uploads\/2023\/12\/Taller_Convenio190_Autocuidado-5-1-1-768x576.jpeg 768w, https:\/\/radiorevelacionfm.cl\/wp-content\/uploads\/2023\/12\/Taller_Convenio190_Autocuidado-5-1-1-705x529.jpeg 705w, https:\/\/radiorevelacionfm.cl\/wp-content\/uploads\/2023\/12\/Taller_Convenio190_Autocuidado-5-1-1-450x338.jpeg 450w, https:\/\/radiorevelacionfm.cl\/wp-content\/uploads\/2023\/12\/Taller_Convenio190_Autocuidado-5-1-1-600x450.jpeg 600w\" sizes=\"(max-width: 800px) 100vw, 800px\" \/><\/div><\/div><\/div><\/div><div class=\"flex_column av_one_full  flex_column_div av-zero-column-padding first  avia-builder-el-2  el_after_av_one_full  el_before_av_one_full  column-top-margin\" style='border-radius:0px; '><section class=\"av_textblock_section \"  itemscope=\"itemscope\" itemtype=\"https:\/\/schema.org\/BlogPosting\" itemprop=\"blogPost\" ><div class='avia_textblock  '   itemprop=\"text\" ><h2 class=\"title\" style=\"text-align: center;\"><span style=\"font-size: 18pt;\"><b><span lang=\"ES-TRAD\">En taller dirigido a trabajadoras de casa particular se difundi\u00f3 el Convenio 190 de erradicaci\u00f3n del acoso y violencia en espacios laborales y avances de la Ley Karin en el Congreso<\/span><\/b><\/span><\/h2>\n<div id=\"gtx-trans\" style=\"position: absolute; left: -50px; top: 4.31534px;\">\n<div class=\"gtx-trans-icon\"><\/div>\n<\/div>\n<\/div><\/section><\/div><div class=\"flex_column av_one_full  flex_column_div av-zero-column-padding first  avia-builder-el-4  el_after_av_one_full  el_before_av_hr  column-top-margin\" style='border-radius:0px; '><section class=\"av_textblock_section \"  itemscope=\"itemscope\" itemtype=\"https:\/\/schema.org\/BlogPosting\" itemprop=\"blogPost\" ><div class='avia_textblock  '   itemprop=\"text\" ><p style=\"text-align: justify;\"><i><span lang=\"ES-MX\">En el contexto de D\u00eda Internacional de la Eliminaci\u00f3n de la Violencia contra la Mujer, el Seremi del Trabajo y Previsi\u00f3n Social y el Instituto de Seguridad Laboral, ISL, dialogaron con el Sindicato ANECAP sobre la violencia en espacios laborales y autocuidado.<\/span><\/i><i><\/i><\/p>\n<p class=\"v1MsoNormal\" style=\"text-align: justify;\"><span lang=\"ES\">Coyhaique, 09 de diciembre 2023.- Una emotiva jornada de reflexi\u00f3n donde se abord\u00f3 la problem\u00e1tica de la violencia en los espacios laborales en el contexto del D\u00eda Internacional de la Eliminaci\u00f3n de la Violencia contra la Mujer y del Aniversario de las trabajadoras de casa particular del Sindicato ANECAP, el Seremi del Trabajo y Previsi\u00f3n Social, Rodrigo D\u00edaz Cordaro realiz\u00f3 una charla sobre la ratificaci\u00f3n e implementaci\u00f3n del Convenio 190 de la Organizaci\u00f3n Internacional del Trabajo, OIT, y los actuales avances de la ley Karin en el Congreso, junto al taller del Instituto de Seguridad Laboral, ISL, con respecto al autocuidado.<\/span><\/p>\n<p class=\"v1MsoNormal\" style=\"text-align: justify;\"><span lang=\"ES\">Seg\u00fan cifras de la Direcci\u00f3n del Trabajo, el 65% de las denunciantes por acoso laboral corresponden a mujeres. El 92% de las denuncias por acoso sexual ante este organismo, son realizadas por mujeres.<\/span><\/p>\n<p class=\"v1MsoNormal\" style=\"text-align: justify;\"><span lang=\"ES\">Chile ya ratific\u00f3 el Convenio 190 -ratificado por 36 pa\u00edses- es la primera normativa internacional que aborda la violencia y el acoso en el \u00e1mbito laboral y establece el derecho de toda persona a un mundo del trabajo libre de ellos, incluidos la violencia y acoso por raz\u00f3n de g\u00e9nero.<\/span><\/p>\n<p class=\"v1MsoNormal\" style=\"text-align: justify;\"><span lang=\"ES\">En este sentido, el Seremi de Trabajo y Previsi\u00f3n Social, Rodrigo D\u00edaz Cordaro, coment\u00f3 sobre la charla informativa y de sensibilizaci\u00f3n al respecto, \u00abComo Gobierno y como Ministerio del Trabajo y Previsi\u00f3n Social estamos trabajando por la erradicaci\u00f3n de la violencia contra la mujer, tambi\u00e9n estamos viendo con el avance y la implementaci\u00f3n del Convenio 190, que elimina la violencia y maltrato en los espacios laborales. Hoy junto a esta capacitaci\u00f3n que hace el Instituto de Seguridad Laboral, estamos totalmente alineados con esto, se\u00f1alando los derechos y acciones que ellas puedan ejercer, adem\u00e1s de la protecci\u00f3n y autocuidado que el Instituto de Seguridad Laboral, ISL, les aporta, ha sido una gran jornada en el contexto del programa del Presidente Boric\u00bb, estableci\u00f3 la autoridad, quien lider\u00f3 parte del di\u00e1logo realizado en la jornada.<\/span><\/p>\n<p class=\"v1MsoNormal\" style=\"text-align: justify;\"><span lang=\"ES\">En esta instancia se compartieron sentidas experiencias en torno a la violencia en el \u00e1mbito laboral y se revisaron herramientas de autocuidado, recalcando la importancia de tener redes de apoyo, a trav\u00e9s de un taller de autocuidado por parte del psic\u00f3logo del equipo del Instituto de Seguridad Laboral, ISL.<\/span><\/p>\n<p class=\"v1MsoNormal\" style=\"text-align: justify;\"><span lang=\"ES\">Sobre ello explic\u00f3 la directora regional, Claudia Vald\u00e9s, \u00abComo Instituto de Seguridad Laboral estamos hoy d\u00eda muy contentos de poder estar realizando y finalizando esta jornada y taller de autocuidado a cargo de un psic\u00f3logo del ISL, es cual estuvo dirigido a las trabajadoras de casa particular de Coyhaique, as\u00ed es que muy contenta por la actividad que se realiz\u00f3, donde compartimos experiencia, reforzando el tema de las buenas pr\u00e1cticas laborales y nuestro compromiso siempre como instituci\u00f3n son los espacios seguros y saludables, libres de violencia de g\u00e9nero, tambi\u00e9n nos acompa\u00f1\u00f3 el Seremi del Trabajo, don Rodrigo D\u00edaz, que tambi\u00e9n estuvo conversando sobre la ratificaci\u00f3n del Convenio 190. Muy agradecida y contenta con la jornada de trabajo que tuvimos el d\u00eda de hoy\u00bb.<\/span><\/p>\n<p class=\"v1MsoNormal\" style=\"text-align: justify;\"><span lang=\"ES\">A su vez, la presidenta de ANECAP filial Coyhaique, Magdalena Hueitra, coment\u00f3, \u00abEstuvo muy bonito el taller, agradecemos como representantes de las trabajadoras de casa particular de la regi\u00f3n de Ays\u00e9n al ISL y al Seremi del Trabajo por estar presentes junto a nosotras siempre y tener la oportunidad de realizar estos talleres que son muy informativos para cada una de nosotras y sobre todo, lo que se vivi\u00f3 hoy d\u00eda, que es sobre la violencia. Hoy seguimos con violencia, ya sea del tipo que sea, pero es violencia, y por eso nos sentimos muy agradecidas por este espacio\u00bb.<\/span><\/p>\n<p class=\"v1MsoNormal\" style=\"text-align: justify;\"><span lang=\"ES\">Uno de los temas que se trataron fue la Ley Karin y sus avances en el Congreso, proyecto de ley que modifica el C\u00f3digo del Trabajo en materia de prevenci\u00f3n, investigaci\u00f3n y sanci\u00f3n del acoso laboral. En los \u00faltimos d\u00edas, en la Comisi\u00f3n de Trabajo y Previsi\u00f3n Social del Senado se aprobaron por unanimidad nuevas indicaciones<a name=\"m_-6764929142574632924_OLE_LINK2\"><\/a><a name=\"m_-6764929142574632924_OLE_LINK1\"><\/a>, una de ellas relativas al plazo de 30 d\u00edas que tendr\u00e1 la Inspecci\u00f3n del Trabajo para pronunciarse sobre una denuncia por acoso laboral o sexual.\u00a0Cabe recordar que esta ley fue inspirada por el caso de Karin Salgado, t\u00e9cnico en enfermer\u00eda que se quit\u00f3 la vida el a\u00f1o 2019, luego de sufrir acoso laboral por parte de sus colegas y superiores en Chill\u00e1n.<\/span><\/p>\n<p class=\"v1MsoNormal\" style=\"text-align: justify;\"><span lang=\"ES\">En esta oportunidad tambi\u00e9n se valor\u00f3 la importante labor que realizan las trabajadoras de casa particular, en el d\u00eda de su aniversario, informando tambi\u00e9n sobre sus derechos y el Seguro Social contra Riesgos de Accidentes del Trabajo y Enfermedades Profesionales.<\/span><\/p>\n<\/div><\/section><\/div><div  style='height:50px' class='hr hr-invisible   avia-builder-el-6  el_after_av_one_full  el_before_av_social_share '><span class='hr-inner ' ><span class='hr-inner-style'><\/span><\/span><\/div><\/p>\n<div  class='av-social-sharing-box  avia-builder-el-7  el_after_av_hr  el_before_av_hr  '><div class='av-share-box'><h5 class='av-share-link-description av-no-toc '>Compartir esta noticia<\/h5><ul class='av-share-box-list noLightbox'><li class='av-share-link av-social-link-facebook' ><a target=\"_blank\" aria-label=\"Compartir en Facebook\" href='https:\/\/www.facebook.com\/sharer.php?u=https:\/\/radiorevelacionfm.cl\/?p=37843&#038;t=En%20taller%20dirigido%20a%20trabajadoras%20de%20casa%20particular%20se%20difundi%C3%B3%20el%20Convenio%20190%20de%20erradicaci%C3%B3n%20del%20acoso%20y%20violencia%20en%20espacios%20laborales%20y%20avances%20de%20la%20Ley%20Karin%20en%20el%20Congreso' aria-hidden='false' data-av_icon='\ue8f3' data-av_iconfont='entypo-fontello' title='' data-avia-related-tooltip='Compartir en Facebook' rel=\"noopener\"><span class='avia_hidden_link_text'>Compartir en Facebook<\/span><\/a><\/li><li class='av-share-link av-social-link-twitter' ><a target=\"_blank\" aria-label=\"Compartir en Twitter\" href='https:\/\/twitter.com\/share?text=En%20taller%20dirigido%20a%20trabajadoras%20de%20casa%20particular%20se%20difundi%C3%B3%20el%20Convenio%20190%20de%20erradicaci%C3%B3n%20del%20acoso%20y%20violencia%20en%20espacios%20laborales%20y%20avances%20de%20la%20Ley%20Karin%20en%20el%20Congreso&#038;url=https:\/\/radiorevelacionfm.cl\/?p=37843' aria-hidden='false' data-av_icon='\ue8f1' data-av_iconfont='entypo-fontello' title='' data-avia-related-tooltip='Compartir en Twitter' rel=\"noopener\"><span class='avia_hidden_link_text'>Compartir en Twitter<\/span><\/a><\/li><li class='av-share-link av-social-link-whatsapp' ><a target=\"_blank\" aria-label=\"Compartir en Whatsapp\" href='https:\/\/api.whatsapp.com\/send?text=https:\/\/radiorevelacionfm.cl\/?p=37843' aria-hidden='false' data-av_icon='\uf232' data-av_iconfont='entypo-fontello' title='' data-avia-related-tooltip='Compartir en Whatsapp' rel=\"noopener\"><span class='avia_hidden_link_text'>Compartir en Whatsapp<\/span><\/a><\/li><li class='av-share-link av-social-link-linkedin' ><a target=\"_blank\" aria-label=\"Compartir en LinkedIn\" href='https:\/\/linkedin.com\/shareArticle?mini=true&#038;title=En%20taller%20dirigido%20a%20trabajadoras%20de%20casa%20particular%20se%20difundi%C3%B3%20el%20Convenio%20190%20de%20erradicaci%C3%B3n%20del%20acoso%20y%20violencia%20en%20espacios%20laborales%20y%20avances%20de%20la%20Ley%20Karin%20en%20el%20Congreso&#038;url=https:\/\/radiorevelacionfm.cl\/?p=37843' aria-hidden='false' data-av_icon='\ue8fc' data-av_iconfont='entypo-fontello' title='' data-avia-related-tooltip='Compartir en LinkedIn' rel=\"noopener\"><span class='avia_hidden_link_text'>Compartir en LinkedIn<\/span><\/a><\/li><li class='av-share-link av-social-link-mail' ><a  aria-label=\"Compartir por correo\" href='mailto:?subject=En%20taller%20dirigido%20a%20trabajadoras%20de%20casa%20particular%20se%20difundi%C3%B3%20el%20Convenio%20190%20de%20erradicaci%C3%B3n%20del%20acoso%20y%20violencia%20en%20espacios%20laborales%20y%20avances%20de%20la%20Ley%20Karin%20en%20el%20Congreso&#038;body=https:\/\/radiorevelacionfm.cl\/?p=37843' aria-hidden='false' data-av_icon='\ue805' data-av_iconfont='entypo-fontello' title='' data-avia-related-tooltip='Compartir por correo'><span class='avia_hidden_link_text'>Compartir por correo<\/span><\/a><\/li><\/ul><\/div><\/div>\n<div  style='height:50px' class='hr hr-invisible   avia-builder-el-8  el_after_av_social_share  el_before_av_comments_list '><span class='hr-inner ' ><span class='hr-inner-style'><\/span><\/span><\/div>\n<div  class='av-buildercomment  av-blog-meta-html-info-disabled av-blog-meta-tag-disabled  '><\/div>\n","protected":false},"excerpt":{"rendered":"","protected":false},"author":1,"featured_media":37844,"comment_status":"open","ping_status":"open","sticky":false,"template":"","format":"standard","meta":{"footnotes":""},"categories":[38],"tags":[],"class_list":["post-37843","post","type-post","status-publish","format-standard","has-post-thumbnail","hentry","category-regional"],"jetpack_featured_media_url":"https:\/\/radiorevelacionfm.cl\/wp-content\/uploads\/2023\/12\/Taller_Convenio190_Autocuidado-5-1-1.jpeg","_links":{"self":[{"href":"https:\/\/radiorevelacionfm.cl\/index.php?rest_route=\/wp\/v2\/posts\/37843","targetHints":{"allow":["GET"]}}],"collection":[{"href":"https:\/\/radiorevelacionfm.cl\/index.php?rest_route=\/wp\/v2\/posts"}],"about":[{"href":"https:\/\/radiorevelacionfm.cl\/index.php?rest_route=\/wp\/v2\/types\/post"}],"author":[{"embeddable":true,"href":"https:\/\/radiorevelacionfm.cl\/index.php?rest_route=\/wp\/v2\/users\/1"}],"replies":[{"embeddable":true,"href":"https:\/\/radiorevelacionfm.cl\/index.php?rest_route=%2Fwp%2Fv2%2Fcomments&post=37843"}],"version-history":[{"count":1,"href":"https:\/\/radiorevelacionfm.cl\/index.php?rest_route=\/wp\/v2\/posts\/37843\/revisions"}],"predecessor-version":[{"id":37845,"href":"https:\/\/radiorevelacionfm.cl\/index.php?rest_route=\/wp\/v2\/posts\/37843\/revisions\/37845"}],"wp:featuredmedia":[{"embeddable":true,"href":"https:\/\/radiorevelacionfm.cl\/index.php?rest_route=\/wp\/v2\/media\/37844"}],"wp:attachment":[{"href":"https:\/\/radiorevelacionfm.cl\/index.php?rest_route=%2Fwp%2Fv2%2Fmedia&parent=37843"}],"wp:term":[{"taxonomy":"category","embeddable":true,"href":"https:\/\/radiorevelacionfm.cl\/index.php?rest_route=%2Fwp%2Fv2%2Fcategories&post=37843"},{"taxonomy":"post_tag","embeddable":true,"href":"https:\/\/radiorevelacionfm.cl\/index.php?rest_route=%2Fwp%2Fv2%2Ftags&post=37843"}],"curies":[{"name":"wp","href":"https:\/\/api.w.org\/{rel}","templated":true}]}}