{"id":37840,"date":"2023-12-11T10:51:18","date_gmt":"2023-12-11T13:51:18","guid":{"rendered":"https:\/\/radiorevelacionfm.cl\/?p=37840"},"modified":"2023-12-11T10:51:18","modified_gmt":"2023-12-11T13:51:18","slug":"finalizan-talleres-de-calidad-turistica-de-sernatur-orientados-a-prestadores-de-servicios-de-alojamiento-y-alimentacion","status":"publish","type":"post","link":"https:\/\/radiorevelacionfm.cl\/?p=37840","title":{"rendered":"Finalizan Talleres de Calidad Tur\u00edstica de SERNATUR orientados a prestadores de servicios de alojamiento y alimentaci\u00f3n"},"content":{"rendered":"<div class=\"flex_column av_one_full  flex_column_div av-zero-column-padding first  avia-builder-el-0  el_before_av_one_full  avia-builder-el-first  \" style='border-radius:0px; '><div  class='avia-image-container  av-styling-    avia-builder-el-1  avia-builder-el-no-sibling  avia-align-center '  itemprop=\"image\" itemscope=\"itemscope\" itemtype=\"https:\/\/schema.org\/ImageObject\"  ><div class='avia-image-container-inner'><div class='avia-image-overlay-wrap'><img decoding=\"async\" class='wp-image-37841 avia-img-lazy-loading-not-37841 avia_image' src=\"https:\/\/radiorevelacionfm.cl\/wp-content\/uploads\/2023\/12\/00CIERRE-CAPACITACIONES-Chile-Chico-1-1.jpg\" alt='' title='00CIERRE CAPACITACIONES Chile Chico (1) (1)' height=\"600\" width=\"1066\"  itemprop=\"thumbnailUrl\" srcset=\"https:\/\/radiorevelacionfm.cl\/wp-content\/uploads\/2023\/12\/00CIERRE-CAPACITACIONES-Chile-Chico-1-1.jpg 1066w, https:\/\/radiorevelacionfm.cl\/wp-content\/uploads\/2023\/12\/00CIERRE-CAPACITACIONES-Chile-Chico-1-1-300x169.jpg 300w, https:\/\/radiorevelacionfm.cl\/wp-content\/uploads\/2023\/12\/00CIERRE-CAPACITACIONES-Chile-Chico-1-1-1030x580.jpg 1030w, https:\/\/radiorevelacionfm.cl\/wp-content\/uploads\/2023\/12\/00CIERRE-CAPACITACIONES-Chile-Chico-1-1-768x432.jpg 768w, https:\/\/radiorevelacionfm.cl\/wp-content\/uploads\/2023\/12\/00CIERRE-CAPACITACIONES-Chile-Chico-1-1-705x397.jpg 705w, https:\/\/radiorevelacionfm.cl\/wp-content\/uploads\/2023\/12\/00CIERRE-CAPACITACIONES-Chile-Chico-1-1-450x253.jpg 450w, https:\/\/radiorevelacionfm.cl\/wp-content\/uploads\/2023\/12\/00CIERRE-CAPACITACIONES-Chile-Chico-1-1-600x338.jpg 600w\" sizes=\"(max-width: 1066px) 100vw, 1066px\" \/><\/div><\/div><\/div><\/div><div class=\"flex_column av_one_full  flex_column_div av-zero-column-padding first  avia-builder-el-2  el_after_av_one_full  el_before_av_one_full  column-top-margin\" style='border-radius:0px; '><section class=\"av_textblock_section \"  itemscope=\"itemscope\" itemtype=\"https:\/\/schema.org\/BlogPosting\" itemprop=\"blogPost\" ><div class='avia_textblock  '   itemprop=\"text\" ><p style=\"text-align: center;\"><span style=\"font-size: 18pt;\"><strong>Finalizan Talleres de Calidad Tur\u00edstica de SERNATUR orientados a prestadores de servicios de alojamiento y alimentaci\u00f3n<\/strong><\/span><\/p>\n<div id=\"gtx-trans\" style=\"position: absolute; left: -50px; top: 4.31534px;\">\n<div class=\"gtx-trans-icon\"><\/div>\n<\/div>\n<\/div><\/section><\/div><div class=\"flex_column av_one_full  flex_column_div av-zero-column-padding first  avia-builder-el-4  el_after_av_one_full  el_before_av_hr  column-top-margin\" style='border-radius:0px; '><section class=\"av_textblock_section \"  itemscope=\"itemscope\" itemtype=\"https:\/\/schema.org\/BlogPosting\" itemprop=\"blogPost\" ><div class='avia_textblock  '   itemprop=\"text\" ><p style=\"text-align: justify;\"><em>Un grupo de expertos recorri\u00f3 ocho distintas ciudades de la regi\u00f3n de Ays\u00e9n, realizando talleres de capacitaci\u00f3n en calidad tur\u00edstica y primeros auxilios para servicios de alojamiento y alimentaci\u00f3n.\u00a0 <\/em><\/p>\n<p style=\"text-align: justify;\">Durante el mes de noviembre, en el norte y sur de la regi\u00f3n de Ays\u00e9n, se realiz\u00f3 el proyecto \u201c<em>Talleres de Capacitaci\u00f3n para el Fortalecimiento de la Gesti\u00f3n Tur\u00edstica de Establecimientos de alojamiento y alimentaci\u00f3n, destino Ays\u00e9n-Patagonia<\/em>\u201d, dedicado a operadores tur\u00edsticos que quisieran fortalecer su oferta.<\/p>\n<p style=\"text-align: justify;\">En la ceremonia de cierre efectuada en Chile Chico, Claudio Montecinos Angulo, director regional SERNATUR Ays\u00e9n expres\u00f3 estar muy contento, porque a trav\u00e9s de estas capacitaciones,\u00a0 es posible responder a una necesidad de los empresarios regionales, que es fortalecer la oferta tur\u00edstica y ofrecer un mejor servicio a los visitantes. \u201cFue un mes de capacitaciones donde asistieron m\u00e1s de 160 empresarios, empresarias y trabajadores del rubro, lo que significa que podemos diversificar la oferta y mejorar la experiencia del turista, y por tanto, aumentar el n\u00famero de visitantes y posicionar a nuestro distinto Ays\u00e9n Patagonia en el mercado nacional e internacional\u201d, indic\u00f3.<\/p>\n<p style=\"text-align: justify;\">En el cierre tambi\u00e9n particip\u00f3 delegado Presidencial Provincial de General Carrera, Crist\u00f3bal Barcel\u00f3 Veas, que agradeci\u00f3 la instancia porque visibiliza el polo como atractivo tur\u00edstico. \u201cTenemos el Parque Patagonia y los senderos de Ruta Jeinimeni y estas capacitaciones nos llaman a seguir trabajando. La intenci\u00f3n de los servicios, Sernatur y el Gobierno Regional es generar mayores instancias y ofertas para que los y las turistas se queden m\u00e1s d\u00edas y eso viene a ser una importante inyecci\u00f3n econ\u00f3mica para los territorios\u201d, afirm\u00f3.<\/p>\n<p style=\"text-align: justify;\">En ese sentido, Dayanna Guti\u00e9rrez Montilla, due\u00f1a del local Patagonia Tropical en Puerto R\u00edo Tranquilo, dijo que el mayor desaf\u00edo es entender que en turismo no podemos estar aislados. \u201cTenemos que trabajar en forma coordinada y mancomunadamente, porque si doy un servicio gastron\u00f3mico de calidad significa que puedo influir en que un turista se quede un d\u00eda m\u00e1s, y eso tambi\u00e9n va en beneficio de quien ofrece hospedaje\u201d, reflexion\u00f3.<\/p>\n<p style=\"text-align: justify;\">Por otra parte, el poder reunir a los operadores tur\u00edsticos en sus localidades result\u00f3 ser una oportunidad para generar contactos y crear redes de colaboraci\u00f3n mutua. \u201cFue una oportunidad para hacer redes de contacto y entender que en el turismo no se improvisa\u201d, afirm\u00f3 Mar\u00eda Victoria Villegas propietaria de Tori Banqueteria de Puerto Ays\u00e9n.<\/p>\n<p style=\"text-align: justify;\">El ciclo de talleres cont\u00f3 con el financiamiento del Gobierno Regional de Ays\u00e9n y su Consejo, a trav\u00e9s del Programa FNDR \u00abGesti\u00f3n del Destino Tur\u00edstico Ays\u00e9n Patagonia\u00bb, los que se dictaron en las localidades de La Junta y Puerto Cisnes, por el norte; Coyhaique y Puerto Ays\u00e9n, en la zona centro; y en el sur, Puerto R\u00edo Tranquilo, Cochrane, Villa O\u2019Higgins y Chile Chico.<\/p>\n<\/div><\/section><\/div><div  style='height:50px' class='hr hr-invisible   avia-builder-el-6  el_after_av_one_full  el_before_av_social_share '><span class='hr-inner ' ><span class='hr-inner-style'><\/span><\/span><\/div><\/p>\n<div  class='av-social-sharing-box  avia-builder-el-7  el_after_av_hr  el_before_av_hr  '><div class='av-share-box'><h5 class='av-share-link-description av-no-toc '>Compartir esta noticia<\/h5><ul class='av-share-box-list noLightbox'><li class='av-share-link av-social-link-facebook' ><a target=\"_blank\" aria-label=\"Compartir en Facebook\" href='https:\/\/www.facebook.com\/sharer.php?u=https:\/\/radiorevelacionfm.cl\/?p=37840&#038;t=Finalizan%20Talleres%20de%20Calidad%20Tur%C3%ADstica%20de%20SERNATUR%20orientados%20a%20prestadores%20de%20servicios%20de%20alojamiento%20y%20alimentaci%C3%B3n' aria-hidden='false' data-av_icon='\ue8f3' data-av_iconfont='entypo-fontello' title='' data-avia-related-tooltip='Compartir en Facebook' rel=\"noopener\"><span class='avia_hidden_link_text'>Compartir en Facebook<\/span><\/a><\/li><li class='av-share-link av-social-link-twitter' ><a target=\"_blank\" aria-label=\"Compartir en Twitter\" href='https:\/\/twitter.com\/share?text=Finalizan%20Talleres%20de%20Calidad%20Tur%C3%ADstica%20de%20SERNATUR%20orientados%20a%20prestadores%20de%20servicios%20de%20alojamiento%20y%20alimentaci%C3%B3n&#038;url=https:\/\/radiorevelacionfm.cl\/?p=37840' aria-hidden='false' data-av_icon='\ue8f1' data-av_iconfont='entypo-fontello' title='' data-avia-related-tooltip='Compartir en Twitter' rel=\"noopener\"><span class='avia_hidden_link_text'>Compartir en Twitter<\/span><\/a><\/li><li class='av-share-link av-social-link-whatsapp' ><a target=\"_blank\" aria-label=\"Compartir en Whatsapp\" href='https:\/\/api.whatsapp.com\/send?text=https:\/\/radiorevelacionfm.cl\/?p=37840' aria-hidden='false' data-av_icon='\uf232' data-av_iconfont='entypo-fontello' title='' data-avia-related-tooltip='Compartir en Whatsapp' rel=\"noopener\"><span class='avia_hidden_link_text'>Compartir en Whatsapp<\/span><\/a><\/li><li class='av-share-link av-social-link-linkedin' ><a target=\"_blank\" aria-label=\"Compartir en LinkedIn\" href='https:\/\/linkedin.com\/shareArticle?mini=true&#038;title=Finalizan%20Talleres%20de%20Calidad%20Tur%C3%ADstica%20de%20SERNATUR%20orientados%20a%20prestadores%20de%20servicios%20de%20alojamiento%20y%20alimentaci%C3%B3n&#038;url=https:\/\/radiorevelacionfm.cl\/?p=37840' aria-hidden='false' data-av_icon='\ue8fc' data-av_iconfont='entypo-fontello' title='' data-avia-related-tooltip='Compartir en LinkedIn' rel=\"noopener\"><span class='avia_hidden_link_text'>Compartir en LinkedIn<\/span><\/a><\/li><li class='av-share-link av-social-link-mail' ><a  aria-label=\"Compartir por correo\" href='mailto:?subject=Finalizan%20Talleres%20de%20Calidad%20Tur%C3%ADstica%20de%20SERNATUR%20orientados%20a%20prestadores%20de%20servicios%20de%20alojamiento%20y%20alimentaci%C3%B3n&#038;body=https:\/\/radiorevelacionfm.cl\/?p=37840' aria-hidden='false' data-av_icon='\ue805' data-av_iconfont='entypo-fontello' title='' data-avia-related-tooltip='Compartir por correo'><span class='avia_hidden_link_text'>Compartir por correo<\/span><\/a><\/li><\/ul><\/div><\/div>\n<div  style='height:50px' class='hr hr-invisible   avia-builder-el-8  el_after_av_social_share  el_before_av_comments_list '><span class='hr-inner ' ><span class='hr-inner-style'><\/span><\/span><\/div>\n<div  class='av-buildercomment  av-blog-meta-html-info-disabled av-blog-meta-tag-disabled  '><\/div>\n","protected":false},"excerpt":{"rendered":"","protected":false},"author":1,"featured_media":37841,"comment_status":"open","ping_status":"open","sticky":false,"template":"","format":"standard","meta":{"footnotes":""},"categories":[38,54],"tags":[],"class_list":["post-37840","post","type-post","status-publish","format-standard","has-post-thumbnail","hentry","category-regional","category-turismo"],"jetpack_featured_media_url":"https:\/\/radiorevelacionfm.cl\/wp-content\/uploads\/2023\/12\/00CIERRE-CAPACITACIONES-Chile-Chico-1-1.jpg","_links":{"self":[{"href":"https:\/\/radiorevelacionfm.cl\/index.php?rest_route=\/wp\/v2\/posts\/37840","targetHints":{"allow":["GET"]}}],"collection":[{"href":"https:\/\/radiorevelacionfm.cl\/index.php?rest_route=\/wp\/v2\/posts"}],"about":[{"href":"https:\/\/radiorevelacionfm.cl\/index.php?rest_route=\/wp\/v2\/types\/post"}],"author":[{"embeddable":true,"href":"https:\/\/radiorevelacionfm.cl\/index.php?rest_route=\/wp\/v2\/users\/1"}],"replies":[{"embeddable":true,"href":"https:\/\/radiorevelacionfm.cl\/index.php?rest_route=%2Fwp%2Fv2%2Fcomments&post=37840"}],"version-history":[{"count":1,"href":"https:\/\/radiorevelacionfm.cl\/index.php?rest_route=\/wp\/v2\/posts\/37840\/revisions"}],"predecessor-version":[{"id":37842,"href":"https:\/\/radiorevelacionfm.cl\/index.php?rest_route=\/wp\/v2\/posts\/37840\/revisions\/37842"}],"wp:featuredmedia":[{"embeddable":true,"href":"https:\/\/radiorevelacionfm.cl\/index.php?rest_route=\/wp\/v2\/media\/37841"}],"wp:attachment":[{"href":"https:\/\/radiorevelacionfm.cl\/index.php?rest_route=%2Fwp%2Fv2%2Fmedia&parent=37840"}],"wp:term":[{"taxonomy":"category","embeddable":true,"href":"https:\/\/radiorevelacionfm.cl\/index.php?rest_route=%2Fwp%2Fv2%2Fcategories&post=37840"},{"taxonomy":"post_tag","embeddable":true,"href":"https:\/\/radiorevelacionfm.cl\/index.php?rest_route=%2Fwp%2Fv2%2Ftags&post=37840"}],"curies":[{"name":"wp","href":"https:\/\/api.w.org\/{rel}","templated":true}]}}