{"id":37837,"date":"2023-12-11T10:41:37","date_gmt":"2023-12-11T13:41:37","guid":{"rendered":"https:\/\/radiorevelacionfm.cl\/?p=37837"},"modified":"2023-12-11T10:41:37","modified_gmt":"2023-12-11T13:41:37","slug":"la-comunidad-de-aysen-repleto-la-plaza-de-armas-en-el-encendido-de-luces-navidenas","status":"publish","type":"post","link":"https:\/\/radiorevelacionfm.cl\/?p=37837","title":{"rendered":"La comunidad de Ays\u00e9n replet\u00f3 la Plaza de Armas en el encendido de luces navide\u00f1as"},"content":{"rendered":"<div class=\"flex_column av_one_full  flex_column_div av-zero-column-padding first  avia-builder-el-0  el_before_av_one_full  avia-builder-el-first  \" style='border-radius:0px; '><div  class='avia-image-container  av-styling-    avia-builder-el-1  avia-builder-el-no-sibling  avia-align-center '  itemprop=\"image\" itemscope=\"itemscope\" itemtype=\"https:\/\/schema.org\/ImageObject\"  ><div class='avia-image-container-inner'><div class='avia-image-overlay-wrap'><img decoding=\"async\" class='wp-image-37838 avia-img-lazy-loading-not-37838 avia_image' src=\"https:\/\/radiorevelacionfm.cl\/wp-content\/uploads\/2023\/12\/encendido-luces-aysen-6-1_optimized.jpeg\" alt='' title='encendido-luces-aysen-6-(1)_optimized' height=\"600\" width=\"800\"  itemprop=\"thumbnailUrl\" srcset=\"https:\/\/radiorevelacionfm.cl\/wp-content\/uploads\/2023\/12\/encendido-luces-aysen-6-1_optimized.jpeg 800w, https:\/\/radiorevelacionfm.cl\/wp-content\/uploads\/2023\/12\/encendido-luces-aysen-6-1_optimized-300x225.jpeg 300w, https:\/\/radiorevelacionfm.cl\/wp-content\/uploads\/2023\/12\/encendido-luces-aysen-6-1_optimized-768x576.jpeg 768w, https:\/\/radiorevelacionfm.cl\/wp-content\/uploads\/2023\/12\/encendido-luces-aysen-6-1_optimized-705x529.jpeg 705w, https:\/\/radiorevelacionfm.cl\/wp-content\/uploads\/2023\/12\/encendido-luces-aysen-6-1_optimized-450x338.jpeg 450w, https:\/\/radiorevelacionfm.cl\/wp-content\/uploads\/2023\/12\/encendido-luces-aysen-6-1_optimized-600x450.jpeg 600w\" sizes=\"(max-width: 800px) 100vw, 800px\" \/><\/div><\/div><\/div><\/div><div class=\"flex_column av_one_full  flex_column_div av-zero-column-padding first  avia-builder-el-2  el_after_av_one_full  el_before_av_one_full  column-top-margin\" style='border-radius:0px; '><section class=\"av_textblock_section \"  itemscope=\"itemscope\" itemtype=\"https:\/\/schema.org\/BlogPosting\" itemprop=\"blogPost\" ><div class='avia_textblock  '   itemprop=\"text\" ><p style=\"text-align: center;\"><strong><span style=\"font-size: 18pt;\">La comunidad de Ays\u00e9n replet\u00f3 la Plaza de Armas en el encendido de luces navide\u00f1as<\/span><\/strong><\/p>\n<div id=\"gtx-trans\" style=\"position: absolute; left: -50px; top: 4.31534px;\">\n<div class=\"gtx-trans-icon\"><\/div>\n<\/div>\n<\/div><\/section><\/div><div class=\"flex_column av_one_full  flex_column_div av-zero-column-padding first  avia-builder-el-4  el_after_av_one_full  el_before_av_hr  column-top-margin\" style='border-radius:0px; '><section class=\"av_textblock_section \"  itemscope=\"itemscope\" itemtype=\"https:\/\/schema.org\/BlogPosting\" itemprop=\"blogPost\" ><div class='avia_textblock  '   itemprop=\"text\" ><p style=\"text-align: justify;\"><em>Los ni\u00f1os y sus familiares felices con esta actividad y la sorpresiva llegada, desde las alturas, del \u201cViejito Pascuero\u201d. Un gran trabajo del equipo de la Municipalidad de Ays\u00e9n, donde destacan, DAOMA, DIDECO, Comunicaciones y \u00c1reas Verdes.\u00a0<\/em><\/p>\n<p style=\"text-align: justify;\"><strong>\u00a0<\/strong>El principal paseo p\u00fablico de Puerto Ays\u00e9n, la Plaza de Armas, fue el punto de encuentro de cientos de familias que repletaron este espacio para ser parte, por tercer a\u00f1o consecutivo, del encendido de luces navide\u00f1as, que destaca por un gran y llamativo \u00e1rbol en medio del lugar.<\/p>\n<p style=\"text-align: justify;\">La actividad fue acompa\u00f1ada por la orquesta infantil dirigida por la profesora Patricia Araya, la Banda Benem\u00e9rita de Carabineros de Ays\u00e9n, Villancicos interpretados por ni\u00f1os de la comuna, folclore con el grupo Aires de la Patagonia, el Ballet La Brava Studio y el mago \u201cBenjam\u00edn\u201d.<\/p>\n<p style=\"text-align: justify;\">El Alcalde de la comuna de Ays\u00e9n, Julio Uribe, valor\u00f3 la participaci\u00f3n de la comunidad, las organizaciones e instituciones de la ciudad en jornada, pero tambi\u00e9n, relev\u00f3 el trabajo del equipo municipal que permiti\u00f3 nuevamente deleitar a la comunidad y a los visitantes con un lindo espect\u00e1culo.<\/p>\n<p style=\"text-align: justify;\">\u201cMuy contentos, hoy nuevamente hacemos este evento del encendido de luces, ya por tercer a\u00f1o lo estamos realizando. Para m\u00ed, es muy importante la alegr\u00eda de los ni\u00f1os, pero as\u00ed mismo, el trabajo que hay detr\u00e1s de cada una de estas maravillosas figuras de navidad, ya que, cada vez es m\u00e1s grande el trabajo de nuestros profesionales de DAOMA, pero tambi\u00e9n toda la parte art\u00edstica que organiz\u00f3 DIDECO, es muy importante. Las orquestas infantiles que tuvieron escenario, la Banda de Carabineros, el Coro Infantil de la escuela Ays\u00e9n, todos han engalanado este d\u00eda\u201d.<\/p>\n<p style=\"text-align: justify;\">Desde las alturas y como gran sorpresa de la jornada lleg\u00f3 el \u201cViejito Pascuero\u201d, quien comparti\u00f3 con los ni\u00f1os y ni\u00f1as que llegaron hasta la Plaza de Puerto Ays\u00e9n y rescat\u00f3 el trabajo de los funcionarios municipales, \u201cperm\u00edtanme un saludo y felicitaciones a todos los funcionarios municipales, en especial a los de DAOMA y las se\u00f1oritas de \u00e1reas verdes, que se han sacado el sombrero para estar con nosotros. Y decirles a los ni\u00f1os de todo coraz\u00f3n, que traemos alegr\u00eda y paz para todos\u201d.<\/p>\n<p style=\"text-align: justify;\">Anita Bustamante, vecina, dirigenta vecinal de Chacabuco y madre de una de las ni\u00f1as que participa en la orquesta infantil, se mostr\u00f3 contenta de haber sido parte nuevamente de esta linda actividad de encendido de luces navide\u00f1as, que incluy\u00f3 la llegada del Viejito Pascuero. \u201cMuy bonita la iniciativa, vine, adem\u00e1s, porque mi hija toca el viol\u00edn en la orquesta. Venimos todos los a\u00f1os al encendido de luces de Puerto Ays\u00e9n, muy agradecida de todo el personal de la Municipalidad y mis hijos quedaron felices con los dulces\u201d.<\/p>\n<p style=\"text-align: justify;\">Es importante recalcar el gran trabajo del equipo de la Municipalidad de Ays\u00e9n, quienes lograron organizar una linda actividad con masiva concurrencia de las familias de Puerto Ays\u00e9n, pero tambi\u00e9n de otras localidades de la comuna y regi\u00f3n.<\/p>\n<\/div><\/section><\/div><div  style='height:50px' class='hr hr-invisible   avia-builder-el-6  el_after_av_one_full  el_before_av_social_share '><span class='hr-inner ' ><span class='hr-inner-style'><\/span><\/span><\/div><\/p>\n<div  class='av-social-sharing-box  avia-builder-el-7  el_after_av_hr  el_before_av_hr  '><div class='av-share-box'><h5 class='av-share-link-description av-no-toc '>Compartir esta noticia<\/h5><ul class='av-share-box-list noLightbox'><li class='av-share-link av-social-link-facebook' ><a target=\"_blank\" aria-label=\"Compartir en Facebook\" href='https:\/\/www.facebook.com\/sharer.php?u=https:\/\/radiorevelacionfm.cl\/?p=37837&#038;t=La%20comunidad%20de%20Ays%C3%A9n%20replet%C3%B3%20la%20Plaza%20de%20Armas%20en%20el%20encendido%20de%20luces%20navide%C3%B1as' aria-hidden='false' data-av_icon='\ue8f3' data-av_iconfont='entypo-fontello' title='' data-avia-related-tooltip='Compartir en Facebook' rel=\"noopener\"><span class='avia_hidden_link_text'>Compartir en Facebook<\/span><\/a><\/li><li class='av-share-link av-social-link-twitter' ><a target=\"_blank\" aria-label=\"Compartir en Twitter\" href='https:\/\/twitter.com\/share?text=La%20comunidad%20de%20Ays%C3%A9n%20replet%C3%B3%20la%20Plaza%20de%20Armas%20en%20el%20encendido%20de%20luces%20navide%C3%B1as&#038;url=https:\/\/radiorevelacionfm.cl\/?p=37837' aria-hidden='false' data-av_icon='\ue8f1' data-av_iconfont='entypo-fontello' title='' data-avia-related-tooltip='Compartir en Twitter' rel=\"noopener\"><span class='avia_hidden_link_text'>Compartir en Twitter<\/span><\/a><\/li><li class='av-share-link av-social-link-whatsapp' ><a target=\"_blank\" aria-label=\"Compartir en Whatsapp\" href='https:\/\/api.whatsapp.com\/send?text=https:\/\/radiorevelacionfm.cl\/?p=37837' aria-hidden='false' data-av_icon='\uf232' data-av_iconfont='entypo-fontello' title='' data-avia-related-tooltip='Compartir en Whatsapp' rel=\"noopener\"><span class='avia_hidden_link_text'>Compartir en Whatsapp<\/span><\/a><\/li><li class='av-share-link av-social-link-linkedin' ><a target=\"_blank\" aria-label=\"Compartir en LinkedIn\" href='https:\/\/linkedin.com\/shareArticle?mini=true&#038;title=La%20comunidad%20de%20Ays%C3%A9n%20replet%C3%B3%20la%20Plaza%20de%20Armas%20en%20el%20encendido%20de%20luces%20navide%C3%B1as&#038;url=https:\/\/radiorevelacionfm.cl\/?p=37837' aria-hidden='false' data-av_icon='\ue8fc' data-av_iconfont='entypo-fontello' title='' data-avia-related-tooltip='Compartir en LinkedIn' rel=\"noopener\"><span class='avia_hidden_link_text'>Compartir en LinkedIn<\/span><\/a><\/li><li class='av-share-link av-social-link-mail' ><a  aria-label=\"Compartir por correo\" href='mailto:?subject=La%20comunidad%20de%20Ays%C3%A9n%20replet%C3%B3%20la%20Plaza%20de%20Armas%20en%20el%20encendido%20de%20luces%20navide%C3%B1as&#038;body=https:\/\/radiorevelacionfm.cl\/?p=37837' aria-hidden='false' data-av_icon='\ue805' data-av_iconfont='entypo-fontello' title='' data-avia-related-tooltip='Compartir por correo'><span class='avia_hidden_link_text'>Compartir por correo<\/span><\/a><\/li><\/ul><\/div><\/div>\n<div  style='height:50px' class='hr hr-invisible   avia-builder-el-8  el_after_av_social_share  el_before_av_comments_list '><span class='hr-inner ' ><span class='hr-inner-style'><\/span><\/span><\/div>\n<div  class='av-buildercomment  av-blog-meta-html-info-disabled av-blog-meta-tag-disabled  '><\/div>\n","protected":false},"excerpt":{"rendered":"","protected":false},"author":1,"featured_media":37838,"comment_status":"open","ping_status":"open","sticky":false,"template":"","format":"standard","meta":{"footnotes":""},"categories":[38],"tags":[],"class_list":["post-37837","post","type-post","status-publish","format-standard","has-post-thumbnail","hentry","category-regional"],"jetpack_featured_media_url":"https:\/\/radiorevelacionfm.cl\/wp-content\/uploads\/2023\/12\/encendido-luces-aysen-6-1_optimized.jpeg","_links":{"self":[{"href":"https:\/\/radiorevelacionfm.cl\/index.php?rest_route=\/wp\/v2\/posts\/37837","targetHints":{"allow":["GET"]}}],"collection":[{"href":"https:\/\/radiorevelacionfm.cl\/index.php?rest_route=\/wp\/v2\/posts"}],"about":[{"href":"https:\/\/radiorevelacionfm.cl\/index.php?rest_route=\/wp\/v2\/types\/post"}],"author":[{"embeddable":true,"href":"https:\/\/radiorevelacionfm.cl\/index.php?rest_route=\/wp\/v2\/users\/1"}],"replies":[{"embeddable":true,"href":"https:\/\/radiorevelacionfm.cl\/index.php?rest_route=%2Fwp%2Fv2%2Fcomments&post=37837"}],"version-history":[{"count":1,"href":"https:\/\/radiorevelacionfm.cl\/index.php?rest_route=\/wp\/v2\/posts\/37837\/revisions"}],"predecessor-version":[{"id":37839,"href":"https:\/\/radiorevelacionfm.cl\/index.php?rest_route=\/wp\/v2\/posts\/37837\/revisions\/37839"}],"wp:featuredmedia":[{"embeddable":true,"href":"https:\/\/radiorevelacionfm.cl\/index.php?rest_route=\/wp\/v2\/media\/37838"}],"wp:attachment":[{"href":"https:\/\/radiorevelacionfm.cl\/index.php?rest_route=%2Fwp%2Fv2%2Fmedia&parent=37837"}],"wp:term":[{"taxonomy":"category","embeddable":true,"href":"https:\/\/radiorevelacionfm.cl\/index.php?rest_route=%2Fwp%2Fv2%2Fcategories&post=37837"},{"taxonomy":"post_tag","embeddable":true,"href":"https:\/\/radiorevelacionfm.cl\/index.php?rest_route=%2Fwp%2Fv2%2Ftags&post=37837"}],"curies":[{"name":"wp","href":"https:\/\/api.w.org\/{rel}","templated":true}]}}