{"id":37834,"date":"2023-12-11T10:28:11","date_gmt":"2023-12-11T13:28:11","guid":{"rendered":"https:\/\/radiorevelacionfm.cl\/?p=37834"},"modified":"2023-12-11T10:28:11","modified_gmt":"2023-12-11T13:28:11","slug":"seremi-del-mop-aseguro-vamos-a-duplicar-la-inversion-vial-en-la-provincia-capitan-prat","status":"publish","type":"post","link":"https:\/\/radiorevelacionfm.cl\/?p=37834","title":{"rendered":"Seremi del MOP asegur\u00f3: \u201cVamos a duplicar la inversi\u00f3n vial en la Provincia Capit\u00e1n Prat\u201d"},"content":{"rendered":"<div class=\"flex_column av_one_full  flex_column_div av-zero-column-padding first  avia-builder-el-0  el_before_av_one_full  avia-builder-el-first  \" style='border-radius:0px; '><div  class='avia-image-container  av-styling-    avia-builder-el-1  avia-builder-el-no-sibling  avia-align-center '  itemprop=\"image\" itemscope=\"itemscope\" itemtype=\"https:\/\/schema.org\/ImageObject\"  ><div class='avia-image-container-inner'><div class='avia-image-overlay-wrap'><img decoding=\"async\" class='wp-image-37835 avia-img-lazy-loading-not-37835 avia_image' src=\"https:\/\/radiorevelacionfm.cl\/wp-content\/uploads\/2023\/12\/img_5429-1_optimized.jpg\" alt='' title='img_5429-(1)_optimized' height=\"600\" width=\"900\"  itemprop=\"thumbnailUrl\" srcset=\"https:\/\/radiorevelacionfm.cl\/wp-content\/uploads\/2023\/12\/img_5429-1_optimized.jpg 900w, https:\/\/radiorevelacionfm.cl\/wp-content\/uploads\/2023\/12\/img_5429-1_optimized-300x200.jpg 300w, https:\/\/radiorevelacionfm.cl\/wp-content\/uploads\/2023\/12\/img_5429-1_optimized-768x512.jpg 768w, https:\/\/radiorevelacionfm.cl\/wp-content\/uploads\/2023\/12\/img_5429-1_optimized-705x470.jpg 705w, https:\/\/radiorevelacionfm.cl\/wp-content\/uploads\/2023\/12\/img_5429-1_optimized-450x300.jpg 450w, https:\/\/radiorevelacionfm.cl\/wp-content\/uploads\/2023\/12\/img_5429-1_optimized-600x400.jpg 600w\" sizes=\"(max-width: 900px) 100vw, 900px\" \/><\/div><\/div><\/div><\/div><div class=\"flex_column av_one_full  flex_column_div av-zero-column-padding first  avia-builder-el-2  el_after_av_one_full  el_before_av_one_full  column-top-margin\" style='border-radius:0px; '><section class=\"av_textblock_section \"  itemscope=\"itemscope\" itemtype=\"https:\/\/schema.org\/BlogPosting\" itemprop=\"blogPost\" ><div class='avia_textblock  '   itemprop=\"text\" ><p style=\"text-align: center;\"><span style=\"font-size: 18pt;\"><strong>Seremi del MOP asegur\u00f3: \u201cVamos a duplicar la inversi\u00f3n vial en la Provincia Capit\u00e1n Prat\u201d<\/strong><\/span><\/p>\n<div id=\"gtx-trans\" style=\"position: absolute; left: -50px; top: 4.31534px;\">\n<div class=\"gtx-trans-icon\"><\/div>\n<\/div>\n<\/div><\/section><\/div><div class=\"flex_column av_one_full  flex_column_div av-zero-column-padding first  avia-builder-el-4  el_after_av_one_full  el_before_av_hr  column-top-margin\" style='border-radius:0px; '><section class=\"av_textblock_section \"  itemscope=\"itemscope\" itemtype=\"https:\/\/schema.org\/BlogPosting\" itemprop=\"blogPost\" ><div class='avia_textblock  '   itemprop=\"text\" ><p style=\"text-align: justify;\">El Secretario Regional Ministerial de Obras P\u00fablicas, Patricio Sanhueza Ulloa, junto a la Delegada Presidencial de la Provincia Capit\u00e1n Prat Marta Montiel Alarc\u00f3n, el Director Regional de Vialidad MOP Renzo Sanders Cort\u00e9s y el Jefe de la Oficina de Vialidad Provincial Capit\u00e1n Prat Juan Carlos B\u00f3rquez y equipo, esta semana realizaron una inspecci\u00f3n para constatar los avances en los trabajos de pavimentaci\u00f3n con sello asf\u00e1ltico y\/o suelo cemento.<\/p>\n<p style=\"text-align: justify;\">Las autoridades junto con saludar a los equipos y recorrer las obras, pudieron apreciar en terreno la llegada y el acopio de materiales para dar comienzo a las faenas de pavimentaci\u00f3n de nuevos tramos durante el a\u00f1o 2024. As\u00ed lo anunci\u00f3 el SEREMI del MOP, quien destac\u00f3 que se va a duplicar la inversi\u00f3n en la provincia Capit\u00e1n Prat.<\/p>\n<p style=\"text-align: justify;\">\u201cEstamos viendo el gran avance que tiene el equipo de la Oficina Provincial de Vialidad en Cochrane, con la adquisici\u00f3n de nuevo equipamiento, nueva infraestructura, y una compra voluminosa de insumos para seguir avanzando en la aplicaci\u00f3n de soluciones con sellos asf\u00e1lticos y suelos cemento este 2023 y el pr\u00f3ximo a\u00f1o 2024, en donde vamos a duplicar la inversi\u00f3n en la provincia de Capit\u00e1n Prat, porque como nos lo ha pedido el presidente Boric y la ministra Jessica L\u00f3pez esta es la f\u00f3rmula que hemos decidido implementar para avanzar m\u00e1s r\u00e1pidamente en el mejoramiento y pavimentaci\u00f3n de los caminos y con ello mejorar las condiciones de vida de las personas, as\u00ed que nuestro compromiso es claro en esta materia y los equipos se est\u00e1n preparando para cumplir con esto.\u00a0 Por lo pronto, hoy en los caminos El Vertedero, Reserva Tamango, Escualo, desde Cochrane al puente Escobar la pavimentaci\u00f3n con esta t\u00e9cnica ya se encuentra terminada y 1,5 km resta finalizar en la ruta 7 salida sur de Cochrane con pavimento hasta el cruce al camino a San Lorenzo, trabajos ser\u00e1n finalizados en los pr\u00f3ximos d\u00edas totalizando, de acuerdo a lo programado, con la ejecuci\u00f3n para este a\u00f1o que de 10 km en estas obras. Durante el verano vamos a continuar con la pavimentaci\u00f3n desde el puente Chacabuco hasta el l\u00edmite sur con el Parque Patagonia en una extensi\u00f3n de nueve kil\u00f3metros y esperamos en el primer trimestre del 2024 abordar un tramo m\u00e1s de siete kil\u00f3metros hacia el sector San Lorenzo, con este mismo tipo de soluciones\u201d, anunci\u00f3 la autoridad regional de Obras P\u00fablicas.<\/p>\n<p style=\"text-align: justify;\">El director regional de Vialidad del MOP Renzo Sanders Cort\u00e9s y el Jefe de la Oficina de Vialidad Provincia Capit\u00e1n Prat \u00a0Juan Carlos B\u00f3rquez agregaron que \u201cla inversi\u00f3n que se ha hecho este a\u00f1o en este tipo de obras alcanza los 2.500 millones, y se complementa con la pavimentaci\u00f3n que vamos a materializar en la Ruta 7.\u00a0 Hoy estamos recibiendo materiales para las faenas que vamos a ejecutar el primer trimestre del a\u00f1o 2024 por lo tanto, contamos con una gran cantidad de cemento y de emulsiones tambi\u00e9n, as\u00ed que con esta soluci\u00f3n y nuestros equipos vamos a poder llegar con la pavimentaci\u00f3n de caminos a muchas localidades\u201d, aseguraron los directivos MOP<\/p>\n<p style=\"text-align: justify;\">Por su parte, la Delegada Presidencial de la Provincia Capit\u00e1n Prat, destac\u00f3 que iniciativas como estas son de mucha importancia para las comunidades, porque posibilitar\u00e1n que m\u00e1s personas puedan mejorar su seguridad y la transitabilidad por los caminos y con ello tambi\u00e9n, disminuir los tiempos de viaje, optimizar sus condiciones de vida as\u00ed como tambi\u00e9n podr\u00e1n trasladar sus productos a otros sectores de la regi\u00f3n para su comercializaci\u00f3n en mejores condiciones, as\u00ed que estas obras son buenas para todas y todos, y agreg\u00f3: \u201cSe nos dijo vamos a mejorar la Ruta7 de Cochrane al Sur y se est\u00e1 trabajando en ello; se va a mejorar tambi\u00e9n, desde Cochrane al norte y ya tenemos varios kil\u00f3metros y vamos a tener prontamente los accesos a los poblados de Caleta Tortel y Villa O\u00b4Higgins. Son soluciones que son m\u00e1s inmediatas, que son asumidas 100% por el personal de Vialidad de la Oficina Provincial \u00a0y eso es lo m\u00e1s destacable, porque nuestra gente est\u00e1 trabajando para nuestro territorio\u201d.<\/p>\n<\/div><\/section><\/div><div  style='height:50px' class='hr hr-invisible   avia-builder-el-6  el_after_av_one_full  el_before_av_social_share '><span class='hr-inner ' ><span class='hr-inner-style'><\/span><\/span><\/div><\/p>\n<div  class='av-social-sharing-box  avia-builder-el-7  el_after_av_hr  el_before_av_hr  '><div class='av-share-box'><h5 class='av-share-link-description av-no-toc '>Compartir esta noticia<\/h5><ul class='av-share-box-list noLightbox'><li class='av-share-link av-social-link-facebook' ><a target=\"_blank\" aria-label=\"Compartir en Facebook\" href='https:\/\/www.facebook.com\/sharer.php?u=https:\/\/radiorevelacionfm.cl\/?p=37834&#038;t=Seremi%20del%20MOP%20asegur%C3%B3%3A%20%E2%80%9CVamos%20a%20duplicar%20la%20inversi%C3%B3n%20vial%20en%20la%20Provincia%20Capit%C3%A1n%20Prat%E2%80%9D' aria-hidden='false' data-av_icon='\ue8f3' data-av_iconfont='entypo-fontello' title='' data-avia-related-tooltip='Compartir en Facebook' rel=\"noopener\"><span class='avia_hidden_link_text'>Compartir en Facebook<\/span><\/a><\/li><li class='av-share-link av-social-link-twitter' ><a target=\"_blank\" aria-label=\"Compartir en Twitter\" href='https:\/\/twitter.com\/share?text=Seremi%20del%20MOP%20asegur%C3%B3%3A%20%E2%80%9CVamos%20a%20duplicar%20la%20inversi%C3%B3n%20vial%20en%20la%20Provincia%20Capit%C3%A1n%20Prat%E2%80%9D&#038;url=https:\/\/radiorevelacionfm.cl\/?p=37834' aria-hidden='false' data-av_icon='\ue8f1' data-av_iconfont='entypo-fontello' title='' data-avia-related-tooltip='Compartir en Twitter' rel=\"noopener\"><span class='avia_hidden_link_text'>Compartir en Twitter<\/span><\/a><\/li><li class='av-share-link av-social-link-whatsapp' ><a target=\"_blank\" aria-label=\"Compartir en Whatsapp\" href='https:\/\/api.whatsapp.com\/send?text=https:\/\/radiorevelacionfm.cl\/?p=37834' aria-hidden='false' data-av_icon='\uf232' data-av_iconfont='entypo-fontello' title='' data-avia-related-tooltip='Compartir en Whatsapp' rel=\"noopener\"><span class='avia_hidden_link_text'>Compartir en Whatsapp<\/span><\/a><\/li><li class='av-share-link av-social-link-linkedin' ><a target=\"_blank\" aria-label=\"Compartir en LinkedIn\" href='https:\/\/linkedin.com\/shareArticle?mini=true&#038;title=Seremi%20del%20MOP%20asegur%C3%B3%3A%20%E2%80%9CVamos%20a%20duplicar%20la%20inversi%C3%B3n%20vial%20en%20la%20Provincia%20Capit%C3%A1n%20Prat%E2%80%9D&#038;url=https:\/\/radiorevelacionfm.cl\/?p=37834' aria-hidden='false' data-av_icon='\ue8fc' data-av_iconfont='entypo-fontello' title='' data-avia-related-tooltip='Compartir en LinkedIn' rel=\"noopener\"><span class='avia_hidden_link_text'>Compartir en LinkedIn<\/span><\/a><\/li><li class='av-share-link av-social-link-mail' ><a  aria-label=\"Compartir por correo\" href='mailto:?subject=Seremi%20del%20MOP%20asegur%C3%B3%3A%20%E2%80%9CVamos%20a%20duplicar%20la%20inversi%C3%B3n%20vial%20en%20la%20Provincia%20Capit%C3%A1n%20Prat%E2%80%9D&#038;body=https:\/\/radiorevelacionfm.cl\/?p=37834' aria-hidden='false' data-av_icon='\ue805' data-av_iconfont='entypo-fontello' title='' data-avia-related-tooltip='Compartir por correo'><span class='avia_hidden_link_text'>Compartir por correo<\/span><\/a><\/li><\/ul><\/div><\/div>\n<div  style='height:50px' class='hr hr-invisible   avia-builder-el-8  el_after_av_social_share  el_before_av_comments_list '><span class='hr-inner ' ><span class='hr-inner-style'><\/span><\/span><\/div>\n<div  class='av-buildercomment  av-blog-meta-html-info-disabled av-blog-meta-tag-disabled  '><\/div>\n","protected":false},"excerpt":{"rendered":"","protected":false},"author":1,"featured_media":37835,"comment_status":"open","ping_status":"open","sticky":false,"template":"","format":"standard","meta":{"footnotes":""},"categories":[66,38],"tags":[],"class_list":["post-37834","post","type-post","status-publish","format-standard","has-post-thumbnail","hentry","category-obras-publicas","category-regional"],"jetpack_featured_media_url":"https:\/\/radiorevelacionfm.cl\/wp-content\/uploads\/2023\/12\/img_5429-1_optimized.jpg","_links":{"self":[{"href":"https:\/\/radiorevelacionfm.cl\/index.php?rest_route=\/wp\/v2\/posts\/37834","targetHints":{"allow":["GET"]}}],"collection":[{"href":"https:\/\/radiorevelacionfm.cl\/index.php?rest_route=\/wp\/v2\/posts"}],"about":[{"href":"https:\/\/radiorevelacionfm.cl\/index.php?rest_route=\/wp\/v2\/types\/post"}],"author":[{"embeddable":true,"href":"https:\/\/radiorevelacionfm.cl\/index.php?rest_route=\/wp\/v2\/users\/1"}],"replies":[{"embeddable":true,"href":"https:\/\/radiorevelacionfm.cl\/index.php?rest_route=%2Fwp%2Fv2%2Fcomments&post=37834"}],"version-history":[{"count":1,"href":"https:\/\/radiorevelacionfm.cl\/index.php?rest_route=\/wp\/v2\/posts\/37834\/revisions"}],"predecessor-version":[{"id":37836,"href":"https:\/\/radiorevelacionfm.cl\/index.php?rest_route=\/wp\/v2\/posts\/37834\/revisions\/37836"}],"wp:featuredmedia":[{"embeddable":true,"href":"https:\/\/radiorevelacionfm.cl\/index.php?rest_route=\/wp\/v2\/media\/37835"}],"wp:attachment":[{"href":"https:\/\/radiorevelacionfm.cl\/index.php?rest_route=%2Fwp%2Fv2%2Fmedia&parent=37834"}],"wp:term":[{"taxonomy":"category","embeddable":true,"href":"https:\/\/radiorevelacionfm.cl\/index.php?rest_route=%2Fwp%2Fv2%2Fcategories&post=37834"},{"taxonomy":"post_tag","embeddable":true,"href":"https:\/\/radiorevelacionfm.cl\/index.php?rest_route=%2Fwp%2Fv2%2Ftags&post=37834"}],"curies":[{"name":"wp","href":"https:\/\/api.w.org\/{rel}","templated":true}]}}