{"id":37831,"date":"2023-12-09T12:02:36","date_gmt":"2023-12-09T15:02:36","guid":{"rendered":"https:\/\/radiorevelacionfm.cl\/?p=37831"},"modified":"2023-12-09T12:02:36","modified_gmt":"2023-12-09T15:02:36","slug":"a-75-anos-de-los-derechos-humanos-muestra-en-museo-regional-de-aysen-invita-a-pensar-la-memoria","status":"publish","type":"post","link":"https:\/\/radiorevelacionfm.cl\/?p=37831","title":{"rendered":"A 75 a\u00f1os de los Derechos Humanos, muestra en Museo Regional de Ays\u00e9n invita a pensar la memoria"},"content":{"rendered":"<div class=\"flex_column av_one_full  flex_column_div av-zero-column-padding first  avia-builder-el-0  el_before_av_one_full  avia-builder-el-first  \" style='border-radius:0px; '><div  class='avia-image-container  av-styling-    avia-builder-el-1  avia-builder-el-no-sibling  avia-align-center '  itemprop=\"image\" itemscope=\"itemscope\" itemtype=\"https:\/\/schema.org\/ImageObject\"  ><div class='avia-image-container-inner'><div class='avia-image-overlay-wrap'><img decoding=\"async\" class='wp-image-37832 avia-img-lazy-loading-not-37832 avia_image' src=\"https:\/\/radiorevelacionfm.cl\/wp-content\/uploads\/2023\/12\/muestra-memoria-museo2-1-1.jpg\" alt='' title='muestra memoria museo2 (1) (1)' height=\"600\" width=\"900\"  itemprop=\"thumbnailUrl\" srcset=\"https:\/\/radiorevelacionfm.cl\/wp-content\/uploads\/2023\/12\/muestra-memoria-museo2-1-1.jpg 900w, https:\/\/radiorevelacionfm.cl\/wp-content\/uploads\/2023\/12\/muestra-memoria-museo2-1-1-300x200.jpg 300w, https:\/\/radiorevelacionfm.cl\/wp-content\/uploads\/2023\/12\/muestra-memoria-museo2-1-1-768x512.jpg 768w, https:\/\/radiorevelacionfm.cl\/wp-content\/uploads\/2023\/12\/muestra-memoria-museo2-1-1-705x470.jpg 705w, https:\/\/radiorevelacionfm.cl\/wp-content\/uploads\/2023\/12\/muestra-memoria-museo2-1-1-450x300.jpg 450w, https:\/\/radiorevelacionfm.cl\/wp-content\/uploads\/2023\/12\/muestra-memoria-museo2-1-1-600x400.jpg 600w\" sizes=\"(max-width: 900px) 100vw, 900px\" \/><\/div><\/div><\/div><\/div><div class=\"flex_column av_one_full  flex_column_div av-zero-column-padding first  avia-builder-el-2  el_after_av_one_full  el_before_av_one_full  column-top-margin\" style='border-radius:0px; '><section class=\"av_textblock_section \"  itemscope=\"itemscope\" itemtype=\"https:\/\/schema.org\/BlogPosting\" itemprop=\"blogPost\" ><div class='avia_textblock  '   itemprop=\"text\" ><h2 class=\"title\" style=\"text-align: center;\"><span style=\"font-size: 18pt;\"><b>A 75 a\u00f1os de los Derechos Humanos, muestra en Museo Regional de Ays\u00e9n invita a pensar la memoria<\/b><\/span><\/h2>\n<div id=\"gtx-trans\" style=\"position: absolute; left: -50px; top: 4.31534px;\">\n<div class=\"gtx-trans-icon\"><\/div>\n<\/div>\n<\/div><\/section><\/div><div class=\"flex_column av_one_full  flex_column_div av-zero-column-padding first  avia-builder-el-4  el_after_av_one_full  el_before_av_hr  column-top-margin\" style='border-radius:0px; '><section class=\"av_textblock_section \"  itemscope=\"itemscope\" itemtype=\"https:\/\/schema.org\/BlogPosting\" itemprop=\"blogPost\" ><div class='avia_textblock  '   itemprop=\"text\" ><p style=\"text-align: justify;\">Hoy, hace 75 a\u00f1os, se produjo en Par\u00eds un hecho que marcar\u00eda la historia del planeta. El 10 de diciembre de 1948, la Asamblea General de las Naciones Unidas en Par\u00eds estableci\u00f3, por primera vez, los derechos humanos fundamentales que deben protegerse en el mundo entero.<\/p>\n<p style=\"text-align: justify;\">Para conmemorar esta importante fecha, la Secretar\u00eda Regional Ministerial de las Culturas, las Artes y el Patrimonio y el Museo Regional de Ays\u00e9n invitan a la muestra Ays\u00e9n en dictadura. Fragmentos locales de una historia nacional, exposici\u00f3n temporal que permite al visitante recordar y dialogar sobre los alcances que la dictadura militar tuvo en Ays\u00e9n, y as\u00ed contribuir a la memoria local de un per\u00edodo hist\u00f3rico que implic\u00f3 un profundo cambio en nuestro pa\u00eds.<\/p>\n<p style=\"text-align: justify;\">A trav\u00e9s de im\u00e1genes, documentos y testimonios escritos y voces registradas en diversos puntos de la regi\u00f3n, la exposici\u00f3n busca dar cuenta de las particularidades, que en una historia nacional, muchas veces pasan inadvertidas, como el miedo, la desconfianza, pero tambi\u00e9n, las redes de apoyo que surgen ante una crisis social.<\/p>\n<p style=\"text-align: justify;\">Para el seremi de Culturas Ays\u00e9n, Felipe Quiroz, \u201chay un antes y un despu\u00e9s de la Declaraci\u00f3n Universal de los Derechos Humanos que por primera vez puso al ser humano por encima de todo y consagr\u00f3 sus derechos como un asunto inalienable e irreducible. Ese 2023 nos hemos ocupado de poner en relieve la conmemoraci\u00f3n de los 50 a\u00f1os del golpe de Estado civil militar y estamos cerrando una nutrida agenda de actividades de memoria consta muestra en el Museo Regional de Ays\u00e9n. Para nuestro Gobierno es fundamental continuar este trabajo m\u00e1s all\u00e1 de las fechas para que la memoria sea siempre permanente\u201d.<\/p>\n<p style=\"text-align: justify;\">El director del Museo Regional de Ays\u00e9n, Gustavo Saldivia, cuenta que \u201ceste trabajo parti\u00f3 por el dise\u00f1o de los guiones y la museograf\u00eda que hace al propio equipo reflexionar m\u00e1s al respecto. Y nos pareci\u00f3 muy interesante el pensar esta exposici\u00f3n como un punto de partida, pensando en generar un repositorio de la memoria regional sobre este periodo en particular, haciendo eco de este relato nacional que invisibilidad muchas veces los territorios, sobre todos los m\u00e1s alejados como el nuestro\u201d.<\/p>\n<p style=\"text-align: justify;\">Este 2023, la memoria ha estado presente en la Regi\u00f3n de Ays\u00e9n a trav\u00e9s de conversatorios, actos conmemorativos, visionados audiovisuales, obras de teatro, muestras visuales y la instalaci\u00f3n de la primera placa fronteriza de memoria era Chile<\/p>\n<p style=\"text-align: justify;\">La muestra Ays\u00e9n en dictadura, con entrada liberada, estar\u00e1 en la Sala Bodega del Conjunto Patrimonial del Museo Regional de Ays\u00e9n hasta fines de enero 2024. Luego itinerar\u00e1 hacia el norte de la regi\u00f3n.<\/p>\n<\/div><\/section><\/div><div  style='height:50px' class='hr hr-invisible   avia-builder-el-6  el_after_av_one_full  el_before_av_social_share '><span class='hr-inner ' ><span class='hr-inner-style'><\/span><\/span><\/div><\/p>\n<div  class='av-social-sharing-box  avia-builder-el-7  el_after_av_hr  el_before_av_hr  '><div class='av-share-box'><h5 class='av-share-link-description av-no-toc '>Compartir esta noticia<\/h5><ul class='av-share-box-list noLightbox'><li class='av-share-link av-social-link-facebook' ><a target=\"_blank\" aria-label=\"Compartir en Facebook\" href='https:\/\/www.facebook.com\/sharer.php?u=https:\/\/radiorevelacionfm.cl\/?p=37831&#038;t=A%2075%20a%C3%B1os%20de%20los%20Derechos%20Humanos%2C%20muestra%20en%20Museo%20Regional%20de%20Ays%C3%A9n%20invita%20a%20pensar%20la%20memoria' aria-hidden='false' data-av_icon='\ue8f3' data-av_iconfont='entypo-fontello' title='' data-avia-related-tooltip='Compartir en Facebook' rel=\"noopener\"><span class='avia_hidden_link_text'>Compartir en Facebook<\/span><\/a><\/li><li class='av-share-link av-social-link-twitter' ><a target=\"_blank\" aria-label=\"Compartir en Twitter\" href='https:\/\/twitter.com\/share?text=A%2075%20a%C3%B1os%20de%20los%20Derechos%20Humanos%2C%20muestra%20en%20Museo%20Regional%20de%20Ays%C3%A9n%20invita%20a%20pensar%20la%20memoria&#038;url=https:\/\/radiorevelacionfm.cl\/?p=37831' aria-hidden='false' data-av_icon='\ue8f1' data-av_iconfont='entypo-fontello' title='' data-avia-related-tooltip='Compartir en Twitter' rel=\"noopener\"><span class='avia_hidden_link_text'>Compartir en Twitter<\/span><\/a><\/li><li class='av-share-link av-social-link-whatsapp' ><a target=\"_blank\" aria-label=\"Compartir en Whatsapp\" href='https:\/\/api.whatsapp.com\/send?text=https:\/\/radiorevelacionfm.cl\/?p=37831' aria-hidden='false' data-av_icon='\uf232' data-av_iconfont='entypo-fontello' title='' data-avia-related-tooltip='Compartir en Whatsapp' rel=\"noopener\"><span class='avia_hidden_link_text'>Compartir en Whatsapp<\/span><\/a><\/li><li class='av-share-link av-social-link-linkedin' ><a target=\"_blank\" aria-label=\"Compartir en LinkedIn\" href='https:\/\/linkedin.com\/shareArticle?mini=true&#038;title=A%2075%20a%C3%B1os%20de%20los%20Derechos%20Humanos%2C%20muestra%20en%20Museo%20Regional%20de%20Ays%C3%A9n%20invita%20a%20pensar%20la%20memoria&#038;url=https:\/\/radiorevelacionfm.cl\/?p=37831' aria-hidden='false' data-av_icon='\ue8fc' data-av_iconfont='entypo-fontello' title='' data-avia-related-tooltip='Compartir en LinkedIn' rel=\"noopener\"><span class='avia_hidden_link_text'>Compartir en LinkedIn<\/span><\/a><\/li><li class='av-share-link av-social-link-mail' ><a  aria-label=\"Compartir por correo\" href='mailto:?subject=A%2075%20a%C3%B1os%20de%20los%20Derechos%20Humanos%2C%20muestra%20en%20Museo%20Regional%20de%20Ays%C3%A9n%20invita%20a%20pensar%20la%20memoria&#038;body=https:\/\/radiorevelacionfm.cl\/?p=37831' aria-hidden='false' data-av_icon='\ue805' data-av_iconfont='entypo-fontello' title='' data-avia-related-tooltip='Compartir por correo'><span class='avia_hidden_link_text'>Compartir por correo<\/span><\/a><\/li><\/ul><\/div><\/div>\n<div  style='height:50px' class='hr hr-invisible   avia-builder-el-8  el_after_av_social_share  el_before_av_comments_list '><span class='hr-inner ' ><span class='hr-inner-style'><\/span><\/span><\/div>\n<div  class='av-buildercomment  av-blog-meta-html-info-disabled av-blog-meta-tag-disabled  '><\/div>\n","protected":false},"excerpt":{"rendered":"","protected":false},"author":1,"featured_media":37832,"comment_status":"open","ping_status":"open","sticky":false,"template":"","format":"standard","meta":{"footnotes":""},"categories":[38],"tags":[],"class_list":["post-37831","post","type-post","status-publish","format-standard","has-post-thumbnail","hentry","category-regional"],"jetpack_featured_media_url":"https:\/\/radiorevelacionfm.cl\/wp-content\/uploads\/2023\/12\/muestra-memoria-museo2-1-1.jpg","_links":{"self":[{"href":"https:\/\/radiorevelacionfm.cl\/index.php?rest_route=\/wp\/v2\/posts\/37831","targetHints":{"allow":["GET"]}}],"collection":[{"href":"https:\/\/radiorevelacionfm.cl\/index.php?rest_route=\/wp\/v2\/posts"}],"about":[{"href":"https:\/\/radiorevelacionfm.cl\/index.php?rest_route=\/wp\/v2\/types\/post"}],"author":[{"embeddable":true,"href":"https:\/\/radiorevelacionfm.cl\/index.php?rest_route=\/wp\/v2\/users\/1"}],"replies":[{"embeddable":true,"href":"https:\/\/radiorevelacionfm.cl\/index.php?rest_route=%2Fwp%2Fv2%2Fcomments&post=37831"}],"version-history":[{"count":1,"href":"https:\/\/radiorevelacionfm.cl\/index.php?rest_route=\/wp\/v2\/posts\/37831\/revisions"}],"predecessor-version":[{"id":37833,"href":"https:\/\/radiorevelacionfm.cl\/index.php?rest_route=\/wp\/v2\/posts\/37831\/revisions\/37833"}],"wp:featuredmedia":[{"embeddable":true,"href":"https:\/\/radiorevelacionfm.cl\/index.php?rest_route=\/wp\/v2\/media\/37832"}],"wp:attachment":[{"href":"https:\/\/radiorevelacionfm.cl\/index.php?rest_route=%2Fwp%2Fv2%2Fmedia&parent=37831"}],"wp:term":[{"taxonomy":"category","embeddable":true,"href":"https:\/\/radiorevelacionfm.cl\/index.php?rest_route=%2Fwp%2Fv2%2Fcategories&post=37831"},{"taxonomy":"post_tag","embeddable":true,"href":"https:\/\/radiorevelacionfm.cl\/index.php?rest_route=%2Fwp%2Fv2%2Ftags&post=37831"}],"curies":[{"name":"wp","href":"https:\/\/api.w.org\/{rel}","templated":true}]}}