{"id":37824,"date":"2023-12-08T16:09:09","date_gmt":"2023-12-08T19:09:09","guid":{"rendered":"https:\/\/radiorevelacionfm.cl\/?p=37824"},"modified":"2023-12-08T16:09:09","modified_gmt":"2023-12-08T19:09:09","slug":"certifican-a-cuidadores-de-personas-mayores-con-dependencia-severa","status":"publish","type":"post","link":"https:\/\/radiorevelacionfm.cl\/?p=37824","title":{"rendered":"Certifican a cuidadores de personas mayores con dependencia severa"},"content":{"rendered":"<div class=\"flex_column av_one_full  flex_column_div av-zero-column-padding first  avia-builder-el-0  el_before_av_one_full  avia-builder-el-first  \" style='border-radius:0px; '><div  class='avia-image-container  av-styling-    avia-builder-el-1  avia-builder-el-no-sibling  avia-align-center '  itemprop=\"image\" itemscope=\"itemscope\" itemtype=\"https:\/\/schema.org\/ImageObject\"  ><div class='avia-image-container-inner'><div class='avia-image-overlay-wrap'><img decoding=\"async\" class='wp-image-37825 avia-img-lazy-loading-not-37825 avia_image' src=\"https:\/\/radiorevelacionfm.cl\/wp-content\/uploads\/2023\/12\/WhatsApp-Image-2023-12-02-at-11.29.01-AM-1-1.jpeg\" alt='' title='WhatsApp Image 2023-12-02 at 11.29.01 AM (1) (1)' height=\"600\" width=\"1099\"  itemprop=\"thumbnailUrl\" srcset=\"https:\/\/radiorevelacionfm.cl\/wp-content\/uploads\/2023\/12\/WhatsApp-Image-2023-12-02-at-11.29.01-AM-1-1.jpeg 1099w, https:\/\/radiorevelacionfm.cl\/wp-content\/uploads\/2023\/12\/WhatsApp-Image-2023-12-02-at-11.29.01-AM-1-1-300x164.jpeg 300w, https:\/\/radiorevelacionfm.cl\/wp-content\/uploads\/2023\/12\/WhatsApp-Image-2023-12-02-at-11.29.01-AM-1-1-1030x562.jpeg 1030w, https:\/\/radiorevelacionfm.cl\/wp-content\/uploads\/2023\/12\/WhatsApp-Image-2023-12-02-at-11.29.01-AM-1-1-768x419.jpeg 768w, https:\/\/radiorevelacionfm.cl\/wp-content\/uploads\/2023\/12\/WhatsApp-Image-2023-12-02-at-11.29.01-AM-1-1-705x385.jpeg 705w, https:\/\/radiorevelacionfm.cl\/wp-content\/uploads\/2023\/12\/WhatsApp-Image-2023-12-02-at-11.29.01-AM-1-1-450x246.jpeg 450w, https:\/\/radiorevelacionfm.cl\/wp-content\/uploads\/2023\/12\/WhatsApp-Image-2023-12-02-at-11.29.01-AM-1-1-600x328.jpeg 600w\" sizes=\"(max-width: 1099px) 100vw, 1099px\" \/><\/div><\/div><\/div><\/div><div class=\"flex_column av_one_full  flex_column_div av-zero-column-padding first  avia-builder-el-2  el_after_av_one_full  el_before_av_one_full  column-top-margin\" style='border-radius:0px; '><section class=\"av_textblock_section \"  itemscope=\"itemscope\" itemtype=\"https:\/\/schema.org\/BlogPosting\" itemprop=\"blogPost\" ><div class='avia_textblock  '   itemprop=\"text\" ><h2 class=\"title\" style=\"text-align: center;\"><span style=\"font-size: 18pt;\"><b>Certifican a cuidadores de personas mayores con dependencia severa<\/b><\/span><\/h2>\n<div id=\"gtx-trans\" style=\"position: absolute; left: -50px; top: 4.31534px;\">\n<div class=\"gtx-trans-icon\"><\/div>\n<\/div>\n<\/div><\/section><\/div><div class=\"flex_column av_one_full  flex_column_div av-zero-column-padding first  avia-builder-el-4  el_after_av_one_full  el_before_av_hr  column-top-margin\" style='border-radius:0px; '><section class=\"av_textblock_section \"  itemscope=\"itemscope\" itemtype=\"https:\/\/schema.org\/BlogPosting\" itemprop=\"blogPost\" ><div class='avia_textblock  '   itemprop=\"text\" ><p style=\"font-weight: 400; text-align: justify;\">Quince mujeres cuidadoras de personas mayores con dependencia severa aprobaron satisfactoriamente un proceso de capacitaci\u00f3n, coordinado por la Delegaci\u00f3n Presidencial Regional de Ays\u00e9n y la secretar\u00eda regional ministerial de Desarrollo Social y Familia, en el marco del programa Apoyo, Monitoreo y Supervisi\u00f3n a la Gesti\u00f3n Territorial.<\/p>\n<p style=\"font-weight: 400; text-align: justify;\">El taller fue impartido por la carrera de Enfermer\u00eda de la Universidad de Ays\u00e9n y en \u00e9l participaron las cuidadoras de usuarias de los centros de salud familiar Alejandro Guti\u00e9rrez y V\u00edctor Domingo Silva de Coyhaique.<\/p>\n<p style=\"font-weight: 400; text-align: justify;\">\u201cNos vamos con mucho conocimiento y energ\u00eda nueva para seguir cuidando a nuestros adultos mayores, agradeciendo los conocimientos que nos dieron los profesores mediante una capacitaci\u00f3n m\u00e1s f\u00e1cil; aprendimos s\u00faper r\u00e1pido, como si lo hubi\u00e9semos hecho toda la vida. Ojal\u00e1 que haya nuevas instancias para seguir aprendiendo y entregando m\u00e1s amor y conocimiento a las personas que cuidamos\u201d, expres\u00f3 Viviana Sandoval en representaci\u00f3n de las participantes.<\/p>\n<p style=\"font-weight: 400; text-align: justify;\">Rosana Klein Uribe agradeci\u00f3 tambi\u00e9n la instancia. \u201cYo estoy cuidando a mi mam\u00e1, que va a cumplir 88 a\u00f1os, y fue maravilloso por todas las personas que nos apoyaron en este proyecto. Ojal\u00e1 hubiese muchas personas como uno, cuidadoras de personas, con amor, porque hay que tener demasiado amor para cuidar a las personas que tenemos en nuestro hogar\u201d, reafirm\u00f3.<\/p>\n<p style=\"font-weight: 400; text-align: justify;\">Por su parte, el Delegado Presidencial Regional, Rodrigo Araya se\u00f1al\u00f3 que \u201cestamos impulsando la Pol\u00edtica Nacional de Cuidados, en el marco de lo cual ha habido di\u00e1logos nacionales y regionales, implementamos el Registro de Cuidadores y donde queremos implementar esta pol\u00edtica de manera programada este pr\u00f3ximo a\u00f1o, con un presupuesto en esa l\u00ednea. El reconocimiento a esta labor, el cari\u00f1o por la gente que cuida, nos mejora como sociedad, hace que tengamos participaci\u00f3n y solidaridad con respecto a este tema y eso es muy importante\u201d.<\/p>\n<p style=\"font-weight: 400; text-align: justify;\">El inter\u00e9s y constancia de las participantes fue fundamental en el buen resultado de la capacitaci\u00f3n, como indic\u00f3 el jefe del departamento de Ciencias de la Salud de la Universidad de Ays\u00e9n, Iv\u00e1n Guglielmi.<\/p>\n<p style=\"font-weight: 400; text-align: justify;\">\u201cNosotros estamos muy contentos de haber tenido una participaci\u00f3n excepcional, con 100% de asistencia en los tres m\u00f3dulos que se hicieron durante los meses de octubre y noviembre, con lleno total, y poner a disposici\u00f3n el conocimiento y al servicio la universidad que es de todos y de todas\u201d, enfatiz\u00f3.<\/p>\n<p style=\"font-weight: 400; text-align: justify;\">Cabe se\u00f1alar que la Pol\u00edtica Nacional de Cuidados est\u00e1\u00a0orientada a mejorar las condiciones de vida y dignidad de personas que requieren cuidados, como tambi\u00e9n de las personas cuidadoras.<\/p>\n<\/div><\/section><\/div><div  style='height:50px' class='hr hr-invisible   avia-builder-el-6  el_after_av_one_full  el_before_av_social_share '><span class='hr-inner ' ><span class='hr-inner-style'><\/span><\/span><\/div><\/p>\n<div  class='av-social-sharing-box  avia-builder-el-7  el_after_av_hr  el_before_av_hr  '><div class='av-share-box'><h5 class='av-share-link-description av-no-toc '>Compartir esta noticia<\/h5><ul class='av-share-box-list noLightbox'><li class='av-share-link av-social-link-facebook' ><a target=\"_blank\" aria-label=\"Compartir en Facebook\" href='https:\/\/www.facebook.com\/sharer.php?u=https:\/\/radiorevelacionfm.cl\/?p=37824&#038;t=Certifican%20a%20cuidadores%20de%20personas%20mayores%20con%20dependencia%20severa' aria-hidden='false' data-av_icon='\ue8f3' data-av_iconfont='entypo-fontello' title='' data-avia-related-tooltip='Compartir en Facebook' rel=\"noopener\"><span class='avia_hidden_link_text'>Compartir en Facebook<\/span><\/a><\/li><li class='av-share-link av-social-link-twitter' ><a target=\"_blank\" aria-label=\"Compartir en Twitter\" href='https:\/\/twitter.com\/share?text=Certifican%20a%20cuidadores%20de%20personas%20mayores%20con%20dependencia%20severa&#038;url=https:\/\/radiorevelacionfm.cl\/?p=37824' aria-hidden='false' data-av_icon='\ue8f1' data-av_iconfont='entypo-fontello' title='' data-avia-related-tooltip='Compartir en Twitter' rel=\"noopener\"><span class='avia_hidden_link_text'>Compartir en Twitter<\/span><\/a><\/li><li class='av-share-link av-social-link-whatsapp' ><a target=\"_blank\" aria-label=\"Compartir en Whatsapp\" href='https:\/\/api.whatsapp.com\/send?text=https:\/\/radiorevelacionfm.cl\/?p=37824' aria-hidden='false' data-av_icon='\uf232' data-av_iconfont='entypo-fontello' title='' data-avia-related-tooltip='Compartir en Whatsapp' rel=\"noopener\"><span class='avia_hidden_link_text'>Compartir en Whatsapp<\/span><\/a><\/li><li class='av-share-link av-social-link-linkedin' ><a target=\"_blank\" aria-label=\"Compartir en LinkedIn\" href='https:\/\/linkedin.com\/shareArticle?mini=true&#038;title=Certifican%20a%20cuidadores%20de%20personas%20mayores%20con%20dependencia%20severa&#038;url=https:\/\/radiorevelacionfm.cl\/?p=37824' aria-hidden='false' data-av_icon='\ue8fc' data-av_iconfont='entypo-fontello' title='' data-avia-related-tooltip='Compartir en LinkedIn' rel=\"noopener\"><span class='avia_hidden_link_text'>Compartir en LinkedIn<\/span><\/a><\/li><li class='av-share-link av-social-link-mail' ><a  aria-label=\"Compartir por correo\" href='mailto:?subject=Certifican%20a%20cuidadores%20de%20personas%20mayores%20con%20dependencia%20severa&#038;body=https:\/\/radiorevelacionfm.cl\/?p=37824' aria-hidden='false' data-av_icon='\ue805' data-av_iconfont='entypo-fontello' title='' data-avia-related-tooltip='Compartir por correo'><span class='avia_hidden_link_text'>Compartir por correo<\/span><\/a><\/li><\/ul><\/div><\/div>\n<div  style='height:50px' class='hr hr-invisible   avia-builder-el-8  el_after_av_social_share  el_before_av_comments_list '><span class='hr-inner ' ><span class='hr-inner-style'><\/span><\/span><\/div>\n<div  class='av-buildercomment  av-blog-meta-html-info-disabled av-blog-meta-tag-disabled  '><\/div>\n","protected":false},"excerpt":{"rendered":"","protected":false},"author":1,"featured_media":37825,"comment_status":"open","ping_status":"open","sticky":false,"template":"","format":"standard","meta":{"footnotes":""},"categories":[38],"tags":[],"class_list":["post-37824","post","type-post","status-publish","format-standard","has-post-thumbnail","hentry","category-regional"],"jetpack_featured_media_url":"https:\/\/radiorevelacionfm.cl\/wp-content\/uploads\/2023\/12\/WhatsApp-Image-2023-12-02-at-11.29.01-AM-1-1.jpeg","_links":{"self":[{"href":"https:\/\/radiorevelacionfm.cl\/index.php?rest_route=\/wp\/v2\/posts\/37824","targetHints":{"allow":["GET"]}}],"collection":[{"href":"https:\/\/radiorevelacionfm.cl\/index.php?rest_route=\/wp\/v2\/posts"}],"about":[{"href":"https:\/\/radiorevelacionfm.cl\/index.php?rest_route=\/wp\/v2\/types\/post"}],"author":[{"embeddable":true,"href":"https:\/\/radiorevelacionfm.cl\/index.php?rest_route=\/wp\/v2\/users\/1"}],"replies":[{"embeddable":true,"href":"https:\/\/radiorevelacionfm.cl\/index.php?rest_route=%2Fwp%2Fv2%2Fcomments&post=37824"}],"version-history":[{"count":1,"href":"https:\/\/radiorevelacionfm.cl\/index.php?rest_route=\/wp\/v2\/posts\/37824\/revisions"}],"predecessor-version":[{"id":37826,"href":"https:\/\/radiorevelacionfm.cl\/index.php?rest_route=\/wp\/v2\/posts\/37824\/revisions\/37826"}],"wp:featuredmedia":[{"embeddable":true,"href":"https:\/\/radiorevelacionfm.cl\/index.php?rest_route=\/wp\/v2\/media\/37825"}],"wp:attachment":[{"href":"https:\/\/radiorevelacionfm.cl\/index.php?rest_route=%2Fwp%2Fv2%2Fmedia&parent=37824"}],"wp:term":[{"taxonomy":"category","embeddable":true,"href":"https:\/\/radiorevelacionfm.cl\/index.php?rest_route=%2Fwp%2Fv2%2Fcategories&post=37824"},{"taxonomy":"post_tag","embeddable":true,"href":"https:\/\/radiorevelacionfm.cl\/index.php?rest_route=%2Fwp%2Fv2%2Ftags&post=37824"}],"curies":[{"name":"wp","href":"https:\/\/api.w.org\/{rel}","templated":true}]}}