{"id":37821,"date":"2023-12-08T15:45:10","date_gmt":"2023-12-08T18:45:10","guid":{"rendered":"https:\/\/radiorevelacionfm.cl\/?p=37821"},"modified":"2023-12-08T15:45:10","modified_gmt":"2023-12-08T18:45:10","slug":"coyhaique-repleta-la-plaza-pentagonal-para-ver-a-angel-parra-trio","status":"publish","type":"post","link":"https:\/\/radiorevelacionfm.cl\/?p=37821","title":{"rendered":"Coyhaique repleta la Plaza Pentagonal para ver a \u00c1ngel Parra Tr\u00edo"},"content":{"rendered":"<div class=\"flex_column av_one_full  flex_column_div av-zero-column-padding first  avia-builder-el-0  el_before_av_one_full  avia-builder-el-first  \" style='border-radius:0px; '><div  class='avia-image-container  av-styling-    avia-builder-el-1  avia-builder-el-no-sibling  avia-align-center '  itemprop=\"image\" itemscope=\"itemscope\" itemtype=\"https:\/\/schema.org\/ImageObject\"  ><div class='avia-image-container-inner'><div class='avia-image-overlay-wrap'><img decoding=\"async\" class='wp-image-37822 avia-img-lazy-loading-not-37822 avia_image' src=\"https:\/\/radiorevelacionfm.cl\/wp-content\/uploads\/2023\/12\/angel-parra-en-coyhaique3-1-1.jpg\" alt='' title='angel parra en coyhaique3 (1) (1)' height=\"600\" width=\"899\"  itemprop=\"thumbnailUrl\" srcset=\"https:\/\/radiorevelacionfm.cl\/wp-content\/uploads\/2023\/12\/angel-parra-en-coyhaique3-1-1.jpg 899w, https:\/\/radiorevelacionfm.cl\/wp-content\/uploads\/2023\/12\/angel-parra-en-coyhaique3-1-1-300x200.jpg 300w, https:\/\/radiorevelacionfm.cl\/wp-content\/uploads\/2023\/12\/angel-parra-en-coyhaique3-1-1-768x513.jpg 768w, https:\/\/radiorevelacionfm.cl\/wp-content\/uploads\/2023\/12\/angel-parra-en-coyhaique3-1-1-705x471.jpg 705w, https:\/\/radiorevelacionfm.cl\/wp-content\/uploads\/2023\/12\/angel-parra-en-coyhaique3-1-1-450x300.jpg 450w, https:\/\/radiorevelacionfm.cl\/wp-content\/uploads\/2023\/12\/angel-parra-en-coyhaique3-1-1-600x400.jpg 600w\" sizes=\"(max-width: 899px) 100vw, 899px\" \/><\/div><\/div><\/div><\/div><div class=\"flex_column av_one_full  flex_column_div av-zero-column-padding first  avia-builder-el-2  el_after_av_one_full  el_before_av_one_full  column-top-margin\" style='border-radius:0px; '><section class=\"av_textblock_section \"  itemscope=\"itemscope\" itemtype=\"https:\/\/schema.org\/BlogPosting\" itemprop=\"blogPost\" ><div class='avia_textblock  '   itemprop=\"text\" ><h2 class=\"title\" style=\"text-align: center;\"><span style=\"font-size: 18pt;\"><b>Coyhaique repleta la Plaza Pentagonal para ver a \u00c1ngel Parra Tr\u00edo<\/b><\/span><\/h2>\n<div id=\"gtx-trans\" style=\"position: absolute; left: -50px; top: 4.31534px;\">\n<div class=\"gtx-trans-icon\"><\/div>\n<\/div>\n<\/div><\/section><\/div><div class=\"flex_column av_one_full  flex_column_div av-zero-column-padding first  avia-builder-el-4  el_after_av_one_full  el_before_av_hr  column-top-margin\" style='border-radius:0px; '><section class=\"av_textblock_section \"  itemscope=\"itemscope\" itemtype=\"https:\/\/schema.org\/BlogPosting\" itemprop=\"blogPost\" ><div class='avia_textblock  '   itemprop=\"text\" ><p style=\"text-align: justify;\">Invitados e invitadas por la Secretar\u00eda Regional Ministerial de las Culturas, las Artes y el Patrimonio Regi\u00f3n de Ays\u00e9n, cientos de personas llegaron hasta la Plaza Pentagonal de Coyhaique para presenciar un show de alt\u00edsima calidad a cargo de \u00c1ngel Parra Tr\u00edo.<\/p>\n<p style=\"text-align: justify;\">Con el correr de la tarde, unas 400 personas se reunieron en el punto neur\u00e1lgico de Coyhaique para participar primero de la presentaci\u00f3n del documental Violeta existe, que narra el rescate que los nietos de la multifac\u00e9tica artista nacional Violeta Parra hicieron de su disco Las \u00faltimas composiciones. Luego vino un recital de 15 canciones que recorrieron lo m\u00e1s insigne de la obra Folcl\u00f3rica de Violeta.<\/p>\n<p style=\"text-align: justify;\">\u00c1ngel Parra se mostr\u00f3 muy emocionado tras regresar despu\u00e9s de 7 a\u00f1os a la Regi\u00f3n de Ays\u00e9n: \u201cEncuentro que es un p\u00fablico mucho m\u00e1s receptivo, menos t\u00edmido, m\u00e1s participativo. La gente est\u00e1 m\u00e1s contenta, m\u00e1s desenvuelta. Creo que lo que ha hecho la Seremi de Culturas Ays\u00e9n en los \u00faltimos 10 a\u00f1os de trabajo da frutos porque le est\u00e1 entregando a la gente cultura popular de forma gratuita. Estoy muy agradecido y muy impresionado con el resultado de esto. Adem\u00e1s, es maravilloso tocar en una plaza porque tiene todo un significado para el pueblo y tanta historia. Lo hace popular, est\u00e1 supercentral y lo m\u00e1s lindo es que vi gente de todas las edades, vi ni\u00f1os, vi gente mayor. As\u00ed que transversal, muy bonito\u201d.<\/p>\n<p style=\"text-align: justify;\">Para el Seremi de Culturas Ays\u00e9n, Felipe Quiroz, se trata de \u201cun recital muy exitoso; esto demuestra el fuerte inter\u00e9s que existe en la poblaci\u00f3n por participar y empaparse de la cultura nacional. En este caso, contamos con la presencia de una banda insignia del jazz chileno como es \u00c1ngel Parra Tr\u00edo que nos trajo un repertorio fant\u00e1stico. Hicieron cantar a todo el p\u00fablico y seguir atentos las melod\u00edas y poemas que nos leg\u00f3 la gran Violeta Parra. Tal como nos ha indicado el presidente Boric, esta es nuestra l\u00ednea de trabajo, junto al p\u00fablico, al lado de los vecinos. Seguiremos trabajando bajo esta l\u00f3gica porque la cultura es parte medular de los pueblos y los pueblos son su cultura\u201d.<\/p>\n<p style=\"text-align: justify;\">El recital incluy\u00f3 temas emblem\u00e1ticos de Violeta que el p\u00fablico conoc\u00eda de sobra y algunos de \u00c1ngel Parra padre: Gracias a la vida, El Albert\u00edo, Canci\u00f3n de amor, El guillat\u00fan, Volver a los 17, entre otros.<\/p>\n<\/div><\/section><\/div><div  style='height:50px' class='hr hr-invisible   avia-builder-el-6  el_after_av_one_full  el_before_av_social_share '><span class='hr-inner ' ><span class='hr-inner-style'><\/span><\/span><\/div><\/p>\n<div  class='av-social-sharing-box  avia-builder-el-7  el_after_av_hr  el_before_av_hr  '><div class='av-share-box'><h5 class='av-share-link-description av-no-toc '>Compartir esta noticia<\/h5><ul class='av-share-box-list noLightbox'><li class='av-share-link av-social-link-facebook' ><a target=\"_blank\" aria-label=\"Compartir en Facebook\" href='https:\/\/www.facebook.com\/sharer.php?u=https:\/\/radiorevelacionfm.cl\/?p=37821&#038;t=Coyhaique%20repleta%20la%20Plaza%20Pentagonal%20para%20ver%20a%20%C3%81ngel%20Parra%20Tr%C3%ADo' aria-hidden='false' data-av_icon='\ue8f3' data-av_iconfont='entypo-fontello' title='' data-avia-related-tooltip='Compartir en Facebook' rel=\"noopener\"><span class='avia_hidden_link_text'>Compartir en Facebook<\/span><\/a><\/li><li class='av-share-link av-social-link-twitter' ><a target=\"_blank\" aria-label=\"Compartir en Twitter\" href='https:\/\/twitter.com\/share?text=Coyhaique%20repleta%20la%20Plaza%20Pentagonal%20para%20ver%20a%20%C3%81ngel%20Parra%20Tr%C3%ADo&#038;url=https:\/\/radiorevelacionfm.cl\/?p=37821' aria-hidden='false' data-av_icon='\ue8f1' data-av_iconfont='entypo-fontello' title='' data-avia-related-tooltip='Compartir en Twitter' rel=\"noopener\"><span class='avia_hidden_link_text'>Compartir en Twitter<\/span><\/a><\/li><li class='av-share-link av-social-link-whatsapp' ><a target=\"_blank\" aria-label=\"Compartir en Whatsapp\" href='https:\/\/api.whatsapp.com\/send?text=https:\/\/radiorevelacionfm.cl\/?p=37821' aria-hidden='false' data-av_icon='\uf232' data-av_iconfont='entypo-fontello' title='' data-avia-related-tooltip='Compartir en Whatsapp' rel=\"noopener\"><span class='avia_hidden_link_text'>Compartir en Whatsapp<\/span><\/a><\/li><li class='av-share-link av-social-link-linkedin' ><a target=\"_blank\" aria-label=\"Compartir en LinkedIn\" href='https:\/\/linkedin.com\/shareArticle?mini=true&#038;title=Coyhaique%20repleta%20la%20Plaza%20Pentagonal%20para%20ver%20a%20%C3%81ngel%20Parra%20Tr%C3%ADo&#038;url=https:\/\/radiorevelacionfm.cl\/?p=37821' aria-hidden='false' data-av_icon='\ue8fc' data-av_iconfont='entypo-fontello' title='' data-avia-related-tooltip='Compartir en LinkedIn' rel=\"noopener\"><span class='avia_hidden_link_text'>Compartir en LinkedIn<\/span><\/a><\/li><li class='av-share-link av-social-link-mail' ><a  aria-label=\"Compartir por correo\" href='mailto:?subject=Coyhaique%20repleta%20la%20Plaza%20Pentagonal%20para%20ver%20a%20%C3%81ngel%20Parra%20Tr%C3%ADo&#038;body=https:\/\/radiorevelacionfm.cl\/?p=37821' aria-hidden='false' data-av_icon='\ue805' data-av_iconfont='entypo-fontello' title='' data-avia-related-tooltip='Compartir por correo'><span class='avia_hidden_link_text'>Compartir por correo<\/span><\/a><\/li><\/ul><\/div><\/div>\n<div  style='height:50px' class='hr hr-invisible   avia-builder-el-8  el_after_av_social_share  el_before_av_comments_list '><span class='hr-inner ' ><span class='hr-inner-style'><\/span><\/span><\/div>\n<div  class='av-buildercomment  av-blog-meta-html-info-disabled av-blog-meta-tag-disabled  '><\/div>\n","protected":false},"excerpt":{"rendered":"","protected":false},"author":1,"featured_media":37822,"comment_status":"open","ping_status":"open","sticky":false,"template":"","format":"standard","meta":{"footnotes":""},"categories":[52,38],"tags":[],"class_list":["post-37821","post","type-post","status-publish","format-standard","has-post-thumbnail","hentry","category-cultura","category-regional"],"jetpack_featured_media_url":"https:\/\/radiorevelacionfm.cl\/wp-content\/uploads\/2023\/12\/angel-parra-en-coyhaique3-1-1.jpg","_links":{"self":[{"href":"https:\/\/radiorevelacionfm.cl\/index.php?rest_route=\/wp\/v2\/posts\/37821","targetHints":{"allow":["GET"]}}],"collection":[{"href":"https:\/\/radiorevelacionfm.cl\/index.php?rest_route=\/wp\/v2\/posts"}],"about":[{"href":"https:\/\/radiorevelacionfm.cl\/index.php?rest_route=\/wp\/v2\/types\/post"}],"author":[{"embeddable":true,"href":"https:\/\/radiorevelacionfm.cl\/index.php?rest_route=\/wp\/v2\/users\/1"}],"replies":[{"embeddable":true,"href":"https:\/\/radiorevelacionfm.cl\/index.php?rest_route=%2Fwp%2Fv2%2Fcomments&post=37821"}],"version-history":[{"count":1,"href":"https:\/\/radiorevelacionfm.cl\/index.php?rest_route=\/wp\/v2\/posts\/37821\/revisions"}],"predecessor-version":[{"id":37823,"href":"https:\/\/radiorevelacionfm.cl\/index.php?rest_route=\/wp\/v2\/posts\/37821\/revisions\/37823"}],"wp:featuredmedia":[{"embeddable":true,"href":"https:\/\/radiorevelacionfm.cl\/index.php?rest_route=\/wp\/v2\/media\/37822"}],"wp:attachment":[{"href":"https:\/\/radiorevelacionfm.cl\/index.php?rest_route=%2Fwp%2Fv2%2Fmedia&parent=37821"}],"wp:term":[{"taxonomy":"category","embeddable":true,"href":"https:\/\/radiorevelacionfm.cl\/index.php?rest_route=%2Fwp%2Fv2%2Fcategories&post=37821"},{"taxonomy":"post_tag","embeddable":true,"href":"https:\/\/radiorevelacionfm.cl\/index.php?rest_route=%2Fwp%2Fv2%2Ftags&post=37821"}],"curies":[{"name":"wp","href":"https:\/\/api.w.org\/{rel}","templated":true}]}}