{"id":37816,"date":"2023-12-08T15:34:53","date_gmt":"2023-12-08T18:34:53","guid":{"rendered":"https:\/\/radiorevelacionfm.cl\/?p=37816"},"modified":"2023-12-08T21:33:42","modified_gmt":"2023-12-09T00:33:42","slug":"dpp-general-carrera-y-corfo-impulsan-a-emprendedores-y-empresarios-locales-de-chile-chico-con-capacitacion-en-dfl-15","status":"publish","type":"post","link":"https:\/\/radiorevelacionfm.cl\/?p=37816","title":{"rendered":"Impulsan a emprendedores y empresarios locales de Chile Chico con capacitaci\u00f3n en DFL-15"},"content":{"rendered":"<div class=\"flex_column av_one_full  flex_column_div av-zero-column-padding first  avia-builder-el-0  el_before_av_one_full  avia-builder-el-first  \" style='border-radius:0px; '><div  class='avia-image-container  av-styling-    avia-builder-el-1  avia-builder-el-no-sibling  avia-align-center '  itemprop=\"image\" itemscope=\"itemscope\" itemtype=\"https:\/\/schema.org\/ImageObject\"  ><div class='avia-image-container-inner'><div class='avia-image-overlay-wrap'><img decoding=\"async\" class='wp-image-37817 avia-img-lazy-loading-not-37817 avia_image' src=\"https:\/\/radiorevelacionfm.cl\/wp-content\/uploads\/2023\/12\/DSCN6056-1-1.jpg\" alt='' title='DSCN6056 (1) (1)' height=\"600\" width=\"800\"  itemprop=\"thumbnailUrl\" srcset=\"https:\/\/radiorevelacionfm.cl\/wp-content\/uploads\/2023\/12\/DSCN6056-1-1.jpg 800w, https:\/\/radiorevelacionfm.cl\/wp-content\/uploads\/2023\/12\/DSCN6056-1-1-300x225.jpg 300w, https:\/\/radiorevelacionfm.cl\/wp-content\/uploads\/2023\/12\/DSCN6056-1-1-768x576.jpg 768w, https:\/\/radiorevelacionfm.cl\/wp-content\/uploads\/2023\/12\/DSCN6056-1-1-705x529.jpg 705w, https:\/\/radiorevelacionfm.cl\/wp-content\/uploads\/2023\/12\/DSCN6056-1-1-450x338.jpg 450w, https:\/\/radiorevelacionfm.cl\/wp-content\/uploads\/2023\/12\/DSCN6056-1-1-600x450.jpg 600w\" sizes=\"(max-width: 800px) 100vw, 800px\" \/><\/div><\/div><\/div><\/div>\n<div class=\"flex_column av_one_full  flex_column_div av-zero-column-padding first  avia-builder-el-2  el_after_av_one_full  el_before_av_one_full  column-top-margin\" style='border-radius:0px; '><section class=\"av_textblock_section \"  itemscope=\"itemscope\" itemtype=\"https:\/\/schema.org\/BlogPosting\" itemprop=\"blogPost\" ><div class='avia_textblock  '   itemprop=\"text\" ><p style=\"text-align: center;\"><span style=\"font-size: 18pt;\"><strong>Impulsan a emprendedores y empresarios locales de Chile Chico con capacitaci\u00f3n en DFL-15<\/strong><\/span><\/p>\n<div id=\"gtx-trans\" style=\"position: absolute; left: -50px; top: 4.31534px;\">\n<div class=\"gtx-trans-icon\"><\/div>\n<\/div>\n<\/div><\/section><\/div><div class=\"flex_column av_one_full  flex_column_div av-zero-column-padding first  avia-builder-el-4  el_after_av_one_full  el_before_av_hr  column-top-margin\" style='border-radius:0px; '><section class=\"av_textblock_section \"  itemscope=\"itemscope\" itemtype=\"https:\/\/schema.org\/BlogPosting\" itemprop=\"blogPost\" ><div class='avia_textblock  '   itemprop=\"text\" ><p style=\"text-align: justify;\">CORFO est\u00e1 llevando a cabo una serie de capacitaciones dirigida a emprendedores y empresarios locales para potenciar sus inversiones mediante el instrumento DFL-15. En esta ocasi\u00f3n llegaron hasta la ciudad del sol donde pudieron guiar a m\u00e1s de 10 emprendedores en la postulaci\u00f3n.<\/p>\n<p style=\"text-align: justify;\">El DFL-15, un subsidio, que bonifica inversiones y reinversiones en un 20%, exclusivo para zonas extremas, se ha convertido en una herramienta clave para el crecimiento empresarial en la regi\u00f3n de Ays\u00e9n.<\/p>\n<p style=\"text-align: justify;\">El delegado presidencial provincial de General Carrera, Crist\u00f3bal Barcel\u00f3, destac\u00f3 la posibilidad de traer esta actividad fuera de Coyhaique valorando la disposici\u00f3n de CORFO a trav\u00e9s de su director regional Humberto Mar\u00edn y tambi\u00e9n se\u00f1al\u00f3 que \u201cAgradecemos la exposici\u00f3n que desde CORFO hoy d\u00eda nos vino a hacer el profesional C\u00e9sar G\u00f3mez, como un hito de descentralizaci\u00f3n de poder tener ac\u00e1 los profesionales y a los servicios. Poder comunicar a toda la comunidad, a los interesados a los emprendedores y Pymes de Chile Chico que tuvieron la posibilidad de aclarar consultas\u201d cerr\u00f3 la autoridad provincial.<\/p>\n<p style=\"text-align: justify;\">Por su parte C\u00e9sar G\u00f3mez, ejecutivo t\u00e9cnico de CORFO Ays\u00e9n, destac\u00f3 la charla y la participaci\u00f3n indicando que \u201cEstas instancias siempre son buenas para interactuar con las personas y conocer cu\u00e1les son sus necesidades y ver de qu\u00e9 manera las podemos ayudar\u201d a lo que agreg\u00f3 que \u201cSiempre est\u00e1n las ganas de venir a apoyar y poder guiar en la postulaci\u00f3n que ya pronto cierra\u201d<\/p>\n<p style=\"text-align: justify;\">Una de las personas que asisti\u00f3 a la exposici\u00f3n fue Luis Salinas, quien valor\u00f3 la instancia comentando que \u201cPudimos realizar consultas, revisar las bases de postulaci\u00f3n, conocer el formulario de postulaci\u00f3n, peque\u00f1as modificaciones que se han realizado respecto a bases de a\u00f1os anteriores y realizar consultas puntuales de cada empresa y empresario\u201d, adicionalmente resalt\u00f3 el tiempo entregado a este taller por parte del profesional de CORFO que permiti\u00f3 resolver los temas espec\u00edficos de todos los asistentes.<\/p>\n<p style=\"text-align: justify;\">Con estas iniciativas, como Gobierno reafirmamos nuestro compromiso con el desarrollo empresarial local y equitativo con todas las regiones del pa\u00eds, creando un entorno propicio para el crecimiento econ\u00f3mico. La postulaci\u00f3n para el DFL-15 se encuentra abierta hasta el mediod\u00eda del 2 de enero de 2024.<\/p>\n<\/div><\/section><\/div><\/p>\n<div  style='height:50px' class='hr hr-invisible   avia-builder-el-6  el_after_av_one_full  el_before_av_social_share '><span class='hr-inner ' ><span class='hr-inner-style'><\/span><\/span><\/div>\n<div  class='av-social-sharing-box  avia-builder-el-7  el_after_av_hr  el_before_av_hr  '><div class='av-share-box'><h5 class='av-share-link-description av-no-toc '>Compartir esta noticia<\/h5><ul class='av-share-box-list noLightbox'><li class='av-share-link av-social-link-facebook' ><a target=\"_blank\" aria-label=\"Compartir en Facebook\" href='https:\/\/www.facebook.com\/sharer.php?u=https:\/\/radiorevelacionfm.cl\/?p=37816&#038;t=Impulsan%20a%20emprendedores%20y%20empresarios%20locales%20de%20Chile%20Chico%20con%20capacitaci%C3%B3n%20en%20DFL-15' aria-hidden='false' data-av_icon='\ue8f3' data-av_iconfont='entypo-fontello' title='' data-avia-related-tooltip='Compartir en Facebook' rel=\"noopener\"><span class='avia_hidden_link_text'>Compartir en Facebook<\/span><\/a><\/li><li class='av-share-link av-social-link-twitter' ><a target=\"_blank\" aria-label=\"Compartir en Twitter\" href='https:\/\/twitter.com\/share?text=Impulsan%20a%20emprendedores%20y%20empresarios%20locales%20de%20Chile%20Chico%20con%20capacitaci%C3%B3n%20en%20DFL-15&#038;url=https:\/\/radiorevelacionfm.cl\/?p=37816' aria-hidden='false' data-av_icon='\ue8f1' data-av_iconfont='entypo-fontello' title='' data-avia-related-tooltip='Compartir en Twitter' rel=\"noopener\"><span class='avia_hidden_link_text'>Compartir en Twitter<\/span><\/a><\/li><li class='av-share-link av-social-link-whatsapp' ><a target=\"_blank\" aria-label=\"Compartir en Whatsapp\" href='https:\/\/api.whatsapp.com\/send?text=https:\/\/radiorevelacionfm.cl\/?p=37816' aria-hidden='false' data-av_icon='\uf232' data-av_iconfont='entypo-fontello' title='' data-avia-related-tooltip='Compartir en Whatsapp' rel=\"noopener\"><span class='avia_hidden_link_text'>Compartir en Whatsapp<\/span><\/a><\/li><li class='av-share-link av-social-link-linkedin' ><a target=\"_blank\" aria-label=\"Compartir en LinkedIn\" href='https:\/\/linkedin.com\/shareArticle?mini=true&#038;title=Impulsan%20a%20emprendedores%20y%20empresarios%20locales%20de%20Chile%20Chico%20con%20capacitaci%C3%B3n%20en%20DFL-15&#038;url=https:\/\/radiorevelacionfm.cl\/?p=37816' aria-hidden='false' data-av_icon='\ue8fc' data-av_iconfont='entypo-fontello' title='' data-avia-related-tooltip='Compartir en LinkedIn' rel=\"noopener\"><span class='avia_hidden_link_text'>Compartir en LinkedIn<\/span><\/a><\/li><li class='av-share-link av-social-link-mail' ><a  aria-label=\"Compartir por correo\" href='mailto:?subject=Impulsan%20a%20emprendedores%20y%20empresarios%20locales%20de%20Chile%20Chico%20con%20capacitaci%C3%B3n%20en%20DFL-15&#038;body=https:\/\/radiorevelacionfm.cl\/?p=37816' aria-hidden='false' data-av_icon='\ue805' data-av_iconfont='entypo-fontello' title='' data-avia-related-tooltip='Compartir por correo'><span class='avia_hidden_link_text'>Compartir por correo<\/span><\/a><\/li><\/ul><\/div><\/div>\n<div  style='height:50px' class='hr hr-invisible   avia-builder-el-8  el_after_av_social_share  el_before_av_comments_list '><span class='hr-inner ' ><span class='hr-inner-style'><\/span><\/span><\/div>\n<div  class='av-buildercomment  av-blog-meta-html-info-disabled av-blog-meta-tag-disabled  '><\/div>\n","protected":false},"excerpt":{"rendered":"","protected":false},"author":1,"featured_media":37817,"comment_status":"open","ping_status":"open","sticky":false,"template":"","format":"standard","meta":{"footnotes":""},"categories":[38],"tags":[],"class_list":["post-37816","post","type-post","status-publish","format-standard","has-post-thumbnail","hentry","category-regional"],"jetpack_featured_media_url":"https:\/\/radiorevelacionfm.cl\/wp-content\/uploads\/2023\/12\/DSCN6056-1-1.jpg","_links":{"self":[{"href":"https:\/\/radiorevelacionfm.cl\/index.php?rest_route=\/wp\/v2\/posts\/37816","targetHints":{"allow":["GET"]}}],"collection":[{"href":"https:\/\/radiorevelacionfm.cl\/index.php?rest_route=\/wp\/v2\/posts"}],"about":[{"href":"https:\/\/radiorevelacionfm.cl\/index.php?rest_route=\/wp\/v2\/types\/post"}],"author":[{"embeddable":true,"href":"https:\/\/radiorevelacionfm.cl\/index.php?rest_route=\/wp\/v2\/users\/1"}],"replies":[{"embeddable":true,"href":"https:\/\/radiorevelacionfm.cl\/index.php?rest_route=%2Fwp%2Fv2%2Fcomments&post=37816"}],"version-history":[{"count":2,"href":"https:\/\/radiorevelacionfm.cl\/index.php?rest_route=\/wp\/v2\/posts\/37816\/revisions"}],"predecessor-version":[{"id":37829,"href":"https:\/\/radiorevelacionfm.cl\/index.php?rest_route=\/wp\/v2\/posts\/37816\/revisions\/37829"}],"wp:featuredmedia":[{"embeddable":true,"href":"https:\/\/radiorevelacionfm.cl\/index.php?rest_route=\/wp\/v2\/media\/37817"}],"wp:attachment":[{"href":"https:\/\/radiorevelacionfm.cl\/index.php?rest_route=%2Fwp%2Fv2%2Fmedia&parent=37816"}],"wp:term":[{"taxonomy":"category","embeddable":true,"href":"https:\/\/radiorevelacionfm.cl\/index.php?rest_route=%2Fwp%2Fv2%2Fcategories&post=37816"},{"taxonomy":"post_tag","embeddable":true,"href":"https:\/\/radiorevelacionfm.cl\/index.php?rest_route=%2Fwp%2Fv2%2Ftags&post=37816"}],"curies":[{"name":"wp","href":"https:\/\/api.w.org\/{rel}","templated":true}]}}