{"id":37813,"date":"2023-12-08T11:55:31","date_gmt":"2023-12-08T14:55:31","guid":{"rendered":"https:\/\/radiorevelacionfm.cl\/?p=37813"},"modified":"2023-12-08T11:55:31","modified_gmt":"2023-12-08T14:55:31","slug":"edelaysen-lidera-campana-de-prevencion-y-seguridad-en-fiestas-de-fin-de-ano","status":"publish","type":"post","link":"https:\/\/radiorevelacionfm.cl\/?p=37813","title":{"rendered":"Edelaysen lidera campa\u00f1a de prevenci\u00f3n y seguridad en fiestas de fin de a\u00f1o"},"content":{"rendered":"<div class=\"flex_column av_one_full  flex_column_div av-zero-column-padding first  avia-builder-el-0  el_before_av_one_full  avia-builder-el-first  \" style='border-radius:0px; '><div  class='avia-image-container  av-styling-    avia-builder-el-1  avia-builder-el-no-sibling  avia-align-center '  itemprop=\"image\" itemscope=\"itemscope\" itemtype=\"https:\/\/schema.org\/ImageObject\"  ><div class='avia-image-container-inner'><div class='avia-image-overlay-wrap'><img decoding=\"async\" class='wp-image-37814 avia-img-lazy-loading-not-37814 avia_image' src=\"https:\/\/radiorevelacionfm.cl\/wp-content\/uploads\/2023\/12\/campana-navidad1-1_optimized.jpeg\" alt='' title='campa\u00f1a-navidad1-(1)_optimized' height=\"600\" width=\"800\"  itemprop=\"thumbnailUrl\" srcset=\"https:\/\/radiorevelacionfm.cl\/wp-content\/uploads\/2023\/12\/campana-navidad1-1_optimized.jpeg 800w, https:\/\/radiorevelacionfm.cl\/wp-content\/uploads\/2023\/12\/campana-navidad1-1_optimized-300x225.jpeg 300w, https:\/\/radiorevelacionfm.cl\/wp-content\/uploads\/2023\/12\/campana-navidad1-1_optimized-768x576.jpeg 768w, https:\/\/radiorevelacionfm.cl\/wp-content\/uploads\/2023\/12\/campana-navidad1-1_optimized-705x529.jpeg 705w, https:\/\/radiorevelacionfm.cl\/wp-content\/uploads\/2023\/12\/campana-navidad1-1_optimized-450x338.jpeg 450w, https:\/\/radiorevelacionfm.cl\/wp-content\/uploads\/2023\/12\/campana-navidad1-1_optimized-600x450.jpeg 600w\" sizes=\"(max-width: 800px) 100vw, 800px\" \/><\/div><\/div><\/div><\/div><div class=\"flex_column av_one_full  flex_column_div av-zero-column-padding first  avia-builder-el-2  el_after_av_one_full  el_before_av_one_full  column-top-margin\" style='border-radius:0px; '><section class=\"av_textblock_section \"  itemscope=\"itemscope\" itemtype=\"https:\/\/schema.org\/BlogPosting\" itemprop=\"blogPost\" ><div class='avia_textblock  '   itemprop=\"text\" ><p style=\"text-align: center;\"><span style=\"font-size: 18pt;\"><strong>Edelaysen lidera campa\u00f1a de prevenci\u00f3n y seguridad en fiestas de fin de a\u00f1o<\/strong><\/span><\/p>\n<div id=\"gtx-trans\" style=\"position: absolute; left: -50px; top: 4.31534px;\">\n<div class=\"gtx-trans-icon\"><\/div>\n<\/div>\n<\/div><\/section><\/div><div class=\"flex_column av_one_full  flex_column_div av-zero-column-padding first  avia-builder-el-4  el_after_av_one_full  el_before_av_hr  column-top-margin\" style='border-radius:0px; '><section class=\"av_textblock_section \"  itemscope=\"itemscope\" itemtype=\"https:\/\/schema.org\/BlogPosting\" itemprop=\"blogPost\" ><div class='avia_textblock  '   itemprop=\"text\" ><p style=\"text-align: justify;\"><em>En colaboraci\u00f3n con el director del Senapred, se reforz\u00f3 la importancia de la seguridad en estas festividades, promoviendo el comercio formal y certificaci\u00f3n de elementos navide\u00f1os.<\/em><\/p>\n<p style=\"text-align: justify;\">En el marco de las festividades de fin de a\u00f1o, Edelaysen realiz\u00f3 lanzamiento de campa\u00f1a de prevenci\u00f3n y seguridad, orientada a concientizar sobre la importancia de elegir el comercio formal y garantizar la certificaci\u00f3n de elementos esenciales, como las luces navide\u00f1as.<\/p>\n<p style=\"text-align: justify;\">Acompa\u00f1ados por el director del Servicio Nacional de Prevenci\u00f3n y Respuesta ante Desastres (Senapred) Sidi Bravo, Patricio Raimilla jefe de Servicio al Cliente y el gerente de Sodimac Homecenter \u00c1ngelo Ovalle, se difundi\u00f3 este mensaje de concientizaci\u00f3n sobre los riesgos asociados con la compra de productos no certificados. Esta iniciativa busca sensibilizar a los consumidores sobre la relevancia de preferir establecimientos formales para asegurar la calidad y seguridad de los productos adquiridos.<\/p>\n<p style=\"text-align: justify;\">Patricio Raimilla, de Edelaysen expres\u00f3 que: \u201cComo empresa el\u00e9ctrica, la seguridad y el bienestar de nuestros clientes, son nuestra m\u00e1xima prioridad. En estas festividades, queremos recordarles la importancia de elegir productos certificados y de calidad para garantizar la seguridad en sus hogares. En ese sentido, estamos comprometidos con brindar informaci\u00f3n para que todos disfruten de unas fiestas seguras y alegres. En Edelaysen, trabajamos incansablemente para ofrecer servicios confiables y seguros, y esta campa\u00f1a refleja nuestro compromiso continuo con la seguridad de la comunidad. Les deseamos a todos unas felices y seguras fiestas de fin de a\u00f1o\u201d.<\/p>\n<p style=\"text-align: justify;\">Por su parte, el director de Senapred Sidi Bravo, expres\u00f3 su apoyo a la campa\u00f1a, destacando la necesidad de adoptar medidas preventivas durante las festividades. \u201cEs fundamental que la ciudadan\u00eda tome conciencia de la importancia de elegir productos certificados, especialmente en esta temporada en la que la decoraci\u00f3n y la iluminaci\u00f3n son parte integral de las festividades\u201d.<\/p>\n<p style=\"text-align: justify;\">Durante la visita a Sodimac Homecenter de la comuna de Coyhaique, las autoridades brindaron consejos pr\u00e1cticos con los clientes sobre la seguridad el\u00e9ctrica y la correcta instalaci\u00f3n de luces navide\u00f1as. Adem\u00e1s, se resalt\u00f3 la necesidad de evitar conexiones el\u00e9ctricas improvisadas y de confiar \u00fanicamente en productos certificados que cumplan con los est\u00e1ndares de seguridad.<\/p>\n<\/div><\/section><\/div><div  style='height:50px' class='hr hr-invisible   avia-builder-el-6  el_after_av_one_full  el_before_av_social_share '><span class='hr-inner ' ><span class='hr-inner-style'><\/span><\/span><\/div><\/p>\n<div  class='av-social-sharing-box  avia-builder-el-7  el_after_av_hr  el_before_av_hr  '><div class='av-share-box'><h5 class='av-share-link-description av-no-toc '>Compartir esta noticia<\/h5><ul class='av-share-box-list noLightbox'><li class='av-share-link av-social-link-facebook' ><a target=\"_blank\" aria-label=\"Compartir en Facebook\" href='https:\/\/www.facebook.com\/sharer.php?u=https:\/\/radiorevelacionfm.cl\/?p=37813&#038;t=Edelaysen%20lidera%20campa%C3%B1a%20de%20prevenci%C3%B3n%20y%20seguridad%20en%20fiestas%20de%20fin%20de%20a%C3%B1o' aria-hidden='false' data-av_icon='\ue8f3' data-av_iconfont='entypo-fontello' title='' data-avia-related-tooltip='Compartir en Facebook' rel=\"noopener\"><span class='avia_hidden_link_text'>Compartir en Facebook<\/span><\/a><\/li><li class='av-share-link av-social-link-twitter' ><a target=\"_blank\" aria-label=\"Compartir en Twitter\" href='https:\/\/twitter.com\/share?text=Edelaysen%20lidera%20campa%C3%B1a%20de%20prevenci%C3%B3n%20y%20seguridad%20en%20fiestas%20de%20fin%20de%20a%C3%B1o&#038;url=https:\/\/radiorevelacionfm.cl\/?p=37813' aria-hidden='false' data-av_icon='\ue8f1' data-av_iconfont='entypo-fontello' title='' data-avia-related-tooltip='Compartir en Twitter' rel=\"noopener\"><span class='avia_hidden_link_text'>Compartir en Twitter<\/span><\/a><\/li><li class='av-share-link av-social-link-whatsapp' ><a target=\"_blank\" aria-label=\"Compartir en Whatsapp\" href='https:\/\/api.whatsapp.com\/send?text=https:\/\/radiorevelacionfm.cl\/?p=37813' aria-hidden='false' data-av_icon='\uf232' data-av_iconfont='entypo-fontello' title='' data-avia-related-tooltip='Compartir en Whatsapp' rel=\"noopener\"><span class='avia_hidden_link_text'>Compartir en Whatsapp<\/span><\/a><\/li><li class='av-share-link av-social-link-linkedin' ><a target=\"_blank\" aria-label=\"Compartir en LinkedIn\" href='https:\/\/linkedin.com\/shareArticle?mini=true&#038;title=Edelaysen%20lidera%20campa%C3%B1a%20de%20prevenci%C3%B3n%20y%20seguridad%20en%20fiestas%20de%20fin%20de%20a%C3%B1o&#038;url=https:\/\/radiorevelacionfm.cl\/?p=37813' aria-hidden='false' data-av_icon='\ue8fc' data-av_iconfont='entypo-fontello' title='' data-avia-related-tooltip='Compartir en LinkedIn' rel=\"noopener\"><span class='avia_hidden_link_text'>Compartir en LinkedIn<\/span><\/a><\/li><li class='av-share-link av-social-link-mail' ><a  aria-label=\"Compartir por correo\" href='mailto:?subject=Edelaysen%20lidera%20campa%C3%B1a%20de%20prevenci%C3%B3n%20y%20seguridad%20en%20fiestas%20de%20fin%20de%20a%C3%B1o&#038;body=https:\/\/radiorevelacionfm.cl\/?p=37813' aria-hidden='false' data-av_icon='\ue805' data-av_iconfont='entypo-fontello' title='' data-avia-related-tooltip='Compartir por correo'><span class='avia_hidden_link_text'>Compartir por correo<\/span><\/a><\/li><\/ul><\/div><\/div>\n<div  style='height:50px' class='hr hr-invisible   avia-builder-el-8  el_after_av_social_share  el_before_av_comments_list '><span class='hr-inner ' ><span class='hr-inner-style'><\/span><\/span><\/div>\n<div  class='av-buildercomment  av-blog-meta-html-info-disabled av-blog-meta-tag-disabled  '><\/div>\n","protected":false},"excerpt":{"rendered":"","protected":false},"author":1,"featured_media":37814,"comment_status":"open","ping_status":"open","sticky":false,"template":"","format":"standard","meta":{"footnotes":""},"categories":[38],"tags":[],"class_list":["post-37813","post","type-post","status-publish","format-standard","has-post-thumbnail","hentry","category-regional"],"jetpack_featured_media_url":"https:\/\/radiorevelacionfm.cl\/wp-content\/uploads\/2023\/12\/campana-navidad1-1_optimized.jpeg","_links":{"self":[{"href":"https:\/\/radiorevelacionfm.cl\/index.php?rest_route=\/wp\/v2\/posts\/37813","targetHints":{"allow":["GET"]}}],"collection":[{"href":"https:\/\/radiorevelacionfm.cl\/index.php?rest_route=\/wp\/v2\/posts"}],"about":[{"href":"https:\/\/radiorevelacionfm.cl\/index.php?rest_route=\/wp\/v2\/types\/post"}],"author":[{"embeddable":true,"href":"https:\/\/radiorevelacionfm.cl\/index.php?rest_route=\/wp\/v2\/users\/1"}],"replies":[{"embeddable":true,"href":"https:\/\/radiorevelacionfm.cl\/index.php?rest_route=%2Fwp%2Fv2%2Fcomments&post=37813"}],"version-history":[{"count":1,"href":"https:\/\/radiorevelacionfm.cl\/index.php?rest_route=\/wp\/v2\/posts\/37813\/revisions"}],"predecessor-version":[{"id":37815,"href":"https:\/\/radiorevelacionfm.cl\/index.php?rest_route=\/wp\/v2\/posts\/37813\/revisions\/37815"}],"wp:featuredmedia":[{"embeddable":true,"href":"https:\/\/radiorevelacionfm.cl\/index.php?rest_route=\/wp\/v2\/media\/37814"}],"wp:attachment":[{"href":"https:\/\/radiorevelacionfm.cl\/index.php?rest_route=%2Fwp%2Fv2%2Fmedia&parent=37813"}],"wp:term":[{"taxonomy":"category","embeddable":true,"href":"https:\/\/radiorevelacionfm.cl\/index.php?rest_route=%2Fwp%2Fv2%2Fcategories&post=37813"},{"taxonomy":"post_tag","embeddable":true,"href":"https:\/\/radiorevelacionfm.cl\/index.php?rest_route=%2Fwp%2Fv2%2Ftags&post=37813"}],"curies":[{"name":"wp","href":"https:\/\/api.w.org\/{rel}","templated":true}]}}