{"id":37807,"date":"2023-12-07T19:29:01","date_gmt":"2023-12-07T22:29:01","guid":{"rendered":"https:\/\/radiorevelacionfm.cl\/?p=37807"},"modified":"2023-12-07T19:29:01","modified_gmt":"2023-12-07T22:29:01","slug":"en-sesion-solemne-asumio-la-nueva-concejala-de-aysen-monica-navarrete-matamala","status":"publish","type":"post","link":"https:\/\/radiorevelacionfm.cl\/?p=37807","title":{"rendered":"En sesi\u00f3n solemne asumi\u00f3 la nueva Concejala de Ays\u00e9n M\u00f3nica Navarrete Matamala"},"content":{"rendered":"<div class=\"flex_column av_one_full  flex_column_div av-zero-column-padding first  avia-builder-el-0  el_before_av_one_full  avia-builder-el-first  \" style='border-radius:0px; '><div  class='avia-image-container  av-styling-    avia-builder-el-1  avia-builder-el-no-sibling  avia-align-center '  itemprop=\"image\" itemscope=\"itemscope\" itemtype=\"https:\/\/schema.org\/ImageObject\"  ><div class='avia-image-container-inner'><div class='avia-image-overlay-wrap'><img decoding=\"async\" class='wp-image-37808 avia-img-lazy-loading-not-37808 avia_image' src=\"https:\/\/radiorevelacionfm.cl\/wp-content\/uploads\/2023\/12\/ASUME-MONICA-NAVARRETE-3-1-1.jpg\" alt='' title='ASUME MONICA NAVARRETE 3 (1) (1)' height=\"600\" width=\"900\"  itemprop=\"thumbnailUrl\" srcset=\"https:\/\/radiorevelacionfm.cl\/wp-content\/uploads\/2023\/12\/ASUME-MONICA-NAVARRETE-3-1-1.jpg 900w, https:\/\/radiorevelacionfm.cl\/wp-content\/uploads\/2023\/12\/ASUME-MONICA-NAVARRETE-3-1-1-300x200.jpg 300w, https:\/\/radiorevelacionfm.cl\/wp-content\/uploads\/2023\/12\/ASUME-MONICA-NAVARRETE-3-1-1-768x512.jpg 768w, https:\/\/radiorevelacionfm.cl\/wp-content\/uploads\/2023\/12\/ASUME-MONICA-NAVARRETE-3-1-1-705x470.jpg 705w, https:\/\/radiorevelacionfm.cl\/wp-content\/uploads\/2023\/12\/ASUME-MONICA-NAVARRETE-3-1-1-450x300.jpg 450w, https:\/\/radiorevelacionfm.cl\/wp-content\/uploads\/2023\/12\/ASUME-MONICA-NAVARRETE-3-1-1-600x400.jpg 600w\" sizes=\"(max-width: 900px) 100vw, 900px\" \/><\/div><\/div><\/div><\/div><div class=\"flex_column av_one_full  flex_column_div av-zero-column-padding first  avia-builder-el-2  el_after_av_one_full  el_before_av_one_full  column-top-margin\" style='border-radius:0px; '><section class=\"av_textblock_section \"  itemscope=\"itemscope\" itemtype=\"https:\/\/schema.org\/BlogPosting\" itemprop=\"blogPost\" ><div class='avia_textblock  '   itemprop=\"text\" ><p style=\"text-align: center;\"><span style=\"font-size: 18pt;\"><strong>En sesi\u00f3n solemne asumi\u00f3 la nueva Concejala de Ays\u00e9n M\u00f3nica Navarrete Matamala<\/strong><\/span><\/p>\n<div id=\"gtx-trans\" style=\"position: absolute; left: -50px; top: 4.31534px;\">\n<div class=\"gtx-trans-icon\"><\/div>\n<\/div>\n<\/div><\/section><\/div><div class=\"flex_column av_one_full  flex_column_div av-zero-column-padding first  avia-builder-el-4  el_after_av_one_full  el_before_av_hr  column-top-margin\" style='border-radius:0px; '><section class=\"av_textblock_section \"  itemscope=\"itemscope\" itemtype=\"https:\/\/schema.org\/BlogPosting\" itemprop=\"blogPost\" ><div class='avia_textblock  '   itemprop=\"text\" ><p style=\"text-align: justify;\">La ma\u00f1ana de este jueves, en una sesi\u00f3n solemne del Concejo Municipal de Ays\u00e9n, jur\u00f3 y asumi\u00f3 como nueva Concejala, M\u00f3nica Navarrete Matamala. Esto luego de la renuncia voluntaria presentada por la ex Concejala Rosa Gonz\u00e1lez B\u00f3rquez, se ha producido una vacante que es provista mediante un nuevo fallo del Tribunal Electoral Regional de Ays\u00e9n y que en este acto se hizo efectiva.<\/p>\n<p style=\"text-align: justify;\">El Alcalde, Julio Uribe Alvarado, felicit\u00f3 a la nueva autoridad, relevando su labor como dirigente social.<\/p>\n<p style=\"text-align: justify;\">\u201cUn gusto poder tomar juramento a nuestra nueva Concejala, es un desaf\u00edo tremendo, ella fue candidata, fue votada por nuestra comunidad y est\u00e1 asumiendo hoy este rol, que es uno de los m\u00e1s importantes de nuestra comuna. Tengo en ella las esperanzas de poder tener un trabajo que perdure en el tiempo, un trabajo donde ayudemos a la comunidad y creo que en eso M\u00f3nica Navarrete tiene algo especial, porque ella ha trabajado en materias de salud, seguridad p\u00fablica, en las diferentes juntas de vecinos, por lo tanto, ella tiene una trayectoria social muy grande, que creo le viene muy bien a nuestro Concejo Municipal\u201d.<\/p>\n<p style=\"text-align: justify;\">La nueva Concejala de la comuna de Ays\u00e9n, M\u00f3nica Navarrete Matamala, se mostr\u00f3 feliz de integrarse al cuerpo colegiado, pero tambi\u00e9n ansiosa debido a la enorme responsabilidad que desde ahora a*sume.<\/p>\n<p style=\"text-align: justify;\">\u201cNerviosa, ansiosa, pero tranquila, confiando en Dios que me va a dar la fortaleza y la sabidur\u00eda para tener un buen desempe\u00f1o en este nuevo desaf\u00edo que comienza en el d\u00eda de hoy. Hasta ayer deje de ser dirigenta, pero siempre voy a trabajar en post de la comunidad y ayudando en todo lo que se pueda, seguir lo mismo que se estaba haciendo, nada m\u00e1s que desde otra vereda. Cada vez que se den las oportunidades, voy a ir planteando todo lo que pueda ir aportando a nuestra comunidad\u201d.<\/p>\n<p style=\"text-align: justify;\">A trav\u00e9s del conocimiento adquirido como dirigenta vecinal, de comit\u00e9s de vivienda, en el \u00e1rea salud, entre otros, espera tambi\u00e9n poner sobre la mesa estos temas tan importantes para la comunidad, agreg\u00f3 M\u00f3nica Navarrete.<\/p>\n<p style=\"text-align: justify;\">\u201cHay comit\u00e9s de vivienda que a\u00fan les falta encontrar terreno, tienen problemas de \u00e1reas verdes, sedes comunitarias, tenemos muchos vecinos que viven en hacinamiento y la idea es ir plasmando el tema habitacional. En educaci\u00f3n tambi\u00e9n tenemos varios problemas con algunos establecimientos, donde su infraestructura no est\u00e1 en condiciones y hay que ir mejor\u00e1ndolas, son cosas que hay que ir mejorando, tomando en consideraci\u00f3n que despu\u00e9s del 31 de diciembre pasa al SLEP, pero igual vamos a ver como los podemos ayudar en cada instancia que se me permita, voy a estar aportando algo para la comunidad\u201d.<\/p>\n<p style=\"text-align: justify;\">Fue una jornada muy emotiva, principalmente para la nueva autoridad comunal, quien estuvo acompa\u00f1ada de sus hijos, su esposo, en el juramento e inicio de actividades al interior del Concejo Municipal de Ays\u00e9n.<\/p>\n<\/div><\/section><\/div><div  style='height:50px' class='hr hr-invisible   avia-builder-el-6  el_after_av_one_full  el_before_av_social_share '><span class='hr-inner ' ><span class='hr-inner-style'><\/span><\/span><\/div><\/p>\n<div  class='av-social-sharing-box  avia-builder-el-7  el_after_av_hr  el_before_av_hr  '><div class='av-share-box'><h5 class='av-share-link-description av-no-toc '>Compartir esta noticia<\/h5><ul class='av-share-box-list noLightbox'><li class='av-share-link av-social-link-facebook' ><a target=\"_blank\" aria-label=\"Compartir en Facebook\" href='https:\/\/www.facebook.com\/sharer.php?u=https:\/\/radiorevelacionfm.cl\/?p=37807&#038;t=En%20sesi%C3%B3n%20solemne%20asumi%C3%B3%20la%20nueva%20Concejala%20de%20Ays%C3%A9n%20M%C3%B3nica%20Navarrete%20Matamala' aria-hidden='false' data-av_icon='\ue8f3' data-av_iconfont='entypo-fontello' title='' data-avia-related-tooltip='Compartir en Facebook' rel=\"noopener\"><span class='avia_hidden_link_text'>Compartir en Facebook<\/span><\/a><\/li><li class='av-share-link av-social-link-twitter' ><a target=\"_blank\" aria-label=\"Compartir en Twitter\" href='https:\/\/twitter.com\/share?text=En%20sesi%C3%B3n%20solemne%20asumi%C3%B3%20la%20nueva%20Concejala%20de%20Ays%C3%A9n%20M%C3%B3nica%20Navarrete%20Matamala&#038;url=https:\/\/radiorevelacionfm.cl\/?p=37807' aria-hidden='false' data-av_icon='\ue8f1' data-av_iconfont='entypo-fontello' title='' data-avia-related-tooltip='Compartir en Twitter' rel=\"noopener\"><span class='avia_hidden_link_text'>Compartir en Twitter<\/span><\/a><\/li><li class='av-share-link av-social-link-whatsapp' ><a target=\"_blank\" aria-label=\"Compartir en Whatsapp\" href='https:\/\/api.whatsapp.com\/send?text=https:\/\/radiorevelacionfm.cl\/?p=37807' aria-hidden='false' data-av_icon='\uf232' data-av_iconfont='entypo-fontello' title='' data-avia-related-tooltip='Compartir en Whatsapp' rel=\"noopener\"><span class='avia_hidden_link_text'>Compartir en Whatsapp<\/span><\/a><\/li><li class='av-share-link av-social-link-linkedin' ><a target=\"_blank\" aria-label=\"Compartir en LinkedIn\" href='https:\/\/linkedin.com\/shareArticle?mini=true&#038;title=En%20sesi%C3%B3n%20solemne%20asumi%C3%B3%20la%20nueva%20Concejala%20de%20Ays%C3%A9n%20M%C3%B3nica%20Navarrete%20Matamala&#038;url=https:\/\/radiorevelacionfm.cl\/?p=37807' aria-hidden='false' data-av_icon='\ue8fc' data-av_iconfont='entypo-fontello' title='' data-avia-related-tooltip='Compartir en LinkedIn' rel=\"noopener\"><span class='avia_hidden_link_text'>Compartir en LinkedIn<\/span><\/a><\/li><li class='av-share-link av-social-link-mail' ><a  aria-label=\"Compartir por correo\" href='mailto:?subject=En%20sesi%C3%B3n%20solemne%20asumi%C3%B3%20la%20nueva%20Concejala%20de%20Ays%C3%A9n%20M%C3%B3nica%20Navarrete%20Matamala&#038;body=https:\/\/radiorevelacionfm.cl\/?p=37807' aria-hidden='false' data-av_icon='\ue805' data-av_iconfont='entypo-fontello' title='' data-avia-related-tooltip='Compartir por correo'><span class='avia_hidden_link_text'>Compartir por correo<\/span><\/a><\/li><\/ul><\/div><\/div>\n<div  style='height:50px' class='hr hr-invisible   avia-builder-el-8  el_after_av_social_share  el_before_av_comments_list '><span class='hr-inner ' ><span class='hr-inner-style'><\/span><\/span><\/div>\n<div  class='av-buildercomment  av-blog-meta-html-info-disabled av-blog-meta-tag-disabled  '><\/div>\n","protected":false},"excerpt":{"rendered":"","protected":false},"author":1,"featured_media":37808,"comment_status":"open","ping_status":"open","sticky":false,"template":"","format":"standard","meta":{"footnotes":""},"categories":[35],"tags":[],"class_list":["post-37807","post","type-post","status-publish","format-standard","has-post-thumbnail","hentry","category-politica"],"jetpack_featured_media_url":"https:\/\/radiorevelacionfm.cl\/wp-content\/uploads\/2023\/12\/ASUME-MONICA-NAVARRETE-3-1-1.jpg","_links":{"self":[{"href":"https:\/\/radiorevelacionfm.cl\/index.php?rest_route=\/wp\/v2\/posts\/37807","targetHints":{"allow":["GET"]}}],"collection":[{"href":"https:\/\/radiorevelacionfm.cl\/index.php?rest_route=\/wp\/v2\/posts"}],"about":[{"href":"https:\/\/radiorevelacionfm.cl\/index.php?rest_route=\/wp\/v2\/types\/post"}],"author":[{"embeddable":true,"href":"https:\/\/radiorevelacionfm.cl\/index.php?rest_route=\/wp\/v2\/users\/1"}],"replies":[{"embeddable":true,"href":"https:\/\/radiorevelacionfm.cl\/index.php?rest_route=%2Fwp%2Fv2%2Fcomments&post=37807"}],"version-history":[{"count":1,"href":"https:\/\/radiorevelacionfm.cl\/index.php?rest_route=\/wp\/v2\/posts\/37807\/revisions"}],"predecessor-version":[{"id":37809,"href":"https:\/\/radiorevelacionfm.cl\/index.php?rest_route=\/wp\/v2\/posts\/37807\/revisions\/37809"}],"wp:featuredmedia":[{"embeddable":true,"href":"https:\/\/radiorevelacionfm.cl\/index.php?rest_route=\/wp\/v2\/media\/37808"}],"wp:attachment":[{"href":"https:\/\/radiorevelacionfm.cl\/index.php?rest_route=%2Fwp%2Fv2%2Fmedia&parent=37807"}],"wp:term":[{"taxonomy":"category","embeddable":true,"href":"https:\/\/radiorevelacionfm.cl\/index.php?rest_route=%2Fwp%2Fv2%2Fcategories&post=37807"},{"taxonomy":"post_tag","embeddable":true,"href":"https:\/\/radiorevelacionfm.cl\/index.php?rest_route=%2Fwp%2Fv2%2Ftags&post=37807"}],"curies":[{"name":"wp","href":"https:\/\/api.w.org\/{rel}","templated":true}]}}