{"id":37804,"date":"2023-12-07T17:30:36","date_gmt":"2023-12-07T20:30:36","guid":{"rendered":"https:\/\/radiorevelacionfm.cl\/?p=37804"},"modified":"2023-12-07T17:30:36","modified_gmt":"2023-12-07T20:30:36","slug":"gobierno-lanza-campana-prevencion-en-fiestas-de-fin-de-ano-la-seguridad-es-un-esfuerzo-colectivo","status":"publish","type":"post","link":"https:\/\/radiorevelacionfm.cl\/?p=37804","title":{"rendered":"Gobierno lanza campa\u00f1a \u201cPrevenci\u00f3n en fiestas de fin de a\u00f1o: la seguridad es un esfuerzo colectivo\u201d"},"content":{"rendered":"<div class=\"flex_column av_one_full  flex_column_div av-zero-column-padding first  avia-builder-el-0  el_before_av_one_full  avia-builder-el-first  \" style='border-radius:0px; '><div  class='avia-image-container  av-styling-    avia-builder-el-1  avia-builder-el-no-sibling  avia-align-center '  itemprop=\"image\" itemscope=\"itemscope\" itemtype=\"https:\/\/schema.org\/ImageObject\"  ><div class='avia-image-container-inner'><div class='avia-image-overlay-wrap'><img decoding=\"async\" class='wp-image-37805 avia-img-lazy-loading-not-37805 avia_image' src=\"https:\/\/radiorevelacionfm.cl\/wp-content\/uploads\/2023\/12\/01-9-3_optimized.jpg\" alt='' title='01-(9)-(3)_optimized' height=\"600\" width=\"1067\"  itemprop=\"thumbnailUrl\" srcset=\"https:\/\/radiorevelacionfm.cl\/wp-content\/uploads\/2023\/12\/01-9-3_optimized.jpg 1067w, https:\/\/radiorevelacionfm.cl\/wp-content\/uploads\/2023\/12\/01-9-3_optimized-300x169.jpg 300w, https:\/\/radiorevelacionfm.cl\/wp-content\/uploads\/2023\/12\/01-9-3_optimized-1030x579.jpg 1030w, https:\/\/radiorevelacionfm.cl\/wp-content\/uploads\/2023\/12\/01-9-3_optimized-768x432.jpg 768w, https:\/\/radiorevelacionfm.cl\/wp-content\/uploads\/2023\/12\/01-9-3_optimized-705x396.jpg 705w, https:\/\/radiorevelacionfm.cl\/wp-content\/uploads\/2023\/12\/01-9-3_optimized-450x253.jpg 450w, https:\/\/radiorevelacionfm.cl\/wp-content\/uploads\/2023\/12\/01-9-3_optimized-600x337.jpg 600w\" sizes=\"(max-width: 1067px) 100vw, 1067px\" \/><\/div><\/div><\/div><\/div><div class=\"flex_column av_one_full  flex_column_div av-zero-column-padding first  avia-builder-el-2  el_after_av_one_full  el_before_av_one_full  column-top-margin\" style='border-radius:0px; '><section class=\"av_textblock_section \"  itemscope=\"itemscope\" itemtype=\"https:\/\/schema.org\/BlogPosting\" itemprop=\"blogPost\" ><div class='avia_textblock  '   itemprop=\"text\" ><h2 class=\"title\" style=\"text-align: center;\"><span style=\"font-size: 18pt;\"><b>Gobierno lanza campa\u00f1a \u201cPrevenci\u00f3n en fiestas de fin de a\u00f1o: la seguridad es un esfuerzo colectivo\u201d<\/b><\/span><\/h2>\n<div id=\"gtx-trans\" style=\"position: absolute; left: -50px; top: 4.31534px;\">\n<div class=\"gtx-trans-icon\"><\/div>\n<\/div>\n<\/div><\/section><\/div><div class=\"flex_column av_one_full  flex_column_div av-zero-column-padding first  avia-builder-el-4  el_after_av_one_full  el_before_av_hr  column-top-margin\" style='border-radius:0px; '><section class=\"av_textblock_section \"  itemscope=\"itemscope\" itemtype=\"https:\/\/schema.org\/BlogPosting\" itemprop=\"blogPost\" ><div class='avia_textblock  '   itemprop=\"text\" ><p style=\"font-weight: 400; text-align: justify;\">\u201cPrevenci\u00f3n en fiestas de fin de a\u00f1o: la seguridad es un esfuerzo colectivo\u201d, se denomina la campa\u00f1a lanzada este jueves por el Gobierno junto al comercio para fortalecer las medidas de protecci\u00f3n de la comunidad previo a las celebraciones de navidad y a\u00f1o nuevo.<\/p>\n<p style=\"font-weight: 400; text-align: justify;\">El Delegado Presidencial Regional, Rodrigo Araya, se\u00f1al\u00f3 que se trata de acciones dirigidas desde la Subsecretar\u00eda de Prevenci\u00f3n del Delito para fortalecer la seguridad al interior de los centros comerciales, desincentivar la comisi\u00f3n de delitos, mejorar la percepci\u00f3n de delito al interior y en los alrededores de los centros comerciales y avanzar en mejorar el traspaso de informaci\u00f3n a los distintos operadores policiales como del sistema de justicia. En este punto, invit\u00f3 a usar el tel\u00e9fono *4242, con 45 reportes de la regi\u00f3n entre enero y octubre de este a\u00f1o.<\/p>\n<p style=\"font-weight: 400; text-align: justify;\">\u201cPara nuestro gobierno y nuestro presidente Gabriel Boric la seguridad p\u00fablica es un tema relevante, que cruza todas las actividades del gobierno y nosotros estamos muy interesados en que en estas fiestas de fin de a\u00f1o, las personas puedan disfrutar de manera segura. Por ello hemos coordinado con todas las instituciones p\u00fablicas que tienen que ver con seguridad, que eso pueda realizarse as\u00ed y, ante cualquier evento o situaci\u00f3n, el n\u00famero *4242 est\u00e1 disponible las 24 horas del d\u00eda y los siete d\u00edas de la semana\u201d, indic\u00f3 el Delegado Presidencial Regional, Rodrigo Araya.<\/p>\n<p style=\"font-weight: 400; text-align: justify;\">La directora de la C\u00e1mara de Comercio de Coyhaique Daisy Mondelo agreg\u00f3 que \u201cnuestra C\u00e1mara Nacional, junto a las c\u00e1maras regionales -como la de Coyhaique- y junto con el Gobierno y Subsecretar\u00eda de Prevenci\u00f3n del Delito, ha lanzado una campa\u00f1a potente, porque hoy d\u00eda el 70% de los regalos para esta Navidad se est\u00e1 comprando en el comercio il\u00edcito. Obviamente, eso va en desventaja del comercio establecido, haciendo hincapi\u00e9 en que tenemos un fin de semana menos en nuestras compras, porque se acercan las elecciones\u201d.<\/p>\n<p style=\"font-weight: 400; text-align: justify;\">En este sentido, el jefe de la XI Zona de Carabineros, Patricio Santos, reafirm\u00f3 que \u201cnuestro llamado a las personas, evidentemente, es a comprar en el comercio formal. Carabineros va a estar fiscalizando y controlando. Acabamos de terminar una reuni\u00f3n con personal municipal, tenemos firmado un convenio en Coyhaique y con otros tres municipios de la regi\u00f3n para trabajar en conjunto en patrullas preventivas y en instancias de control y fiscalizaci\u00f3n. Nos moviliza la seguridad de las personas que intervienen dentro de las rutinas, que no las estafen, que no las enga\u00f1en, que las cosas que compren no les hagan da\u00f1o a su salud\u201d.<\/p>\n<p style=\"font-weight: 400; text-align: justify;\"><strong>Prevenci\u00f3n y denuncia como principales recomendaciones<\/strong><\/p>\n<p style=\"font-weight: 400; text-align: justify;\">El jefe de la prefectura de la Polic\u00eda de Investigaciones de Coyhaique, Patricio Barrios, llam\u00f3 a adoptar las precauciones para evitar ser v\u00edctimas de estafas o defraudaciones, mediante la debida reserva de datos personales y contrase\u00f1as, reiterando la importancia de la denuncia oportuna en caso de delitos.<\/p>\n<p style=\"font-weight: 400; text-align: justify;\">Por \u00faltimo, la directora regional de Sernac, Francisca Ortiz, record\u00f3 que los derechos de los consumidores tienen validez s\u00f3lo en transacciones realizadas en el comercio establecido.<\/p>\n<p style=\"font-weight: 400; text-align: justify;\">\u201cComo Sernac instamos a que compren en el comercio establecido, nuestros canales de atenci\u00f3n siguen siendo\u00a0<a href=\"http:\/\/www.sernac.cl\/\" data-saferedirecturl=\"https:\/\/www.google.com\/url?q=http:\/\/www.sernac.cl&amp;source=gmail&amp;ust=1702059110321000&amp;usg=AOvVaw3xOgv9IrteQUsLtP_ScNzS\">www.sernac.cl<\/a>; nuestras oficinas est\u00e1n ubicadas en Presidente Ib\u00e1\u00f1ez 355, con horario de atenci\u00f3n de 9:00 a 14:00 horas. Tambi\u00e9n tenemos teleatenciones y un call center en el 800 700 100. En caso de que alg\u00fan consumidor vea vulnerados sus derechos, se puede ingresar un reclamo, se le puede asesorar cu\u00e1les son los pasos a seguir para poder exigir el cumplimiento, sobre todo de la garant\u00eda legal\u201d.<\/p>\n<p style=\"font-weight: 400; text-align: justify;\">Entre las principales recomendaciones entregadas por las autoridades, destacan:<\/p>\n<ul>\n<li style=\"font-weight: 400; text-align: justify;\">Elige siempre el comercio formal y exige tu boleta.<\/li>\n<li style=\"font-weight: 400; text-align: justify;\">Evita llevar grandes sumas de dinero en efectivo.<\/li>\n<li style=\"font-weight: 400; text-align: justify;\">Si usas medios digitales, cuida tus claves.<\/li>\n<li style=\"font-weight: 400; text-align: justify;\">Evita horarios punta y las aglomeraciones.<\/li>\n<li style=\"font-weight: 400; text-align: justify;\">No dejes compras a la vista, ni cosas de valor en los veh\u00edculos.<\/li>\n<li style=\"font-weight: 400; text-align: justify;\">Ante cualquier inconveniente recurre a Carabineros o personal de seguridad.<\/li>\n<li style=\"font-weight: 400; text-align: justify;\">Recuerda que puedes hacer tu denuncia an\u00f3nima a *4242 Denuncia Seguro.<\/li>\n<\/ul>\n<\/div><\/section><\/div><div  style='height:50px' class='hr hr-invisible   avia-builder-el-6  el_after_av_one_full  el_before_av_social_share '><span class='hr-inner ' ><span class='hr-inner-style'><\/span><\/span><\/div><\/p>\n<div  class='av-social-sharing-box  avia-builder-el-7  el_after_av_hr  el_before_av_hr  '><div class='av-share-box'><h5 class='av-share-link-description av-no-toc '>Compartir esta noticia<\/h5><ul class='av-share-box-list noLightbox'><li class='av-share-link av-social-link-facebook' ><a target=\"_blank\" aria-label=\"Compartir en Facebook\" href='https:\/\/www.facebook.com\/sharer.php?u=https:\/\/radiorevelacionfm.cl\/?p=37804&#038;t=Gobierno%20lanza%20campa%C3%B1a%20%E2%80%9CPrevenci%C3%B3n%20en%20fiestas%20de%20fin%20de%20a%C3%B1o%3A%20la%20seguridad%20es%20un%20esfuerzo%20colectivo%E2%80%9D' aria-hidden='false' data-av_icon='\ue8f3' data-av_iconfont='entypo-fontello' title='' data-avia-related-tooltip='Compartir en Facebook' rel=\"noopener\"><span class='avia_hidden_link_text'>Compartir en Facebook<\/span><\/a><\/li><li class='av-share-link av-social-link-twitter' ><a target=\"_blank\" aria-label=\"Compartir en Twitter\" href='https:\/\/twitter.com\/share?text=Gobierno%20lanza%20campa%C3%B1a%20%E2%80%9CPrevenci%C3%B3n%20en%20fiestas%20de%20fin%20de%20a%C3%B1o%3A%20la%20seguridad%20es%20un%20esfuerzo%20colectivo%E2%80%9D&#038;url=https:\/\/radiorevelacionfm.cl\/?p=37804' aria-hidden='false' data-av_icon='\ue8f1' data-av_iconfont='entypo-fontello' title='' data-avia-related-tooltip='Compartir en Twitter' rel=\"noopener\"><span class='avia_hidden_link_text'>Compartir en Twitter<\/span><\/a><\/li><li class='av-share-link av-social-link-whatsapp' ><a target=\"_blank\" aria-label=\"Compartir en Whatsapp\" href='https:\/\/api.whatsapp.com\/send?text=https:\/\/radiorevelacionfm.cl\/?p=37804' aria-hidden='false' data-av_icon='\uf232' data-av_iconfont='entypo-fontello' title='' data-avia-related-tooltip='Compartir en Whatsapp' rel=\"noopener\"><span class='avia_hidden_link_text'>Compartir en Whatsapp<\/span><\/a><\/li><li class='av-share-link av-social-link-linkedin' ><a target=\"_blank\" aria-label=\"Compartir en LinkedIn\" href='https:\/\/linkedin.com\/shareArticle?mini=true&#038;title=Gobierno%20lanza%20campa%C3%B1a%20%E2%80%9CPrevenci%C3%B3n%20en%20fiestas%20de%20fin%20de%20a%C3%B1o%3A%20la%20seguridad%20es%20un%20esfuerzo%20colectivo%E2%80%9D&#038;url=https:\/\/radiorevelacionfm.cl\/?p=37804' aria-hidden='false' data-av_icon='\ue8fc' data-av_iconfont='entypo-fontello' title='' data-avia-related-tooltip='Compartir en LinkedIn' rel=\"noopener\"><span class='avia_hidden_link_text'>Compartir en LinkedIn<\/span><\/a><\/li><li class='av-share-link av-social-link-mail' ><a  aria-label=\"Compartir por correo\" href='mailto:?subject=Gobierno%20lanza%20campa%C3%B1a%20%E2%80%9CPrevenci%C3%B3n%20en%20fiestas%20de%20fin%20de%20a%C3%B1o%3A%20la%20seguridad%20es%20un%20esfuerzo%20colectivo%E2%80%9D&#038;body=https:\/\/radiorevelacionfm.cl\/?p=37804' aria-hidden='false' data-av_icon='\ue805' data-av_iconfont='entypo-fontello' title='' data-avia-related-tooltip='Compartir por correo'><span class='avia_hidden_link_text'>Compartir por correo<\/span><\/a><\/li><\/ul><\/div><\/div>\n<div  style='height:50px' class='hr hr-invisible   avia-builder-el-8  el_after_av_social_share  el_before_av_comments_list '><span class='hr-inner ' ><span class='hr-inner-style'><\/span><\/span><\/div>\n<div  class='av-buildercomment  av-blog-meta-html-info-disabled av-blog-meta-tag-disabled  '><\/div>\n","protected":false},"excerpt":{"rendered":"","protected":false},"author":1,"featured_media":37805,"comment_status":"open","ping_status":"open","sticky":false,"template":"","format":"standard","meta":{"footnotes":""},"categories":[38],"tags":[],"class_list":["post-37804","post","type-post","status-publish","format-standard","has-post-thumbnail","hentry","category-regional"],"jetpack_featured_media_url":"https:\/\/radiorevelacionfm.cl\/wp-content\/uploads\/2023\/12\/01-9-3_optimized.jpg","_links":{"self":[{"href":"https:\/\/radiorevelacionfm.cl\/index.php?rest_route=\/wp\/v2\/posts\/37804","targetHints":{"allow":["GET"]}}],"collection":[{"href":"https:\/\/radiorevelacionfm.cl\/index.php?rest_route=\/wp\/v2\/posts"}],"about":[{"href":"https:\/\/radiorevelacionfm.cl\/index.php?rest_route=\/wp\/v2\/types\/post"}],"author":[{"embeddable":true,"href":"https:\/\/radiorevelacionfm.cl\/index.php?rest_route=\/wp\/v2\/users\/1"}],"replies":[{"embeddable":true,"href":"https:\/\/radiorevelacionfm.cl\/index.php?rest_route=%2Fwp%2Fv2%2Fcomments&post=37804"}],"version-history":[{"count":1,"href":"https:\/\/radiorevelacionfm.cl\/index.php?rest_route=\/wp\/v2\/posts\/37804\/revisions"}],"predecessor-version":[{"id":37806,"href":"https:\/\/radiorevelacionfm.cl\/index.php?rest_route=\/wp\/v2\/posts\/37804\/revisions\/37806"}],"wp:featuredmedia":[{"embeddable":true,"href":"https:\/\/radiorevelacionfm.cl\/index.php?rest_route=\/wp\/v2\/media\/37805"}],"wp:attachment":[{"href":"https:\/\/radiorevelacionfm.cl\/index.php?rest_route=%2Fwp%2Fv2%2Fmedia&parent=37804"}],"wp:term":[{"taxonomy":"category","embeddable":true,"href":"https:\/\/radiorevelacionfm.cl\/index.php?rest_route=%2Fwp%2Fv2%2Fcategories&post=37804"},{"taxonomy":"post_tag","embeddable":true,"href":"https:\/\/radiorevelacionfm.cl\/index.php?rest_route=%2Fwp%2Fv2%2Ftags&post=37804"}],"curies":[{"name":"wp","href":"https:\/\/api.w.org\/{rel}","templated":true}]}}