{"id":37798,"date":"2023-12-07T19:54:11","date_gmt":"2023-12-07T22:54:11","guid":{"rendered":"https:\/\/radiorevelacionfm.cl\/?p=37798"},"modified":"2023-12-07T19:54:11","modified_gmt":"2023-12-07T22:54:11","slug":"seremi-de-gobierno-de-aysen-destaca-segundo-informe-de-la-comision-asesora-contra-la-desinformacion","status":"publish","type":"post","link":"https:\/\/radiorevelacionfm.cl\/?p=37798","title":{"rendered":"Seremi de Gobierno de Ays\u00e9n destaca segundo Informe de la Comisi\u00f3n Asesora Contra la Desinformaci\u00f3n"},"content":{"rendered":"<div class=\"flex_column av_one_full  flex_column_div av-zero-column-padding first  avia-builder-el-0  el_before_av_one_full  avia-builder-el-first  \" style='border-radius:0px; '><div  class='avia-image-container  av-styling-    avia-builder-el-1  avia-builder-el-no-sibling  avia-align-center '  itemprop=\"image\" itemscope=\"itemscope\" itemtype=\"https:\/\/schema.org\/ImageObject\"  ><div class='avia-image-container-inner'><div class='avia-image-overlay-wrap'><img decoding=\"async\" class='wp-image-37799 avia-img-lazy-loading-not-37799 avia_image' src=\"https:\/\/radiorevelacionfm.cl\/wp-content\/uploads\/2023\/12\/ministras-reciben-informe-comision-1-1.jpg\" alt='' title='ministras reciben informe comisi\u00f3n (1) (1)' height=\"600\" width=\"898\"  itemprop=\"thumbnailUrl\" srcset=\"https:\/\/radiorevelacionfm.cl\/wp-content\/uploads\/2023\/12\/ministras-reciben-informe-comision-1-1.jpg 898w, https:\/\/radiorevelacionfm.cl\/wp-content\/uploads\/2023\/12\/ministras-reciben-informe-comision-1-1-300x200.jpg 300w, https:\/\/radiorevelacionfm.cl\/wp-content\/uploads\/2023\/12\/ministras-reciben-informe-comision-1-1-768x513.jpg 768w, https:\/\/radiorevelacionfm.cl\/wp-content\/uploads\/2023\/12\/ministras-reciben-informe-comision-1-1-705x471.jpg 705w, https:\/\/radiorevelacionfm.cl\/wp-content\/uploads\/2023\/12\/ministras-reciben-informe-comision-1-1-450x301.jpg 450w, https:\/\/radiorevelacionfm.cl\/wp-content\/uploads\/2023\/12\/ministras-reciben-informe-comision-1-1-600x401.jpg 600w\" sizes=\"(max-width: 898px) 100vw, 898px\" \/><\/div><\/div><\/div><\/div><div class=\"flex_column av_one_full  flex_column_div av-zero-column-padding first  avia-builder-el-2  el_after_av_one_full  el_before_av_one_full  column-top-margin\" style='border-radius:0px; '><section class=\"av_textblock_section \"  itemscope=\"itemscope\" itemtype=\"https:\/\/schema.org\/BlogPosting\" itemprop=\"blogPost\" ><div class='avia_textblock  '   itemprop=\"text\" ><h2 class=\"title\" style=\"text-align: center;\"><strong>Seremi de Gobierno de Ays\u00e9n destaca segundo Informe de la Comisi\u00f3n Asesora Contra la Desinformaci\u00f3n<\/strong><\/h2>\n<div id=\"gtx-trans\" style=\"position: absolute; left: -50px; top: 4.31534px;\">\n<div class=\"gtx-trans-icon\"><\/div>\n<\/div>\n<\/div><\/section><\/div><div class=\"flex_column av_one_full  flex_column_div av-zero-column-padding first  avia-builder-el-4  el_after_av_one_full  el_before_av_hr  column-top-margin\" style='border-radius:0px; '><section class=\"av_textblock_section \"  itemscope=\"itemscope\" itemtype=\"https:\/\/schema.org\/BlogPosting\" itemprop=\"blogPost\" ><div class='avia_textblock  '   itemprop=\"text\" ><p style=\"text-align: justify;\">La Comisi\u00f3n contra la Desinformaci\u00f3n entreg\u00f3 el informe final con 72 recomendaciones y propuestas en diferentes \u00e1mbitos, a las ministras Camila Vallejo, del Ministerio Secretar\u00eda General de Gobierno,\u00a0 y a la ministra Ais\u00e9n Etcheverry, del Ministerio de Ciencia, Tecnolog\u00eda, Conocimiento e Innovaci\u00f3n. Con este hito termina el trabajo de la Comisi\u00f3n Asesora Ministerial que se inici\u00f3 en junio de 2023.<\/p>\n<p style=\"text-align: justify;\">Despu\u00e9s de tres meses de an\u00e1lisis de experiencias internacionales y consultas con especialistas, las y los nueve integrantes de la Comisi\u00f3n contra la Desinformaci\u00f3n publicaron su segundo y \u00faltimo informe. En el proponen medidas de diversa \u00edndole para enfrentar la complejidad de este fen\u00f3meno en redes sociales, destacan la importancia de mantener un espacio c\u00edvico abierto y afirman que su trabajo se bas\u00f3 en nueve principios para garantizar que las recomendaciones que proponen protejan los derechos fundamentales y fortalezcan la democracia.<\/p>\n<p style=\"text-align: justify;\">De acuerdo a su decreto de creaci\u00f3n, la Comisi\u00f3n deb\u00eda emitir dos informes, el primero asociado a conocer el estado actual del fen\u00f3meno; y el segundo para entregar orientaciones que permitan hacer frente al fen\u00f3meno global de la desinformaci\u00f3n.<\/p>\n<p style=\"text-align: justify;\">En base a eso, la Comisi\u00f3n redact\u00f3 72 recomendaciones en las siguientes categor\u00edas: coordinaci\u00f3n internacional, contexto chileno, desinformaci\u00f3n en procesos electorales, ciberseguridad frente a crisis y desastres, salud p\u00fablica, de g\u00e9nero, alfabetizaci\u00f3n medi\u00e1tica, informacional y digital, fortalecimiento de los medios -como una herramienta contra la desinformaci\u00f3n y, por \u00faltimo, investigaci\u00f3n en desinformaci\u00f3n y pluralismo.<\/p>\n<p style=\"text-align: justify;\">\u00a0\u201cEste informe de la Comisi\u00f3n Asesora contra la Desinformaci\u00f3n que hoy tenemos, es una puerta de entrada a una discusi\u00f3n mucho m\u00e1s grande, probablemente mucho m\u00e1s profunda y din\u00e1mica en materia de plataformas digitales. El tema es realmente de muchos sectores, de democracia y de derechos humanos. Me alegra mucho que en nuestro pa\u00eds estemos entrando de lleno a esta discusi\u00f3n y partiendo con un origen de esta envergadura. Este esfuerzo colectivo es un puntapi\u00e9 que da cuenta de lo responsable que est\u00e1 siendo nuestro pa\u00eds en abordar este tema\u201d, se\u00f1al\u00f3 Tatiana Pl\u00e1 \u00c1lvarez, seremi de Gobierno de la regi\u00f3n de Ays\u00e9n.<\/p>\n<p style=\"text-align: justify;\">El informe, que est\u00e1 disponible en la p\u00e1gina web del Ministerio de Ciencia, Tecnolog\u00eda, Conocimiento e Innovaci\u00f3n, hace \u00e9nfasis en recomendaciones referidas a plataformas de redes sociales. Entre ellas menciona: crear un mecanismo de coordinaci\u00f3n multisectorial; avanzar en una pol\u00edtica de trabajo hacia la gobernanza de plataformas de redes sociales; exigir mayor transparencia de algoritmos, e implementar c\u00f3digos de buenas pr\u00e1cticas contra la desinformaci\u00f3n. Tambi\u00e9n recalca la necesidad de avanzar en la actualizaci\u00f3n de la legislaci\u00f3n de protecci\u00f3n de datos personales.<\/p>\n<p style=\"text-align: justify;\">En ciberseguridad, recomienda mayor coordinaci\u00f3n entre instituciones de ciberseguridad y plataformas, incorporar protocolos de an\u00e1lisis interno en diversas instituciones y catalogar los sistemas inform\u00e1ticos en contextos electorales como infraestructura cr\u00edtica de la informaci\u00f3n, entre otras observaciones.<\/p>\n<p style=\"text-align: justify;\">Algunas de las sugerencias sobre procesos electorales incluyen: incorporar a la Ley Org\u00e1nica Constitucional sobre Votaciones Populares y Escrutinios, una menci\u00f3n expresa a la regulaci\u00f3n de la publicidad en plataformas de redes sociales digitales, adem\u00e1s de entregar facultades al Servel para denunciar campa\u00f1as de desinformaci\u00f3n contratadas por actores no registrados. Adem\u00e1s, sugiere que las plataformas digitales de redes sociales supervisen el avisaje pol\u00edtico que transmitan.<\/p>\n<p style=\"text-align: justify;\">La Comisi\u00f3n tambi\u00e9n hace \u00e9nfasis en la importancia de la cooperaci\u00f3n internacional en esta materia, por ser la desinformaci\u00f3n un fen\u00f3meno global. Recomiendan que Chile participe en regulaci\u00f3n multilateral y que transparente la actividad de cooperaci\u00f3n internacional de Chile en estas materias.<\/p>\n<p style=\"text-align: justify;\">Las y los comisionados destacaron, en la introducci\u00f3n del documento, haber velado y resguardado su condici\u00f3n de ser una entidad integrada solo por acad\u00e9micas y acad\u00e9micos, investigadoras e investigadores, miembros de organizaciones no gubernamentales independientes y designados, con prescindencia de sus preferencias pol\u00edticas.<\/p>\n<p style=\"text-align: justify;\">Este segundo informe y final est\u00e1 disponible para ser le\u00eddo y revisado en: https:\/\/tinyurl.com\/2zyfcm7j<\/p>\n<\/div><\/section><\/div><div  style='height:50px' class='hr hr-invisible   avia-builder-el-6  el_after_av_one_full  el_before_av_social_share '><span class='hr-inner ' ><span class='hr-inner-style'><\/span><\/span><\/div><\/p>\n<div  class='av-social-sharing-box  avia-builder-el-7  el_after_av_hr  el_before_av_hr  '><div class='av-share-box'><h5 class='av-share-link-description av-no-toc '>Compartir esta noticia<\/h5><ul class='av-share-box-list noLightbox'><li class='av-share-link av-social-link-facebook' ><a target=\"_blank\" aria-label=\"Compartir en Facebook\" href='https:\/\/www.facebook.com\/sharer.php?u=https:\/\/radiorevelacionfm.cl\/?p=37798&#038;t=Seremi%20de%20Gobierno%20de%20Ays%C3%A9n%20destaca%20segundo%20Informe%20de%20la%20Comisi%C3%B3n%20Asesora%20Contra%20la%20Desinformaci%C3%B3n' aria-hidden='false' data-av_icon='\ue8f3' data-av_iconfont='entypo-fontello' title='' data-avia-related-tooltip='Compartir en Facebook' rel=\"noopener\"><span class='avia_hidden_link_text'>Compartir en Facebook<\/span><\/a><\/li><li class='av-share-link av-social-link-twitter' ><a target=\"_blank\" aria-label=\"Compartir en Twitter\" href='https:\/\/twitter.com\/share?text=Seremi%20de%20Gobierno%20de%20Ays%C3%A9n%20destaca%20segundo%20Informe%20de%20la%20Comisi%C3%B3n%20Asesora%20Contra%20la%20Desinformaci%C3%B3n&#038;url=https:\/\/radiorevelacionfm.cl\/?p=37798' aria-hidden='false' data-av_icon='\ue8f1' data-av_iconfont='entypo-fontello' title='' data-avia-related-tooltip='Compartir en Twitter' rel=\"noopener\"><span class='avia_hidden_link_text'>Compartir en Twitter<\/span><\/a><\/li><li class='av-share-link av-social-link-whatsapp' ><a target=\"_blank\" aria-label=\"Compartir en Whatsapp\" href='https:\/\/api.whatsapp.com\/send?text=https:\/\/radiorevelacionfm.cl\/?p=37798' aria-hidden='false' data-av_icon='\uf232' data-av_iconfont='entypo-fontello' title='' data-avia-related-tooltip='Compartir en Whatsapp' rel=\"noopener\"><span class='avia_hidden_link_text'>Compartir en Whatsapp<\/span><\/a><\/li><li class='av-share-link av-social-link-linkedin' ><a target=\"_blank\" aria-label=\"Compartir en LinkedIn\" href='https:\/\/linkedin.com\/shareArticle?mini=true&#038;title=Seremi%20de%20Gobierno%20de%20Ays%C3%A9n%20destaca%20segundo%20Informe%20de%20la%20Comisi%C3%B3n%20Asesora%20Contra%20la%20Desinformaci%C3%B3n&#038;url=https:\/\/radiorevelacionfm.cl\/?p=37798' aria-hidden='false' data-av_icon='\ue8fc' data-av_iconfont='entypo-fontello' title='' data-avia-related-tooltip='Compartir en LinkedIn' rel=\"noopener\"><span class='avia_hidden_link_text'>Compartir en LinkedIn<\/span><\/a><\/li><li class='av-share-link av-social-link-mail' ><a  aria-label=\"Compartir por correo\" href='mailto:?subject=Seremi%20de%20Gobierno%20de%20Ays%C3%A9n%20destaca%20segundo%20Informe%20de%20la%20Comisi%C3%B3n%20Asesora%20Contra%20la%20Desinformaci%C3%B3n&#038;body=https:\/\/radiorevelacionfm.cl\/?p=37798' aria-hidden='false' data-av_icon='\ue805' data-av_iconfont='entypo-fontello' title='' data-avia-related-tooltip='Compartir por correo'><span class='avia_hidden_link_text'>Compartir por correo<\/span><\/a><\/li><\/ul><\/div><\/div>\n<div  style='height:50px' class='hr hr-invisible   avia-builder-el-8  el_after_av_social_share  el_before_av_comments_list '><span class='hr-inner ' ><span class='hr-inner-style'><\/span><\/span><\/div>\n<div  class='av-buildercomment  av-blog-meta-html-info-disabled av-blog-meta-tag-disabled  '><\/div>\n","protected":false},"excerpt":{"rendered":"","protected":false},"author":1,"featured_media":37799,"comment_status":"open","ping_status":"open","sticky":false,"template":"","format":"standard","meta":{"footnotes":""},"categories":[38],"tags":[],"class_list":["post-37798","post","type-post","status-publish","format-standard","has-post-thumbnail","hentry","category-regional"],"jetpack_featured_media_url":"https:\/\/radiorevelacionfm.cl\/wp-content\/uploads\/2023\/12\/ministras-reciben-informe-comision-1-1.jpg","_links":{"self":[{"href":"https:\/\/radiorevelacionfm.cl\/index.php?rest_route=\/wp\/v2\/posts\/37798","targetHints":{"allow":["GET"]}}],"collection":[{"href":"https:\/\/radiorevelacionfm.cl\/index.php?rest_route=\/wp\/v2\/posts"}],"about":[{"href":"https:\/\/radiorevelacionfm.cl\/index.php?rest_route=\/wp\/v2\/types\/post"}],"author":[{"embeddable":true,"href":"https:\/\/radiorevelacionfm.cl\/index.php?rest_route=\/wp\/v2\/users\/1"}],"replies":[{"embeddable":true,"href":"https:\/\/radiorevelacionfm.cl\/index.php?rest_route=%2Fwp%2Fv2%2Fcomments&post=37798"}],"version-history":[{"count":1,"href":"https:\/\/radiorevelacionfm.cl\/index.php?rest_route=\/wp\/v2\/posts\/37798\/revisions"}],"predecessor-version":[{"id":37800,"href":"https:\/\/radiorevelacionfm.cl\/index.php?rest_route=\/wp\/v2\/posts\/37798\/revisions\/37800"}],"wp:featuredmedia":[{"embeddable":true,"href":"https:\/\/radiorevelacionfm.cl\/index.php?rest_route=\/wp\/v2\/media\/37799"}],"wp:attachment":[{"href":"https:\/\/radiorevelacionfm.cl\/index.php?rest_route=%2Fwp%2Fv2%2Fmedia&parent=37798"}],"wp:term":[{"taxonomy":"category","embeddable":true,"href":"https:\/\/radiorevelacionfm.cl\/index.php?rest_route=%2Fwp%2Fv2%2Fcategories&post=37798"},{"taxonomy":"post_tag","embeddable":true,"href":"https:\/\/radiorevelacionfm.cl\/index.php?rest_route=%2Fwp%2Fv2%2Ftags&post=37798"}],"curies":[{"name":"wp","href":"https:\/\/api.w.org\/{rel}","templated":true}]}}