{"id":37795,"date":"2023-12-07T17:14:17","date_gmt":"2023-12-07T20:14:17","guid":{"rendered":"https:\/\/radiorevelacionfm.cl\/?p=37795"},"modified":"2023-12-07T17:14:17","modified_gmt":"2023-12-07T20:14:17","slug":"hasta-el-20-de-diciembre-se-podra-postular-a-desafios-publicos-2024","status":"publish","type":"post","link":"https:\/\/radiorevelacionfm.cl\/?p=37795","title":{"rendered":"Hasta el 20 de diciembre se podr\u00e1 postular a Desaf\u00edos P\u00fablicos 2024"},"content":{"rendered":"<div class=\"flex_column av_one_full  flex_column_div av-zero-column-padding first  avia-builder-el-0  el_before_av_one_full  avia-builder-el-first  \" style='border-radius:0px; '><div  class='avia-image-container  av-styling-    avia-builder-el-1  avia-builder-el-no-sibling  avia-align-center '  itemprop=\"image\" itemscope=\"itemscope\" itemtype=\"https:\/\/schema.org\/ImageObject\"  ><div class='avia-image-container-inner'><div class='avia-image-overlay-wrap'><img decoding=\"async\" class='wp-image-37796 avia-img-lazy-loading-not-37796 avia_image' src=\"https:\/\/radiorevelacionfm.cl\/wp-content\/uploads\/2023\/12\/Desafios-Publicos-MinCiencia-1-1.jpg\" alt='' title='Desafios Publicos MinCiencia (1) (1)' height=\"600\" width=\"899\"  itemprop=\"thumbnailUrl\" srcset=\"https:\/\/radiorevelacionfm.cl\/wp-content\/uploads\/2023\/12\/Desafios-Publicos-MinCiencia-1-1.jpg 899w, https:\/\/radiorevelacionfm.cl\/wp-content\/uploads\/2023\/12\/Desafios-Publicos-MinCiencia-1-1-300x200.jpg 300w, https:\/\/radiorevelacionfm.cl\/wp-content\/uploads\/2023\/12\/Desafios-Publicos-MinCiencia-1-1-768x513.jpg 768w, https:\/\/radiorevelacionfm.cl\/wp-content\/uploads\/2023\/12\/Desafios-Publicos-MinCiencia-1-1-705x471.jpg 705w, https:\/\/radiorevelacionfm.cl\/wp-content\/uploads\/2023\/12\/Desafios-Publicos-MinCiencia-1-1-450x300.jpg 450w, https:\/\/radiorevelacionfm.cl\/wp-content\/uploads\/2023\/12\/Desafios-Publicos-MinCiencia-1-1-600x400.jpg 600w\" sizes=\"(max-width: 899px) 100vw, 899px\" \/><\/div><\/div><\/div><\/div><div class=\"flex_column av_one_full  flex_column_div av-zero-column-padding first  avia-builder-el-2  el_after_av_one_full  el_before_av_one_full  column-top-margin\" style='border-radius:0px; '><section class=\"av_textblock_section \"  itemscope=\"itemscope\" itemtype=\"https:\/\/schema.org\/BlogPosting\" itemprop=\"blogPost\" ><div class='avia_textblock  '   itemprop=\"text\" ><p class=\"v1MsoNormal\" style=\"text-align: center;\"><span style=\"font-size: 18pt;\"><b><span lang=\"es\">Hasta el 20 de diciembre se podr\u00e1 postular a Desaf\u00edos P\u00fablicos 2024<\/span><\/b><\/span><\/p>\n<p class=\"v1MsoNormal\"><b><span lang=\"es\">\u00a0<\/span><\/b><\/p>\n<div id=\"gtx-trans\" style=\"position: absolute; left: -50px; top: 4.31534px;\">\n<div class=\"gtx-trans-icon\"><\/div>\n<\/div>\n<\/div><\/section><\/div><div class=\"flex_column av_one_full  flex_column_div av-zero-column-padding first  avia-builder-el-4  el_after_av_one_full  el_before_av_hr  column-top-margin\" style='border-radius:0px; '><section class=\"av_textblock_section \"  itemscope=\"itemscope\" itemtype=\"https:\/\/schema.org\/BlogPosting\" itemprop=\"blogPost\" ><div class='avia_textblock  '   itemprop=\"text\" ><p class=\"v1MsoNormal\" style=\"text-align: justify;\"><i><span lang=\"es\">Programa busca apoyar a organismos del Estado para encontrar soluciones a problemas de inter\u00e9s p\u00fablico que requieran\u00a0investigaci\u00f3n, desarrollo e innovaci\u00f3n.<\/span><\/i><\/p>\n<p class=\"v1MsoNormal\" style=\"text-align: justify;\"><span lang=\"es\">Administrado por el MinCiencia, a trav\u00e9s de su Agencia Nacional de investigaci\u00f3n y Desarrollo (ANID), y en conjunto con el Laboratorio de Gobierno del Ministerio de Hacienda, este fondo de innovaci\u00f3n abierta busca encontrar respuestas innovadoras que generen un impacto positivo en el desarrollo econ\u00f3mico, ambiental y social a nivel pa\u00eds.<\/span><\/p>\n<p class=\"v1MsoNormal\" style=\"text-align: justify;\"><span lang=\"es\">En su primera etapa para el a\u00f1o 2024 -abierta hasta el pr\u00f3ximo 20 de diciembre-, instituciones p\u00fablicas como municipalidades, ministerios y servicios, entre otras, podr\u00e1n postular un problema que afecte a la poblaci\u00f3n ya sea a nivel local, regional o nacional, y cuya soluci\u00f3n requiera de investigaci\u00f3n, desarrollo y tecnolog\u00eda.<\/span><\/p>\n<p class=\"v1MsoNormal\" style=\"text-align: justify;\"><span lang=\"es\">En relaci\u00f3n a este concurso la seremi de Ciencia, Ver\u00f3nica Vallejos, hizo un llamado a las organizaciones a <\/span><span lang=\"es\">identificar problemas y que se sumen a esta convocatoria. \u00abQueremos dar respuesta a los problemas que sean identificados por las instituciones p\u00fablicas y que requieran soluci\u00f3n desde la investigaci\u00f3n, el desarrollo o la innovaci\u00f3n, estimulando adem\u00e1s la llegada de nuevos actores al sistema que ayuden a resolverlos. De esta forma esperamos potenciar la innovaci\u00f3n a nivel regional, ofreciendo nuevas oportunidades de generaci\u00f3n de conocimientos y respuestas desde la CTCI, con pertinencia territorial\u00bb.<\/span><\/p>\n<p class=\"v1MsoNormal\" style=\"text-align: justify;\"><span lang=\"es\">\u00a0<\/span><span lang=\"es\">Una vez finalizada la primera etapa, las problem\u00e1ticas seleccionadas ser\u00e1n desarrolladas en detalle por cada equipo propuesto por la propia instituci\u00f3n, acompa\u00f1ados por el Laboratorio de Gobierno, de manera de formularlas apropiadamente, y convertirlas en desaf\u00edos. Luego, la ANID presentar\u00e1 los desaf\u00edos al sistema de ciencia, tecnolog\u00eda, conocimiento e innovaci\u00f3n (CTCI) a nivel nacional, a trav\u00e9s de un concurso que convoca a start-ups, emprendimientos, centros de investigaci\u00f3n, equipos universitarios, entre otros, para que desarrollen las soluciones.<\/span><\/p>\n<p class=\"v1MsoNormal\" style=\"text-align: justify;\"><span lang=\"es\">\u00a0<\/span><span lang=\"es\">Para m\u00e1s informaci\u00f3n sobre este instrumento visitar el sitio<\/span><span lang=\"es\"><a href=\"https:\/\/desafiospublicos.cl\/\" target=\"_blank\" rel=\"noopener noreferrer\">\u00a0<\/a><a href=\"https:\/\/desafiospublicos.cl\/\" target=\"_blank\" rel=\"noopener noreferrer\">https:\/\/desafiospublicos.cl\/<\/a><\/span><span lang=\"es\">. Las postulaciones se deben realizar a trav\u00e9s del portal<\/span><span lang=\"es\"><a href=\"https:\/\/www.fondos.gob.cl\/\" target=\"_blank\" rel=\"noopener noreferrer\">\u00a0<\/a><a href=\"https:\/\/www.fondos.gob.cl\/\" target=\"_blank\" rel=\"noopener noreferrer\">https:\/\/www.fondos.gob.cl\/<\/a><\/span><span lang=\"es\">.<\/span><\/p>\n<\/div><\/section><\/div><div  style='height:50px' class='hr hr-invisible   avia-builder-el-6  el_after_av_one_full  el_before_av_social_share '><span class='hr-inner ' ><span class='hr-inner-style'><\/span><\/span><\/div><\/p>\n<div  class='av-social-sharing-box  avia-builder-el-7  el_after_av_hr  el_before_av_hr  '><div class='av-share-box'><h5 class='av-share-link-description av-no-toc '>Compartir esta noticia<\/h5><ul class='av-share-box-list noLightbox'><li class='av-share-link av-social-link-facebook' ><a target=\"_blank\" aria-label=\"Compartir en Facebook\" href='https:\/\/www.facebook.com\/sharer.php?u=https:\/\/radiorevelacionfm.cl\/?p=37795&#038;t=Hasta%20el%2020%20de%20diciembre%20se%20podr%C3%A1%20postular%20a%20Desaf%C3%ADos%20P%C3%BAblicos%202024' aria-hidden='false' data-av_icon='\ue8f3' data-av_iconfont='entypo-fontello' title='' data-avia-related-tooltip='Compartir en Facebook' rel=\"noopener\"><span class='avia_hidden_link_text'>Compartir en Facebook<\/span><\/a><\/li><li class='av-share-link av-social-link-twitter' ><a target=\"_blank\" aria-label=\"Compartir en Twitter\" href='https:\/\/twitter.com\/share?text=Hasta%20el%2020%20de%20diciembre%20se%20podr%C3%A1%20postular%20a%20Desaf%C3%ADos%20P%C3%BAblicos%202024&#038;url=https:\/\/radiorevelacionfm.cl\/?p=37795' aria-hidden='false' data-av_icon='\ue8f1' data-av_iconfont='entypo-fontello' title='' data-avia-related-tooltip='Compartir en Twitter' rel=\"noopener\"><span class='avia_hidden_link_text'>Compartir en Twitter<\/span><\/a><\/li><li class='av-share-link av-social-link-whatsapp' ><a target=\"_blank\" aria-label=\"Compartir en Whatsapp\" href='https:\/\/api.whatsapp.com\/send?text=https:\/\/radiorevelacionfm.cl\/?p=37795' aria-hidden='false' data-av_icon='\uf232' data-av_iconfont='entypo-fontello' title='' data-avia-related-tooltip='Compartir en Whatsapp' rel=\"noopener\"><span class='avia_hidden_link_text'>Compartir en Whatsapp<\/span><\/a><\/li><li class='av-share-link av-social-link-linkedin' ><a target=\"_blank\" aria-label=\"Compartir en LinkedIn\" href='https:\/\/linkedin.com\/shareArticle?mini=true&#038;title=Hasta%20el%2020%20de%20diciembre%20se%20podr%C3%A1%20postular%20a%20Desaf%C3%ADos%20P%C3%BAblicos%202024&#038;url=https:\/\/radiorevelacionfm.cl\/?p=37795' aria-hidden='false' data-av_icon='\ue8fc' data-av_iconfont='entypo-fontello' title='' data-avia-related-tooltip='Compartir en LinkedIn' rel=\"noopener\"><span class='avia_hidden_link_text'>Compartir en LinkedIn<\/span><\/a><\/li><li class='av-share-link av-social-link-mail' ><a  aria-label=\"Compartir por correo\" href='mailto:?subject=Hasta%20el%2020%20de%20diciembre%20se%20podr%C3%A1%20postular%20a%20Desaf%C3%ADos%20P%C3%BAblicos%202024&#038;body=https:\/\/radiorevelacionfm.cl\/?p=37795' aria-hidden='false' data-av_icon='\ue805' data-av_iconfont='entypo-fontello' title='' data-avia-related-tooltip='Compartir por correo'><span class='avia_hidden_link_text'>Compartir por correo<\/span><\/a><\/li><\/ul><\/div><\/div>\n<div  style='height:50px' class='hr hr-invisible   avia-builder-el-8  el_after_av_social_share  el_before_av_comments_list '><span class='hr-inner ' ><span class='hr-inner-style'><\/span><\/span><\/div>\n<div  class='av-buildercomment  av-blog-meta-html-info-disabled av-blog-meta-tag-disabled  '><\/div>\n","protected":false},"excerpt":{"rendered":"","protected":false},"author":1,"featured_media":37796,"comment_status":"open","ping_status":"open","sticky":false,"template":"","format":"standard","meta":{"footnotes":""},"categories":[38],"tags":[],"class_list":["post-37795","post","type-post","status-publish","format-standard","has-post-thumbnail","hentry","category-regional"],"jetpack_featured_media_url":"https:\/\/radiorevelacionfm.cl\/wp-content\/uploads\/2023\/12\/Desafios-Publicos-MinCiencia-1-1.jpg","_links":{"self":[{"href":"https:\/\/radiorevelacionfm.cl\/index.php?rest_route=\/wp\/v2\/posts\/37795","targetHints":{"allow":["GET"]}}],"collection":[{"href":"https:\/\/radiorevelacionfm.cl\/index.php?rest_route=\/wp\/v2\/posts"}],"about":[{"href":"https:\/\/radiorevelacionfm.cl\/index.php?rest_route=\/wp\/v2\/types\/post"}],"author":[{"embeddable":true,"href":"https:\/\/radiorevelacionfm.cl\/index.php?rest_route=\/wp\/v2\/users\/1"}],"replies":[{"embeddable":true,"href":"https:\/\/radiorevelacionfm.cl\/index.php?rest_route=%2Fwp%2Fv2%2Fcomments&post=37795"}],"version-history":[{"count":1,"href":"https:\/\/radiorevelacionfm.cl\/index.php?rest_route=\/wp\/v2\/posts\/37795\/revisions"}],"predecessor-version":[{"id":37797,"href":"https:\/\/radiorevelacionfm.cl\/index.php?rest_route=\/wp\/v2\/posts\/37795\/revisions\/37797"}],"wp:featuredmedia":[{"embeddable":true,"href":"https:\/\/radiorevelacionfm.cl\/index.php?rest_route=\/wp\/v2\/media\/37796"}],"wp:attachment":[{"href":"https:\/\/radiorevelacionfm.cl\/index.php?rest_route=%2Fwp%2Fv2%2Fmedia&parent=37795"}],"wp:term":[{"taxonomy":"category","embeddable":true,"href":"https:\/\/radiorevelacionfm.cl\/index.php?rest_route=%2Fwp%2Fv2%2Fcategories&post=37795"},{"taxonomy":"post_tag","embeddable":true,"href":"https:\/\/radiorevelacionfm.cl\/index.php?rest_route=%2Fwp%2Fv2%2Ftags&post=37795"}],"curies":[{"name":"wp","href":"https:\/\/api.w.org\/{rel}","templated":true}]}}