{"id":37792,"date":"2023-12-07T11:25:29","date_gmt":"2023-12-07T14:25:29","guid":{"rendered":"https:\/\/radiorevelacionfm.cl\/?p=37792"},"modified":"2023-12-07T11:25:29","modified_gmt":"2023-12-07T14:25:29","slug":"manuel-echaveguren-farias-triple-medallista-parapanamericano-realizo-charlas-motivacionales-en-escuelas-de-coyhaique","status":"publish","type":"post","link":"https:\/\/radiorevelacionfm.cl\/?p=37792","title":{"rendered":"Manuel Echaveguren Far\u00edas, triple medallista Parapanamericano, realiz\u00f3 charlas motivacionales en escuelas de Coyhaique."},"content":{"rendered":"<div class=\"flex_column av_one_full  flex_column_div av-zero-column-padding first  avia-builder-el-0  el_before_av_one_full  avia-builder-el-first  \" style='border-radius:0px; '><div  class='avia-image-container  av-styling-    avia-builder-el-1  avia-builder-el-no-sibling  avia-align-center '  itemprop=\"image\" itemscope=\"itemscope\" itemtype=\"https:\/\/schema.org\/ImageObject\"  ><div class='avia-image-container-inner'><div class='avia-image-overlay-wrap'><img decoding=\"async\" class='wp-image-37793 avia-img-lazy-loading-not-37793 avia_image' src=\"https:\/\/radiorevelacionfm.cl\/wp-content\/uploads\/2023\/12\/Ramiro-bahamonde-3-1-1.jpg\" alt='' title='Ramiro bahamonde 3 (1) (1)' height=\"600\" width=\"949\"  itemprop=\"thumbnailUrl\" srcset=\"https:\/\/radiorevelacionfm.cl\/wp-content\/uploads\/2023\/12\/Ramiro-bahamonde-3-1-1.jpg 949w, https:\/\/radiorevelacionfm.cl\/wp-content\/uploads\/2023\/12\/Ramiro-bahamonde-3-1-1-300x190.jpg 300w, https:\/\/radiorevelacionfm.cl\/wp-content\/uploads\/2023\/12\/Ramiro-bahamonde-3-1-1-768x486.jpg 768w, https:\/\/radiorevelacionfm.cl\/wp-content\/uploads\/2023\/12\/Ramiro-bahamonde-3-1-1-705x446.jpg 705w, https:\/\/radiorevelacionfm.cl\/wp-content\/uploads\/2023\/12\/Ramiro-bahamonde-3-1-1-450x285.jpg 450w, https:\/\/radiorevelacionfm.cl\/wp-content\/uploads\/2023\/12\/Ramiro-bahamonde-3-1-1-600x379.jpg 600w\" sizes=\"(max-width: 949px) 100vw, 949px\" \/><\/div><\/div><\/div><\/div><div class=\"flex_column av_one_full  flex_column_div av-zero-column-padding first  avia-builder-el-2  el_after_av_one_full  el_before_av_one_full  column-top-margin\" style='border-radius:0px; '><section class=\"av_textblock_section \"  itemscope=\"itemscope\" itemtype=\"https:\/\/schema.org\/BlogPosting\" itemprop=\"blogPost\" ><div class='avia_textblock  '   itemprop=\"text\" ><h2 class=\"title\" style=\"text-align: center;\"><span style=\"font-size: 18pt;\"><b>Manuel Echaveguren Far\u00edas, triple medallista Parapanamericano, realiz\u00f3 charlas motivacionales en escuelas de Coyhaique<\/b><\/span><\/h2>\n<div id=\"gtx-trans\" style=\"position: absolute; left: -50px; top: 4.31534px;\">\n<div class=\"gtx-trans-icon\"><\/div>\n<\/div>\n<\/div><\/section><\/div><div class=\"flex_column av_one_full  flex_column_div av-zero-column-padding first  avia-builder-el-4  el_after_av_one_full  el_before_av_hr  column-top-margin\" style='border-radius:0px; '><section class=\"av_textblock_section \"  itemscope=\"itemscope\" itemtype=\"https:\/\/schema.org\/BlogPosting\" itemprop=\"blogPost\" ><div class='avia_textblock  '   itemprop=\"text\" ><div class=\"v1gmail_quote\">\n<div dir=\"ltr\">\n<div>\n<p style=\"text-align: justify;\"><em>El deportista nacional comparti\u00f3 con la comunidad escolar de la escuela Municipal V\u00edctor Domingo Silva y Colegio Altamira.<\/em><\/p>\n<p style=\"text-align: justify;\">Luego de obtener tres medallas de plata en Santiago2023, el tenimesista, que reside en Alemania, recibi\u00f3 la invitaci\u00f3n desde la Serem\u00eda del Deporte para transmitir su experiencia en dos establecimientos educacionales de la capital regional.<\/p>\n<p style=\"text-align: justify;\">Mar\u00eda Eugenia Dur\u00e1n Jara, Seremi del Deporte se\u00f1al\u00f3:<b>\u00a0<\/b>\u00abImpactar positivamente a la comunidad a trav\u00e9s del ejemplo de Manuel Echaveguren forma parte del legado de los Juegos Panamericanos y Parapanamericanos Santiago 2023, legado que el presidente Boric y nuestro ministro Jaime Pizarro nos han mandatado a promover en todas las regiones del pa\u00eds. As\u00ed que como Ministerio del Deporte organizamos estos encuentros en conjunto con las escuelas V\u00edctor Domingo Silva y Altamira, relevar que en la primera escuela tenemos talleres de IND y su actual director, fue el primer entrenador de Manuel, mientras que la segunda fue la primera escuela de Manuel donde ingres\u00f3 con s\u00f3lo 3 a\u00f1os a Lenguaje. Ambos di\u00e1logos resultaron muy positivos, demostrando que Manuel no solo es un s\u00edmbolo de lucha e inspiraci\u00f3n para futuros deportistas, sino que, tambi\u00e9n un referente para cualquier persona. Hay que recordar que Manuel inicia sus pasos en el Tenis de Mesa competitivo convencional al alero de IND (Programa CER) para luego continuar como deportista paral\u00edmpico debido a la condici\u00f3n gen\u00e9tica de su cadera y que siendo un estudiante como cualquiera de los que participaron en estos encuentros, hoy se encuentra dentro de los 12 mejores del mundo,\u00a0en un camino donde ha estado la familia, pero tambi\u00e9n el Estado. Entonces\u00a0el mensaje que nos deja Manuel, es que ellos tambi\u00e9n pueden cumplir sus sue\u00f1os, que con voluntad y disciplina pueden lograr lo que se propongan, tanto en el deporte como en la vida misma\u00bb<\/p>\n<p style=\"text-align: justify;\">Por su parte Manuel Echaveguren, agradeci\u00f3 la invitaci\u00f3n y se\u00f1al\u00f3 \u00abFueron una jornadas muy bonitas con una activa participaci\u00f3n de los estudiantes,\u00a0lo que me llena de emoci\u00f3n, poder compartir mis experiencias, contarles c\u00f3mo fueron mi inicios en el deporte, la importancia del apoyo familiar y poder dejarles el mensaje que si uno se propone metas es posible cumplirlas\u00bb. Asimismo, el deportista agradeci\u00f3 a todos quienes lo han apoyado en este camino al alto rendimiento, como el Gobierno Regional a trav\u00e9s de la asignaci\u00f3n directa, junto a la Corporaci\u00f3n de Deportes de la Municipalidad de Coyhaique, tambi\u00e9n a Mindep-IND\u00bb.<\/p>\n<p style=\"text-align: justify;\">Marco Navarro, Director Escuela V\u00edctor Domingo Silva, destac\u00f3 \u00abEsta visita de Manuel Echaveguren est\u00e1 dentro uno de los sellos educativos de nuestro establecimiento que tiene que ver con la superaci\u00f3n personal, con la inclusi\u00f3n y los aspectos deportivos, fue tremendamente significativo para nuestra comunidad recibir a una persona que ha superado con creces sus limitaciones f\u00edsicas y que se ha propuesto metas en lo deportivo y las ha logrado\u00bb.<\/p>\n<p style=\"text-align: justify;\">Asimismo, Cristian Urra Urra, Coordinador de Convivencia Escolar de la Escuela Altamira coment\u00f3 \u00abLa visita de Manuel fue una acci\u00f3n significativa y de alto impacto emocional para nuestros estudiantes, conocieron a un \u00eddolo humilde, que les hablo de sue\u00f1os, constancia, esfuerzo y trabajo como base de resultados\u00bb.<\/p>\n<p style=\"text-align: justify;\">El destacado tenimesista, ya se encuentra en Santiago donde seguir\u00e1 con su preparaci\u00f3n de cara a participar en los campeonatos de Espa\u00f1a, Eslovenia, Italia, \u00a0Brasil, Egipto y Polonia, con el objetivo de obtener un cupo en los Juegos Paral\u00edmpicos Par\u00eds 2024.<\/p>\n<div class=\"v1gmail_signature\" dir=\"ltr\" style=\"text-align: justify;\">\n<div dir=\"ltr\">\n<div><\/div>\n<\/div>\n<\/div>\n<\/div>\n<\/div>\n<\/div>\n<div style=\"text-align: justify;\"><\/div>\n<\/div><\/section><\/div><div  style='height:50px' class='hr hr-invisible   avia-builder-el-6  el_after_av_one_full  el_before_av_social_share '><span class='hr-inner ' ><span class='hr-inner-style'><\/span><\/span><\/div><\/p>\n<div  class='av-social-sharing-box  avia-builder-el-7  el_after_av_hr  el_before_av_hr  '><div class='av-share-box'><h5 class='av-share-link-description av-no-toc '>Compartir esta noticia<\/h5><ul class='av-share-box-list noLightbox'><li class='av-share-link av-social-link-facebook' ><a target=\"_blank\" aria-label=\"Compartir en Facebook\" href='https:\/\/www.facebook.com\/sharer.php?u=https:\/\/radiorevelacionfm.cl\/?p=37792&#038;t=Manuel%20Echaveguren%20Far%C3%ADas%2C%20triple%20medallista%20Parapanamericano%2C%20realiz%C3%B3%20charlas%20motivacionales%20en%20escuelas%20de%20Coyhaique.' aria-hidden='false' data-av_icon='\ue8f3' data-av_iconfont='entypo-fontello' title='' data-avia-related-tooltip='Compartir en Facebook' rel=\"noopener\"><span class='avia_hidden_link_text'>Compartir en Facebook<\/span><\/a><\/li><li class='av-share-link av-social-link-twitter' ><a target=\"_blank\" aria-label=\"Compartir en Twitter\" href='https:\/\/twitter.com\/share?text=Manuel%20Echaveguren%20Far%C3%ADas%2C%20triple%20medallista%20Parapanamericano%2C%20realiz%C3%B3%20charlas%20motivacionales%20en%20escuelas%20de%20Coyhaique.&#038;url=https:\/\/radiorevelacionfm.cl\/?p=37792' aria-hidden='false' data-av_icon='\ue8f1' data-av_iconfont='entypo-fontello' title='' data-avia-related-tooltip='Compartir en Twitter' rel=\"noopener\"><span class='avia_hidden_link_text'>Compartir en Twitter<\/span><\/a><\/li><li class='av-share-link av-social-link-whatsapp' ><a target=\"_blank\" aria-label=\"Compartir en Whatsapp\" href='https:\/\/api.whatsapp.com\/send?text=https:\/\/radiorevelacionfm.cl\/?p=37792' aria-hidden='false' data-av_icon='\uf232' data-av_iconfont='entypo-fontello' title='' data-avia-related-tooltip='Compartir en Whatsapp' rel=\"noopener\"><span class='avia_hidden_link_text'>Compartir en Whatsapp<\/span><\/a><\/li><li class='av-share-link av-social-link-linkedin' ><a target=\"_blank\" aria-label=\"Compartir en LinkedIn\" href='https:\/\/linkedin.com\/shareArticle?mini=true&#038;title=Manuel%20Echaveguren%20Far%C3%ADas%2C%20triple%20medallista%20Parapanamericano%2C%20realiz%C3%B3%20charlas%20motivacionales%20en%20escuelas%20de%20Coyhaique.&#038;url=https:\/\/radiorevelacionfm.cl\/?p=37792' aria-hidden='false' data-av_icon='\ue8fc' data-av_iconfont='entypo-fontello' title='' data-avia-related-tooltip='Compartir en LinkedIn' rel=\"noopener\"><span class='avia_hidden_link_text'>Compartir en LinkedIn<\/span><\/a><\/li><li class='av-share-link av-social-link-mail' ><a  aria-label=\"Compartir por correo\" href='mailto:?subject=Manuel%20Echaveguren%20Far%C3%ADas%2C%20triple%20medallista%20Parapanamericano%2C%20realiz%C3%B3%20charlas%20motivacionales%20en%20escuelas%20de%20Coyhaique.&#038;body=https:\/\/radiorevelacionfm.cl\/?p=37792' aria-hidden='false' data-av_icon='\ue805' data-av_iconfont='entypo-fontello' title='' data-avia-related-tooltip='Compartir por correo'><span class='avia_hidden_link_text'>Compartir por correo<\/span><\/a><\/li><\/ul><\/div><\/div>\n<div  style='height:50px' class='hr hr-invisible   avia-builder-el-8  el_after_av_social_share  el_before_av_comments_list '><span class='hr-inner ' ><span class='hr-inner-style'><\/span><\/span><\/div>\n<div  class='av-buildercomment  av-blog-meta-html-info-disabled av-blog-meta-tag-disabled  '><\/div>\n","protected":false},"excerpt":{"rendered":"","protected":false},"author":1,"featured_media":37793,"comment_status":"open","ping_status":"open","sticky":false,"template":"","format":"standard","meta":{"footnotes":""},"categories":[40],"tags":[],"class_list":["post-37792","post","type-post","status-publish","format-standard","has-post-thumbnail","hentry","category-deportes"],"jetpack_featured_media_url":"https:\/\/radiorevelacionfm.cl\/wp-content\/uploads\/2023\/12\/Ramiro-bahamonde-3-1-1.jpg","_links":{"self":[{"href":"https:\/\/radiorevelacionfm.cl\/index.php?rest_route=\/wp\/v2\/posts\/37792","targetHints":{"allow":["GET"]}}],"collection":[{"href":"https:\/\/radiorevelacionfm.cl\/index.php?rest_route=\/wp\/v2\/posts"}],"about":[{"href":"https:\/\/radiorevelacionfm.cl\/index.php?rest_route=\/wp\/v2\/types\/post"}],"author":[{"embeddable":true,"href":"https:\/\/radiorevelacionfm.cl\/index.php?rest_route=\/wp\/v2\/users\/1"}],"replies":[{"embeddable":true,"href":"https:\/\/radiorevelacionfm.cl\/index.php?rest_route=%2Fwp%2Fv2%2Fcomments&post=37792"}],"version-history":[{"count":1,"href":"https:\/\/radiorevelacionfm.cl\/index.php?rest_route=\/wp\/v2\/posts\/37792\/revisions"}],"predecessor-version":[{"id":37794,"href":"https:\/\/radiorevelacionfm.cl\/index.php?rest_route=\/wp\/v2\/posts\/37792\/revisions\/37794"}],"wp:featuredmedia":[{"embeddable":true,"href":"https:\/\/radiorevelacionfm.cl\/index.php?rest_route=\/wp\/v2\/media\/37793"}],"wp:attachment":[{"href":"https:\/\/radiorevelacionfm.cl\/index.php?rest_route=%2Fwp%2Fv2%2Fmedia&parent=37792"}],"wp:term":[{"taxonomy":"category","embeddable":true,"href":"https:\/\/radiorevelacionfm.cl\/index.php?rest_route=%2Fwp%2Fv2%2Fcategories&post=37792"},{"taxonomy":"post_tag","embeddable":true,"href":"https:\/\/radiorevelacionfm.cl\/index.php?rest_route=%2Fwp%2Fv2%2Ftags&post=37792"}],"curies":[{"name":"wp","href":"https:\/\/api.w.org\/{rel}","templated":true}]}}