{"id":37788,"date":"2023-12-07T14:00:51","date_gmt":"2023-12-07T17:00:51","guid":{"rendered":"https:\/\/radiorevelacionfm.cl\/?p=37788"},"modified":"2023-12-07T14:00:51","modified_gmt":"2023-12-07T17:00:51","slug":"neurocirujanos-del-hrc-organizan-1-curso-internacional-de-cirugia-minimamente-invasiva-en-la-region-de-aysen","status":"publish","type":"post","link":"https:\/\/radiorevelacionfm.cl\/?p=37788","title":{"rendered":"Neurocirujanos del HRC organizan 1\u00b0 Curso internacional de cirug\u00eda m\u00ednimamente invasiva en la regi\u00f3n de Ays\u00e9n"},"content":{"rendered":"<div class=\"flex_column av_one_full  flex_column_div av-zero-column-padding first  avia-builder-el-0  el_before_av_one_full  avia-builder-el-first  \" style='border-radius:0px; '><div  class='avia-image-container  av-styling-    avia-builder-el-1  avia-builder-el-no-sibling  avia-align-center '  itemprop=\"image\" itemscope=\"itemscope\" itemtype=\"https:\/\/schema.org\/ImageObject\"  ><div class='avia-image-container-inner'><div class='avia-image-overlay-wrap'><img decoding=\"async\" class='wp-image-37789 avia-img-lazy-loading-not-37789 avia_image' src=\"https:\/\/radiorevelacionfm.cl\/wp-content\/uploads\/2023\/12\/FASS-2023-1-1-1.jpg\" alt='' title='FASS 2023 (1) (1) (1)' height=\"600\" width=\"840\"  itemprop=\"thumbnailUrl\" srcset=\"https:\/\/radiorevelacionfm.cl\/wp-content\/uploads\/2023\/12\/FASS-2023-1-1-1.jpg 840w, https:\/\/radiorevelacionfm.cl\/wp-content\/uploads\/2023\/12\/FASS-2023-1-1-1-300x214.jpg 300w, https:\/\/radiorevelacionfm.cl\/wp-content\/uploads\/2023\/12\/FASS-2023-1-1-1-768x549.jpg 768w, https:\/\/radiorevelacionfm.cl\/wp-content\/uploads\/2023\/12\/FASS-2023-1-1-1-260x185.jpg 260w, https:\/\/radiorevelacionfm.cl\/wp-content\/uploads\/2023\/12\/FASS-2023-1-1-1-705x504.jpg 705w, https:\/\/radiorevelacionfm.cl\/wp-content\/uploads\/2023\/12\/FASS-2023-1-1-1-450x321.jpg 450w, https:\/\/radiorevelacionfm.cl\/wp-content\/uploads\/2023\/12\/FASS-2023-1-1-1-600x429.jpg 600w\" sizes=\"(max-width: 840px) 100vw, 840px\" \/><\/div><\/div><\/div><\/div><div class=\"flex_column av_one_full  flex_column_div av-zero-column-padding first  avia-builder-el-2  el_after_av_one_full  el_before_av_one_full  column-top-margin\" style='border-radius:0px; '><section class=\"av_textblock_section \"  itemscope=\"itemscope\" itemtype=\"https:\/\/schema.org\/BlogPosting\" itemprop=\"blogPost\" ><div class='avia_textblock  '   itemprop=\"text\" ><p style=\"text-align: center;\"><span style=\"font-size: 18pt;\"><strong>Neurocirujanos del HRC organizan 1\u00b0 Curso internacional de cirug\u00eda m\u00ednimamente invasiva en la regi\u00f3n de Ays\u00e9n<\/strong><\/span><\/p>\n<div id=\"gtx-trans\" style=\"position: absolute; left: -50px; top: 4.31534px;\">\n<div class=\"gtx-trans-icon\"><\/div>\n<\/div>\n<\/div><\/section><\/div><div class=\"flex_column av_one_full  flex_column_div av-zero-column-padding first  avia-builder-el-4  el_after_av_one_full  el_before_av_hr  column-top-margin\" style='border-radius:0px; '><section class=\"av_textblock_section \"  itemscope=\"itemscope\" itemtype=\"https:\/\/schema.org\/BlogPosting\" itemprop=\"blogPost\" ><div class='avia_textblock  '   itemprop=\"text\" ><p style=\"text-align: justify;\"><em>Con 15 expositores latinoamericanos y la asistencia de m\u00e1s de 40 m\u00e9dicos especialistas de todo el pa\u00eds, los d\u00edas 7, 8 y 9 de diciembre se llevar\u00e1 a cabo este encuentro, que sin duda ser\u00e1 un aporte tanto en divulgaci\u00f3n cient\u00edfica como en el desarrollo del turismo de convenciones en la regi\u00f3n.<\/em><\/p>\n<p style=\"text-align: justify;\">Con expositores de Argentina, Brasil, Chile y Paraguay, entre el 7 y 9 de diciembre se llevar\u00e1 a cabo en nuestra regi\u00f3n el 1\u00b0 Curso internacional de cirug\u00eda m\u00ednimamente invasiva \u201c<strong><em>FaSS Coyhaique Live Minimally Invasive Spine Surgery Course\u201d<\/em><\/strong>, iniciativa organizada por el equipo de Neurocirug\u00eda del Hospital Regional Coyhaique y que contar\u00e1 con 15 expositores de diversos pa\u00edses de Latinoam\u00e9rica, con la participaci\u00f3n de m\u00e1s de 40 neurocirujanos y traumat\u00f3logos de todo Chile.<\/p>\n<p style=\"text-align: justify;\">\u201cDado que estamos tan lejos de todo, se nos ocurri\u00f3 organizar un curso de cirug\u00eda m\u00ednimamente invasiva, que consiste en la utilizaci\u00f3n de t\u00e9cnicas quir\u00fargicas que sean lo menos agresivas para el paciente desde el punto de vista quir\u00fargico, con una agresi\u00f3n a los m\u00fasculos y a la piel mucho menor\u201d, indic\u00f3 Days Avaria, m\u00e9dico jefe de Neurocirug\u00eda del Hospital Regional Coyhaique.<\/p>\n<p style=\"text-align: justify;\">En ese sentido, el especialista destac\u00f3 que los principales objetivos de esta instancia son la promoci\u00f3n del trabajo que actualmente lleva a cabo el equipo de neurocirujanos del HRC; divulgaci\u00f3n cient\u00edfica en relaci\u00f3n al uso de nuevas t\u00e9cnicas quir\u00fargicas y an\u00e1lisis de casos cl\u00ednicos; y por \u00faltimo, establecer redes de contacto con especialistas del \u00e1rea tanto a nivel nacional como latinoamericano.<\/p>\n<p style=\"text-align: justify;\">\u201cQueremos crear relaciones entre los colegas para poder discutir casos, que nos ayudemos, haciendo que el ejercicio de la medicina fluya mucho mejor. Esto finalmente repercute en que los pacientes tengan una mejor calidad en los est\u00e1ndares de atenci\u00f3n, donde el servicio entregado sea de vanguardia, si no lo \u00faltimo que se est\u00e1 haciendo en el mundo, algo muy cercano\u201d, sostuvo el Dr. Avaria.<\/p>\n<p style=\"text-align: justify;\"><strong>CIRUG\u00cdA EN VIVO<\/strong><\/p>\n<p style=\"text-align: justify;\">Sebasti\u00e1n Mu\u00f1oz, m\u00e9dico neurocirujano del HRC y precursor de este curso internacional que tendr\u00e1 como sede la localidad de Puerto Chacabuco, fue enf\u00e1tico en se\u00f1alar que estas instancias de perfeccionamiento tienen como principal objetivo entregar un servicio lo m\u00e1s actualizado posible a todos los pacientes de la regi\u00f3n de Ays\u00e9n.<\/p>\n<p style=\"text-align: justify;\">\u201cSon tres tipos de exposiciones. Una de ellas es la cirug\u00eda en vivo, donde vamos a poder realizar dos procedimientos en pabell\u00f3n, acompa\u00f1ados por destacados especialistas, el Dr. Carlos Zanardi, presidente de la Sociedad de Neurocirug\u00eda de Buenos Aires, Argentina y el Dr. Cristiano Meneses, director del Instituto de Columna de Brasil\u201d, precis\u00f3 el Dr. Mu\u00f1oz.<\/p>\n<p style=\"text-align: justify;\">El neurocirujano agreg\u00f3 que en relaci\u00f3n a esta vanguardista experiencia que se llevar\u00e1 a cabo en los pabellones del HRC, \u201cvamos a poder discutir y aprender c\u00f3mo son los pasos para poder realizarla de la manera correcta. Tambi\u00e9n contaremos con charlas magistrales de nuestros expositores y adem\u00e1s con la din\u00e1mica de la discusi\u00f3n de casos. Creemos que estas tres formas de enfrentar el curso nos van a dejar los mejores resultados\u201d.<\/p>\n<p style=\"text-align: justify;\">En tanto, el Dr. Zanardi, presidente de la Sociedad de Neurocirug\u00eda de Buenos Aires, destac\u00f3 que la forma de abordar este curso \u2013cirug\u00eda en vivo, discusi\u00f3n de casos y ponencias-, son la mejor forma de intercambiar conocimiento, lo que sin duda va en pro del desarrollo de esta especialidad en Am\u00e9rica Latina y por ende, mejor calidad de vida para cientos de pacientes.<\/p>\n<p style=\"text-align: justify;\">\u201cEstoy extremadamente contento y sorprendido. Tener la posibilidad de compartir en otro lugar, tan extremo, este tipo de conocimientos, me parece de gran importancia, no solo para mostrar lo que hacemos, sino tambi\u00e9n para intercambiar con cirujanos de otros lugares, de Brasil, Argentina, Chile, lo que va a generar una red que nos va a permitir permanecer conectados m\u00e1s all\u00e1 del curso, y se va a traducir en una mejor posibilidad de cirug\u00eda a los pacientes, redundando as\u00ed en una mejor calidad de vida para ellos\u201d, sostuvo el especialista trasandino.<\/p>\n<\/div><\/section><\/div><div  style='height:50px' class='hr hr-invisible   avia-builder-el-6  el_after_av_one_full  el_before_av_social_share '><span class='hr-inner ' ><span class='hr-inner-style'><\/span><\/span><\/div><\/p>\n<div  class='av-social-sharing-box  avia-builder-el-7  el_after_av_hr  el_before_av_hr  '><div class='av-share-box'><h5 class='av-share-link-description av-no-toc '>Compartir esta noticia<\/h5><ul class='av-share-box-list noLightbox'><li class='av-share-link av-social-link-facebook' ><a target=\"_blank\" aria-label=\"Compartir en Facebook\" href='https:\/\/www.facebook.com\/sharer.php?u=https:\/\/radiorevelacionfm.cl\/?p=37788&#038;t=Neurocirujanos%20del%20HRC%20organizan%201%C2%B0%20Curso%20internacional%20de%20cirug%C3%ADa%20m%C3%ADnimamente%20invasiva%20en%20la%20regi%C3%B3n%20de%20Ays%C3%A9n' aria-hidden='false' data-av_icon='\ue8f3' data-av_iconfont='entypo-fontello' title='' data-avia-related-tooltip='Compartir en Facebook' rel=\"noopener\"><span class='avia_hidden_link_text'>Compartir en Facebook<\/span><\/a><\/li><li class='av-share-link av-social-link-twitter' ><a target=\"_blank\" aria-label=\"Compartir en Twitter\" href='https:\/\/twitter.com\/share?text=Neurocirujanos%20del%20HRC%20organizan%201%C2%B0%20Curso%20internacional%20de%20cirug%C3%ADa%20m%C3%ADnimamente%20invasiva%20en%20la%20regi%C3%B3n%20de%20Ays%C3%A9n&#038;url=https:\/\/radiorevelacionfm.cl\/?p=37788' aria-hidden='false' data-av_icon='\ue8f1' data-av_iconfont='entypo-fontello' title='' data-avia-related-tooltip='Compartir en Twitter' rel=\"noopener\"><span class='avia_hidden_link_text'>Compartir en Twitter<\/span><\/a><\/li><li class='av-share-link av-social-link-whatsapp' ><a target=\"_blank\" aria-label=\"Compartir en Whatsapp\" href='https:\/\/api.whatsapp.com\/send?text=https:\/\/radiorevelacionfm.cl\/?p=37788' aria-hidden='false' data-av_icon='\uf232' data-av_iconfont='entypo-fontello' title='' data-avia-related-tooltip='Compartir en Whatsapp' rel=\"noopener\"><span class='avia_hidden_link_text'>Compartir en Whatsapp<\/span><\/a><\/li><li class='av-share-link av-social-link-linkedin' ><a target=\"_blank\" aria-label=\"Compartir en LinkedIn\" href='https:\/\/linkedin.com\/shareArticle?mini=true&#038;title=Neurocirujanos%20del%20HRC%20organizan%201%C2%B0%20Curso%20internacional%20de%20cirug%C3%ADa%20m%C3%ADnimamente%20invasiva%20en%20la%20regi%C3%B3n%20de%20Ays%C3%A9n&#038;url=https:\/\/radiorevelacionfm.cl\/?p=37788' aria-hidden='false' data-av_icon='\ue8fc' data-av_iconfont='entypo-fontello' title='' data-avia-related-tooltip='Compartir en LinkedIn' rel=\"noopener\"><span class='avia_hidden_link_text'>Compartir en LinkedIn<\/span><\/a><\/li><li class='av-share-link av-social-link-mail' ><a  aria-label=\"Compartir por correo\" href='mailto:?subject=Neurocirujanos%20del%20HRC%20organizan%201%C2%B0%20Curso%20internacional%20de%20cirug%C3%ADa%20m%C3%ADnimamente%20invasiva%20en%20la%20regi%C3%B3n%20de%20Ays%C3%A9n&#038;body=https:\/\/radiorevelacionfm.cl\/?p=37788' aria-hidden='false' data-av_icon='\ue805' data-av_iconfont='entypo-fontello' title='' data-avia-related-tooltip='Compartir por correo'><span class='avia_hidden_link_text'>Compartir por correo<\/span><\/a><\/li><\/ul><\/div><\/div>\n<div  style='height:50px' class='hr hr-invisible   avia-builder-el-8  el_after_av_social_share  el_before_av_comments_list '><span class='hr-inner ' ><span class='hr-inner-style'><\/span><\/span><\/div>\n<div  class='av-buildercomment  av-blog-meta-html-info-disabled av-blog-meta-tag-disabled  '><\/div>\n","protected":false},"excerpt":{"rendered":"","protected":false},"author":1,"featured_media":37789,"comment_status":"open","ping_status":"open","sticky":false,"template":"","format":"standard","meta":{"footnotes":""},"categories":[46],"tags":[],"class_list":["post-37788","post","type-post","status-publish","format-standard","has-post-thumbnail","hentry","category-salud"],"jetpack_featured_media_url":"https:\/\/radiorevelacionfm.cl\/wp-content\/uploads\/2023\/12\/FASS-2023-1-1-1.jpg","_links":{"self":[{"href":"https:\/\/radiorevelacionfm.cl\/index.php?rest_route=\/wp\/v2\/posts\/37788","targetHints":{"allow":["GET"]}}],"collection":[{"href":"https:\/\/radiorevelacionfm.cl\/index.php?rest_route=\/wp\/v2\/posts"}],"about":[{"href":"https:\/\/radiorevelacionfm.cl\/index.php?rest_route=\/wp\/v2\/types\/post"}],"author":[{"embeddable":true,"href":"https:\/\/radiorevelacionfm.cl\/index.php?rest_route=\/wp\/v2\/users\/1"}],"replies":[{"embeddable":true,"href":"https:\/\/radiorevelacionfm.cl\/index.php?rest_route=%2Fwp%2Fv2%2Fcomments&post=37788"}],"version-history":[{"count":1,"href":"https:\/\/radiorevelacionfm.cl\/index.php?rest_route=\/wp\/v2\/posts\/37788\/revisions"}],"predecessor-version":[{"id":37790,"href":"https:\/\/radiorevelacionfm.cl\/index.php?rest_route=\/wp\/v2\/posts\/37788\/revisions\/37790"}],"wp:featuredmedia":[{"embeddable":true,"href":"https:\/\/radiorevelacionfm.cl\/index.php?rest_route=\/wp\/v2\/media\/37789"}],"wp:attachment":[{"href":"https:\/\/radiorevelacionfm.cl\/index.php?rest_route=%2Fwp%2Fv2%2Fmedia&parent=37788"}],"wp:term":[{"taxonomy":"category","embeddable":true,"href":"https:\/\/radiorevelacionfm.cl\/index.php?rest_route=%2Fwp%2Fv2%2Fcategories&post=37788"},{"taxonomy":"post_tag","embeddable":true,"href":"https:\/\/radiorevelacionfm.cl\/index.php?rest_route=%2Fwp%2Fv2%2Ftags&post=37788"}],"curies":[{"name":"wp","href":"https:\/\/api.w.org\/{rel}","templated":true}]}}