{"id":37775,"date":"2023-12-06T20:01:36","date_gmt":"2023-12-06T23:01:36","guid":{"rendered":"https:\/\/radiorevelacionfm.cl\/?p=37775"},"modified":"2023-12-06T20:01:36","modified_gmt":"2023-12-06T23:01:36","slug":"corte-de-coyhaique-rechaza-recursos-de-nulidad-y-confirma-condena-por-robo-con-intimidacion-en-puerto-guadal","status":"publish","type":"post","link":"https:\/\/radiorevelacionfm.cl\/?p=37775","title":{"rendered":"Corte de Coyhaique rechaza recursos de nulidad y confirma condena por robo con intimidaci\u00f3n en Puerto Guadal"},"content":{"rendered":"<div class=\"flex_column av_one_full  flex_column_div av-zero-column-padding first  avia-builder-el-0  el_before_av_one_full  avia-builder-el-first  \" style='border-radius:0px; '><div  class='avia-image-container  av-styling-    avia-builder-el-1  avia-builder-el-no-sibling  avia-align-center '  itemprop=\"image\" itemscope=\"itemscope\" itemtype=\"https:\/\/schema.org\/ImageObject\"  ><div class='avia-image-container-inner'><div class='avia-image-overlay-wrap'><img decoding=\"async\" class='wp-image-37777 avia-img-lazy-loading-not-37777 avia_image' src=\"https:\/\/radiorevelacionfm.cl\/wp-content\/uploads\/2023\/12\/Corte-primera-sala-1-1.jpg\" alt='' title='Corte primera sala (1) (1)' height=\"600\" width=\"2028\"  itemprop=\"thumbnailUrl\" srcset=\"https:\/\/radiorevelacionfm.cl\/wp-content\/uploads\/2023\/12\/Corte-primera-sala-1-1.jpg 2028w, https:\/\/radiorevelacionfm.cl\/wp-content\/uploads\/2023\/12\/Corte-primera-sala-1-1-300x89.jpg 300w, https:\/\/radiorevelacionfm.cl\/wp-content\/uploads\/2023\/12\/Corte-primera-sala-1-1-1030x305.jpg 1030w, https:\/\/radiorevelacionfm.cl\/wp-content\/uploads\/2023\/12\/Corte-primera-sala-1-1-768x227.jpg 768w, https:\/\/radiorevelacionfm.cl\/wp-content\/uploads\/2023\/12\/Corte-primera-sala-1-1-1536x454.jpg 1536w, https:\/\/radiorevelacionfm.cl\/wp-content\/uploads\/2023\/12\/Corte-primera-sala-1-1-1500x444.jpg 1500w, https:\/\/radiorevelacionfm.cl\/wp-content\/uploads\/2023\/12\/Corte-primera-sala-1-1-705x209.jpg 705w, https:\/\/radiorevelacionfm.cl\/wp-content\/uploads\/2023\/12\/Corte-primera-sala-1-1-450x133.jpg 450w, https:\/\/radiorevelacionfm.cl\/wp-content\/uploads\/2023\/12\/Corte-primera-sala-1-1-600x178.jpg 600w\" sizes=\"(max-width: 2028px) 100vw, 2028px\" \/><\/div><\/div><\/div><\/div><div class=\"flex_column av_one_full  flex_column_div av-zero-column-padding first  avia-builder-el-2  el_after_av_one_full  el_before_av_one_full  column-top-margin\" style='border-radius:0px; '><section class=\"av_textblock_section \"  itemscope=\"itemscope\" itemtype=\"https:\/\/schema.org\/BlogPosting\" itemprop=\"blogPost\" ><div class='avia_textblock  '   itemprop=\"text\" ><h2 class=\"title\" style=\"text-align: center;\"><strong><span style=\"font-size: 18pt;\">Corte de Coyhaique rechaza recursos de nulidad y confirma condena por robo con intimidaci\u00f3n en Puerto Guadal <\/span><\/strong><\/h2>\n<div id=\"gtx-trans\" style=\"position: absolute; left: -50px; top: 4.31534px;\">\n<div class=\"gtx-trans-icon\"><\/div>\n<\/div>\n<\/div><\/section><\/div><div class=\"flex_column av_one_full  flex_column_div av-zero-column-padding first  avia-builder-el-4  el_after_av_one_full  el_before_av_hr  column-top-margin\" style='border-radius:0px; '><section class=\"av_textblock_section \"  itemscope=\"itemscope\" itemtype=\"https:\/\/schema.org\/BlogPosting\" itemprop=\"blogPost\" ><div class='avia_textblock  '   itemprop=\"text\" ><p class=\"v1MsoNormal\" style=\"text-align: justify;\">La Corte de Apelaciones de Coyhaique rechaz\u00f3\u00a0los recursos\u00a0de nulidad\u00a0interpuestos\u00a0por las defensas en contra de la sentencia que conden\u00f3 a Juan Claudio Naiman Poblete, Aldo Alexis Pinilla Alarc\u00f3n y Carol Yamilet Santana Gam\u00edn a las penas efectivas de 12 a\u00f1os, 6 a\u00f1os y 5 a\u00f1os de presidio, respectivamente, en calidad de autores del delito consumado de robo con intimidaci\u00f3n. Il\u00edcito cometido en febrero pasado, en Puerto Guadal.<\/p>\n<p class=\"v1MsoNormal\" style=\"text-align: justify;\">En fallo un\u00e1nime (causa rol 280-2023), la Primera Sala del tribunal de alzada \u2013integrada por los ministros Pedro Castro Espinoza, Luis Aedo Mora y Natalia Rencoret Oliva\u2013 descart\u00f3 infracci\u00f3n de ley en la sentencia recurrida, pronunciada por el Tribunal de Juicio Oral en lo Penal de Coyhaique.<\/p>\n<p class=\"v1MsoNormal\" style=\"text-align: justify;\">\u00abQue, la conclusi\u00f3n a la que arribaron los sentenciadores lo fue en orden a que adquirieron la convicci\u00f3n, m\u00e1s all\u00e1 de toda duda razonable, de que realmente se cometi\u00f3 el hecho punible objeto de la acusaci\u00f3n y que en \u00e9l correspondi\u00f3 a los acusados una participaci\u00f3n culpable y penada por la ley, como expresamente lo mandata el art\u00edculo 340, del C\u00f3digo Procesal Penal, cuesti\u00f3n que el recurrente derechamente obvia\u00bb, sostiene el fallo.<\/p>\n<p class=\"v1MsoNormal\" style=\"text-align: justify;\">La resoluci\u00f3n agrega que: \u00abEn efecto, las m\u00e1ximas de experiencia, que no cita el recurrente, no han sido sobrepasadas ni infringidas por los sentenciadores. Los principios de la l\u00f3gica, como se razon\u00f3, tampoco se han infraccionado, toda vez que a las deducciones que realiz\u00f3 el impugnador, pueden agregarse otras, de partida las que llevaron al Tribunal al establecimiento de los hechos, a la participaci\u00f3n de los imputados y al hecho de no acoger las peticiones de la defensa, sin que el Tribunal hubiere transgredido los conocimientos cient\u00edficamente afianzados, los que tampoco se mencionan\u00bb.<\/p>\n<p class=\"v1MsoNormal\" style=\"text-align: justify;\">Por tanto, se resuelve que:<\/p>\n<p class=\"v1MsoNormal\" style=\"text-align: justify;\">\u00abI.\u00a0<b>SE DECLARA SIN LUGAR Y SE RECHAZA<\/b>, sin costas, el recurso de nulidad deducido por Alex Bolmann Astudillo, abogado, Defensor Penal P\u00fablico de Chile Chico, en contra de la sentencia definitiva, de fecha 3 de Octubre del a\u00f1o 2023, en cuanto se conden\u00f3, a la citada acusada, Carol Yamilett Santana Gam\u00edn, por su responsabilidad como autora de un delito de robo con intimidaci\u00f3n, previsto en el art\u00edculo 432, en relaci\u00f3n al inciso primero del art\u00edculo 436, ambos del C\u00f3digo Penal, en grado consumado, a las penas que se establecen en lo resolutivo del fallo, sentencia que, en consecuencia, no es nula, como tampoco el Juicio en la que se dict\u00f3.<\/p>\n<p class=\"v1MsoNormal\" style=\"text-align: justify;\">II.\u00a0<b>SE DECLARA SIN LUGAR Y SE RECHAZA<\/b>, sin costas, el recurso de nulidad deducido por Roberto Silva Jara, abogado, Defensor Penal P\u00fablico, en contra de la referida sentencia, en cuanto por ella se conden\u00f3 a sus representados, Aldo Alexis Pinilla Alarc\u00f3n y Juan Claudio Naiman Poblete, por su responsabilidad como autores, del delito consumado de robo con intimidaci\u00f3n, previsto en el art\u00edculo 432, en relaci\u00f3n al inciso primero del art\u00edculo 436, ambos del C\u00f3digo Penal, a las penas que se establecen en lo resolutivo del fallo, sentencia que, en consecuencia, no es nula, como tampoco el Juicio en la que se dict\u00f3\u00bb.<\/p>\n<\/div><\/section><\/div><div  style='height:50px' class='hr hr-invisible   avia-builder-el-6  el_after_av_one_full  el_before_av_social_share '><span class='hr-inner ' ><span class='hr-inner-style'><\/span><\/span><\/div><\/p>\n<div  class='av-social-sharing-box  avia-builder-el-7  el_after_av_hr  el_before_av_hr  '><div class='av-share-box'><h5 class='av-share-link-description av-no-toc '>Compartir esta noticia<\/h5><ul class='av-share-box-list noLightbox'><li class='av-share-link av-social-link-facebook' ><a target=\"_blank\" aria-label=\"Compartir en Facebook\" href='https:\/\/www.facebook.com\/sharer.php?u=https:\/\/radiorevelacionfm.cl\/?p=37775&#038;t=Corte%20de%20Coyhaique%20rechaza%20recursos%20de%20nulidad%20y%20confirma%20condena%20por%20robo%20con%20intimidaci%C3%B3n%20en%20Puerto%20Guadal' aria-hidden='false' data-av_icon='\ue8f3' data-av_iconfont='entypo-fontello' title='' data-avia-related-tooltip='Compartir en Facebook' rel=\"noopener\"><span class='avia_hidden_link_text'>Compartir en Facebook<\/span><\/a><\/li><li class='av-share-link av-social-link-twitter' ><a target=\"_blank\" aria-label=\"Compartir en Twitter\" href='https:\/\/twitter.com\/share?text=Corte%20de%20Coyhaique%20rechaza%20recursos%20de%20nulidad%20y%20confirma%20condena%20por%20robo%20con%20intimidaci%C3%B3n%20en%20Puerto%20Guadal&#038;url=https:\/\/radiorevelacionfm.cl\/?p=37775' aria-hidden='false' data-av_icon='\ue8f1' data-av_iconfont='entypo-fontello' title='' data-avia-related-tooltip='Compartir en Twitter' rel=\"noopener\"><span class='avia_hidden_link_text'>Compartir en Twitter<\/span><\/a><\/li><li class='av-share-link av-social-link-whatsapp' ><a target=\"_blank\" aria-label=\"Compartir en Whatsapp\" href='https:\/\/api.whatsapp.com\/send?text=https:\/\/radiorevelacionfm.cl\/?p=37775' aria-hidden='false' data-av_icon='\uf232' data-av_iconfont='entypo-fontello' title='' data-avia-related-tooltip='Compartir en Whatsapp' rel=\"noopener\"><span class='avia_hidden_link_text'>Compartir en Whatsapp<\/span><\/a><\/li><li class='av-share-link av-social-link-linkedin' ><a target=\"_blank\" aria-label=\"Compartir en LinkedIn\" href='https:\/\/linkedin.com\/shareArticle?mini=true&#038;title=Corte%20de%20Coyhaique%20rechaza%20recursos%20de%20nulidad%20y%20confirma%20condena%20por%20robo%20con%20intimidaci%C3%B3n%20en%20Puerto%20Guadal&#038;url=https:\/\/radiorevelacionfm.cl\/?p=37775' aria-hidden='false' data-av_icon='\ue8fc' data-av_iconfont='entypo-fontello' title='' data-avia-related-tooltip='Compartir en LinkedIn' rel=\"noopener\"><span class='avia_hidden_link_text'>Compartir en LinkedIn<\/span><\/a><\/li><li class='av-share-link av-social-link-mail' ><a  aria-label=\"Compartir por correo\" href='mailto:?subject=Corte%20de%20Coyhaique%20rechaza%20recursos%20de%20nulidad%20y%20confirma%20condena%20por%20robo%20con%20intimidaci%C3%B3n%20en%20Puerto%20Guadal&#038;body=https:\/\/radiorevelacionfm.cl\/?p=37775' aria-hidden='false' data-av_icon='\ue805' data-av_iconfont='entypo-fontello' title='' data-avia-related-tooltip='Compartir por correo'><span class='avia_hidden_link_text'>Compartir por correo<\/span><\/a><\/li><\/ul><\/div><\/div>\n<div  style='height:50px' class='hr hr-invisible   avia-builder-el-8  el_after_av_social_share  el_before_av_comments_list '><span class='hr-inner ' ><span class='hr-inner-style'><\/span><\/span><\/div>\n<div  class='av-buildercomment  av-blog-meta-html-info-disabled av-blog-meta-tag-disabled  '><\/div>\n","protected":false},"excerpt":{"rendered":"","protected":false},"author":1,"featured_media":37777,"comment_status":"open","ping_status":"open","sticky":false,"template":"","format":"standard","meta":{"footnotes":""},"categories":[36],"tags":[],"class_list":["post-37775","post","type-post","status-publish","format-standard","has-post-thumbnail","hentry","category-policial"],"jetpack_featured_media_url":"https:\/\/radiorevelacionfm.cl\/wp-content\/uploads\/2023\/12\/Corte-primera-sala-1-1.jpg","_links":{"self":[{"href":"https:\/\/radiorevelacionfm.cl\/index.php?rest_route=\/wp\/v2\/posts\/37775","targetHints":{"allow":["GET"]}}],"collection":[{"href":"https:\/\/radiorevelacionfm.cl\/index.php?rest_route=\/wp\/v2\/posts"}],"about":[{"href":"https:\/\/radiorevelacionfm.cl\/index.php?rest_route=\/wp\/v2\/types\/post"}],"author":[{"embeddable":true,"href":"https:\/\/radiorevelacionfm.cl\/index.php?rest_route=\/wp\/v2\/users\/1"}],"replies":[{"embeddable":true,"href":"https:\/\/radiorevelacionfm.cl\/index.php?rest_route=%2Fwp%2Fv2%2Fcomments&post=37775"}],"version-history":[{"count":1,"href":"https:\/\/radiorevelacionfm.cl\/index.php?rest_route=\/wp\/v2\/posts\/37775\/revisions"}],"predecessor-version":[{"id":37778,"href":"https:\/\/radiorevelacionfm.cl\/index.php?rest_route=\/wp\/v2\/posts\/37775\/revisions\/37778"}],"wp:featuredmedia":[{"embeddable":true,"href":"https:\/\/radiorevelacionfm.cl\/index.php?rest_route=\/wp\/v2\/media\/37777"}],"wp:attachment":[{"href":"https:\/\/radiorevelacionfm.cl\/index.php?rest_route=%2Fwp%2Fv2%2Fmedia&parent=37775"}],"wp:term":[{"taxonomy":"category","embeddable":true,"href":"https:\/\/radiorevelacionfm.cl\/index.php?rest_route=%2Fwp%2Fv2%2Fcategories&post=37775"},{"taxonomy":"post_tag","embeddable":true,"href":"https:\/\/radiorevelacionfm.cl\/index.php?rest_route=%2Fwp%2Fv2%2Ftags&post=37775"}],"curies":[{"name":"wp","href":"https:\/\/api.w.org\/{rel}","templated":true}]}}