{"id":37767,"date":"2023-12-07T11:02:43","date_gmt":"2023-12-07T14:02:43","guid":{"rendered":"https:\/\/radiorevelacionfm.cl\/?p=37767"},"modified":"2023-12-07T11:02:43","modified_gmt":"2023-12-07T14:02:43","slug":"este-jueves-municipio-de-aysen-inaugurara-luminarias-navidenas-con-sorpresas-para-los-ninos","status":"publish","type":"post","link":"https:\/\/radiorevelacionfm.cl\/?p=37767","title":{"rendered":"Este jueves Municipio de Ays\u00e9n inaugurar\u00e1 luminarias navide\u00f1as con sorpresas para los ni\u00f1os"},"content":{"rendered":"<div class=\"flex_column av_one_full  flex_column_div av-zero-column-padding first  avia-builder-el-0  el_before_av_one_full  avia-builder-el-first  \" style='border-radius:0px; '><div  class='avia-image-container  av-styling-    avia-builder-el-1  avia-builder-el-no-sibling  avia-align-center '  itemprop=\"image\" itemscope=\"itemscope\" itemtype=\"https:\/\/schema.org\/ImageObject\"  ><div class='avia-image-container-inner'><div class='avia-image-overlay-wrap'><img decoding=\"async\" class='wp-image-37768 avia-img-lazy-loading-not-37768 avia_image' src=\"https:\/\/radiorevelacionfm.cl\/wp-content\/uploads\/2023\/12\/invita-encendido-luces-2-1_optimized.jpg\" alt='' title='invita-encendido-luces-2-(1)_optimized' height=\"600\" width=\"1067\"  itemprop=\"thumbnailUrl\" srcset=\"https:\/\/radiorevelacionfm.cl\/wp-content\/uploads\/2023\/12\/invita-encendido-luces-2-1_optimized.jpg 1067w, https:\/\/radiorevelacionfm.cl\/wp-content\/uploads\/2023\/12\/invita-encendido-luces-2-1_optimized-300x169.jpg 300w, https:\/\/radiorevelacionfm.cl\/wp-content\/uploads\/2023\/12\/invita-encendido-luces-2-1_optimized-1030x579.jpg 1030w, https:\/\/radiorevelacionfm.cl\/wp-content\/uploads\/2023\/12\/invita-encendido-luces-2-1_optimized-768x432.jpg 768w, https:\/\/radiorevelacionfm.cl\/wp-content\/uploads\/2023\/12\/invita-encendido-luces-2-1_optimized-705x396.jpg 705w, https:\/\/radiorevelacionfm.cl\/wp-content\/uploads\/2023\/12\/invita-encendido-luces-2-1_optimized-450x253.jpg 450w, https:\/\/radiorevelacionfm.cl\/wp-content\/uploads\/2023\/12\/invita-encendido-luces-2-1_optimized-600x337.jpg 600w\" sizes=\"(max-width: 1067px) 100vw, 1067px\" \/><\/div><\/div><\/div><\/div><div class=\"flex_column av_one_full  flex_column_div av-zero-column-padding first  avia-builder-el-2  el_after_av_one_full  el_before_av_one_full  column-top-margin\" style='border-radius:0px; '><section class=\"av_textblock_section \"  itemscope=\"itemscope\" itemtype=\"https:\/\/schema.org\/BlogPosting\" itemprop=\"blogPost\" ><div class='avia_textblock  '   itemprop=\"text\" ><p style=\"text-align: center;\"><strong><span style=\"font-size: 18pt;\">Este jueves Municipio de Ays\u00e9n inaugurar\u00e1 luminarias navide\u00f1as con sorpresas para los ni\u00f1os<\/span><\/strong><\/p>\n<div id=\"gtx-trans\" style=\"position: absolute; left: -50px; top: 4.31534px;\">\n<div class=\"gtx-trans-icon\"><\/div>\n<\/div>\n<\/div><\/section><\/div><div class=\"flex_column av_one_full  flex_column_div av-zero-column-padding first  avia-builder-el-4  el_after_av_one_full  el_before_av_hr  column-top-margin\" style='border-radius:0px; '><section class=\"av_textblock_section \"  itemscope=\"itemscope\" itemtype=\"https:\/\/schema.org\/BlogPosting\" itemprop=\"blogPost\" ><div class='avia_textblock  '   itemprop=\"text\" ><p style=\"text-align: justify;\"><em>Habr\u00e1 orquesta infantil, folclore, villancicos, la Banda Instrumental de Carabineros, entre otras actividades, todas pensadas en la familia. La invitaci\u00f3n es a toda la comunidad, a quienes visitan la zona y los vecinos de otras localidades de la regi\u00f3n.<\/em><\/p>\n<p style=\"text-align: justify;\">Este jueves 7 de diciembre Puerto Ays\u00e9n se iluminar\u00e1 de manera especial y por tercer a\u00f1o consecutivo los distintos puntos de la ciudad y la comuna se llenar\u00e1n del esp\u00edritu navide\u00f1o, con figuras alusivas a las fiestas de fin de a\u00f1o y un maravilloso \u00e1rbol en medio de la Plaza de Armas.<\/p>\n<p style=\"text-align: justify;\">A esto se suman una serie de actividades que comenzar\u00e1n a las 19 horas, con m\u00fasica en vivo, villancicos, orquesta infantil, Banda Instrumental de Carabineros, artistas locales, grupos folcl\u00f3ricos y muchas sorpresas sobre todo para los ni\u00f1os que lleguen hasta el principal paseo p\u00fablico de la porte\u00f1a ciudad.<\/p>\n<p style=\"text-align: justify;\">\u201cInvitar a toda nuestra comunidad, en familia, venir a ver el encendido de luces, que este a\u00f1o nuevamente va a ser algo muy lindo, que estamos trabajando firmemente con una planilla de actividades, con artistas locales que para nosotros es muy importante realzar. Entregar un escenario donde, no nos cabe duda, vamos a tener un gran marco de p\u00fablico para nuestras orquestas infantiles, donde tengan su espacio para presentarse junto a nuestro tradicional encendido de luces, que por tercer a\u00f1o lo estamos realizando\u201d, se\u00f1al\u00f3 el Alcalde Julio Uribe Alvarado.<\/p>\n<p style=\"text-align: justify;\">El Alcalde de la comuna de Ays\u00e9n, Julio Uribe, quiso tambi\u00e9n agradecer a todos y todas quienes han decidido ser parte de la actividad de este jueves, destacando la permanente participaci\u00f3n de la Banda de Carabineros, \u201cvamos a tener a nuestra Banda Benem\u00e9rita de Carabineros, quienes siempre participan en todas nuestras actividades, en sentido, agradecer a Carabineros de Chile por estar siempre presente. As\u00ed mismo, las dem\u00e1s bandas que van a estar, van a ser un marco especial para celebrar este encendido de luces, que muy bien nos viene a nuestra comunidad. Entonces, vamos a tener diferentes sorpresas, actividades y es importante que nuestra comunidad asista\u201d.<\/p>\n<p style=\"text-align: justify;\">Para que la comunidad este jueves pueda apreciar la ciudad iluminada de Navidad, ha existido un trabajo durante varios meses, con mucho cari\u00f1o de cada uno de los funcionarios y funcionarias municipales, pero principalmente de todo quienes son parte de la Direcci\u00f3n de Aseo, Ornato y Medio Ambiente.<\/p>\n<\/div><\/section><\/div><div  style='height:50px' class='hr hr-invisible   avia-builder-el-6  el_after_av_one_full  el_before_av_social_share '><span class='hr-inner ' ><span class='hr-inner-style'><\/span><\/span><\/div><\/p>\n<div  class='av-social-sharing-box  avia-builder-el-7  el_after_av_hr  el_before_av_hr  '><div class='av-share-box'><h5 class='av-share-link-description av-no-toc '>Compartir esta noticia<\/h5><ul class='av-share-box-list noLightbox'><li class='av-share-link av-social-link-facebook' ><a target=\"_blank\" aria-label=\"Compartir en Facebook\" href='https:\/\/www.facebook.com\/sharer.php?u=https:\/\/radiorevelacionfm.cl\/?p=37767&#038;t=Este%20jueves%20Municipio%20de%20Ays%C3%A9n%20inaugurar%C3%A1%20luminarias%20navide%C3%B1as%20con%20sorpresas%20para%20los%20ni%C3%B1os' aria-hidden='false' data-av_icon='\ue8f3' data-av_iconfont='entypo-fontello' title='' data-avia-related-tooltip='Compartir en Facebook' rel=\"noopener\"><span class='avia_hidden_link_text'>Compartir en Facebook<\/span><\/a><\/li><li class='av-share-link av-social-link-twitter' ><a target=\"_blank\" aria-label=\"Compartir en Twitter\" href='https:\/\/twitter.com\/share?text=Este%20jueves%20Municipio%20de%20Ays%C3%A9n%20inaugurar%C3%A1%20luminarias%20navide%C3%B1as%20con%20sorpresas%20para%20los%20ni%C3%B1os&#038;url=https:\/\/radiorevelacionfm.cl\/?p=37767' aria-hidden='false' data-av_icon='\ue8f1' data-av_iconfont='entypo-fontello' title='' data-avia-related-tooltip='Compartir en Twitter' rel=\"noopener\"><span class='avia_hidden_link_text'>Compartir en Twitter<\/span><\/a><\/li><li class='av-share-link av-social-link-whatsapp' ><a target=\"_blank\" aria-label=\"Compartir en Whatsapp\" href='https:\/\/api.whatsapp.com\/send?text=https:\/\/radiorevelacionfm.cl\/?p=37767' aria-hidden='false' data-av_icon='\uf232' data-av_iconfont='entypo-fontello' title='' data-avia-related-tooltip='Compartir en Whatsapp' rel=\"noopener\"><span class='avia_hidden_link_text'>Compartir en Whatsapp<\/span><\/a><\/li><li class='av-share-link av-social-link-linkedin' ><a target=\"_blank\" aria-label=\"Compartir en LinkedIn\" href='https:\/\/linkedin.com\/shareArticle?mini=true&#038;title=Este%20jueves%20Municipio%20de%20Ays%C3%A9n%20inaugurar%C3%A1%20luminarias%20navide%C3%B1as%20con%20sorpresas%20para%20los%20ni%C3%B1os&#038;url=https:\/\/radiorevelacionfm.cl\/?p=37767' aria-hidden='false' data-av_icon='\ue8fc' data-av_iconfont='entypo-fontello' title='' data-avia-related-tooltip='Compartir en LinkedIn' rel=\"noopener\"><span class='avia_hidden_link_text'>Compartir en LinkedIn<\/span><\/a><\/li><li class='av-share-link av-social-link-mail' ><a  aria-label=\"Compartir por correo\" href='mailto:?subject=Este%20jueves%20Municipio%20de%20Ays%C3%A9n%20inaugurar%C3%A1%20luminarias%20navide%C3%B1as%20con%20sorpresas%20para%20los%20ni%C3%B1os&#038;body=https:\/\/radiorevelacionfm.cl\/?p=37767' aria-hidden='false' data-av_icon='\ue805' data-av_iconfont='entypo-fontello' title='' data-avia-related-tooltip='Compartir por correo'><span class='avia_hidden_link_text'>Compartir por correo<\/span><\/a><\/li><\/ul><\/div><\/div>\n<div  style='height:50px' class='hr hr-invisible   avia-builder-el-8  el_after_av_social_share  el_before_av_comments_list '><span class='hr-inner ' ><span class='hr-inner-style'><\/span><\/span><\/div>\n<div  class='av-buildercomment  av-blog-meta-html-info-disabled av-blog-meta-tag-disabled  '><\/div>\n","protected":false},"excerpt":{"rendered":"","protected":false},"author":1,"featured_media":37768,"comment_status":"open","ping_status":"open","sticky":false,"template":"","format":"standard","meta":{"footnotes":""},"categories":[38],"tags":[],"class_list":["post-37767","post","type-post","status-publish","format-standard","has-post-thumbnail","hentry","category-regional"],"jetpack_featured_media_url":"https:\/\/radiorevelacionfm.cl\/wp-content\/uploads\/2023\/12\/invita-encendido-luces-2-1_optimized.jpg","_links":{"self":[{"href":"https:\/\/radiorevelacionfm.cl\/index.php?rest_route=\/wp\/v2\/posts\/37767","targetHints":{"allow":["GET"]}}],"collection":[{"href":"https:\/\/radiorevelacionfm.cl\/index.php?rest_route=\/wp\/v2\/posts"}],"about":[{"href":"https:\/\/radiorevelacionfm.cl\/index.php?rest_route=\/wp\/v2\/types\/post"}],"author":[{"embeddable":true,"href":"https:\/\/radiorevelacionfm.cl\/index.php?rest_route=\/wp\/v2\/users\/1"}],"replies":[{"embeddable":true,"href":"https:\/\/radiorevelacionfm.cl\/index.php?rest_route=%2Fwp%2Fv2%2Fcomments&post=37767"}],"version-history":[{"count":1,"href":"https:\/\/radiorevelacionfm.cl\/index.php?rest_route=\/wp\/v2\/posts\/37767\/revisions"}],"predecessor-version":[{"id":37769,"href":"https:\/\/radiorevelacionfm.cl\/index.php?rest_route=\/wp\/v2\/posts\/37767\/revisions\/37769"}],"wp:featuredmedia":[{"embeddable":true,"href":"https:\/\/radiorevelacionfm.cl\/index.php?rest_route=\/wp\/v2\/media\/37768"}],"wp:attachment":[{"href":"https:\/\/radiorevelacionfm.cl\/index.php?rest_route=%2Fwp%2Fv2%2Fmedia&parent=37767"}],"wp:term":[{"taxonomy":"category","embeddable":true,"href":"https:\/\/radiorevelacionfm.cl\/index.php?rest_route=%2Fwp%2Fv2%2Fcategories&post=37767"},{"taxonomy":"post_tag","embeddable":true,"href":"https:\/\/radiorevelacionfm.cl\/index.php?rest_route=%2Fwp%2Fv2%2Ftags&post=37767"}],"curies":[{"name":"wp","href":"https:\/\/api.w.org\/{rel}","templated":true}]}}