{"id":37764,"date":"2023-12-06T16:11:50","date_gmt":"2023-12-06T19:11:50","guid":{"rendered":"https:\/\/radiorevelacionfm.cl\/?p=37764"},"modified":"2023-12-06T16:11:50","modified_gmt":"2023-12-06T19:11:50","slug":"parlamentarios-y-vecinos-piden-clausura-total-del-liceo-de-melinka-por-problemas-sanitarios","status":"publish","type":"post","link":"https:\/\/radiorevelacionfm.cl\/?p=37764","title":{"rendered":"Parlamentarios y vecinos piden clausura total del liceo de Melinka por problemas sanitarios"},"content":{"rendered":"<div class=\"flex_column av_one_full  flex_column_div av-zero-column-padding first  avia-builder-el-0  el_before_av_one_full  avia-builder-el-first  \" style='border-radius:0px; '><div  class='avia-image-container  av-styling-    avia-builder-el-1  avia-builder-el-no-sibling  avia-align-center '  itemprop=\"image\" itemscope=\"itemscope\" itemtype=\"https:\/\/schema.org\/ImageObject\"  ><div class='avia-image-container-inner'><div class='avia-image-overlay-wrap'><img decoding=\"async\" class='wp-image-37765 avia-img-lazy-loading-not-37765 avia_image' src=\"https:\/\/radiorevelacionfm.cl\/wp-content\/uploads\/2023\/12\/FOTO-LICEO-MELINKA-1-1.jpeg\" alt='' title='FOTO LICEO MELINKA (1) (1)' height=\"600\" width=\"800\"  itemprop=\"thumbnailUrl\" srcset=\"https:\/\/radiorevelacionfm.cl\/wp-content\/uploads\/2023\/12\/FOTO-LICEO-MELINKA-1-1.jpeg 800w, https:\/\/radiorevelacionfm.cl\/wp-content\/uploads\/2023\/12\/FOTO-LICEO-MELINKA-1-1-300x225.jpeg 300w, https:\/\/radiorevelacionfm.cl\/wp-content\/uploads\/2023\/12\/FOTO-LICEO-MELINKA-1-1-768x576.jpeg 768w, https:\/\/radiorevelacionfm.cl\/wp-content\/uploads\/2023\/12\/FOTO-LICEO-MELINKA-1-1-705x529.jpeg 705w, https:\/\/radiorevelacionfm.cl\/wp-content\/uploads\/2023\/12\/FOTO-LICEO-MELINKA-1-1-450x338.jpeg 450w, https:\/\/radiorevelacionfm.cl\/wp-content\/uploads\/2023\/12\/FOTO-LICEO-MELINKA-1-1-600x450.jpeg 600w\" sizes=\"(max-width: 800px) 100vw, 800px\" \/><\/div><\/div><\/div><\/div>\n<div class=\"flex_column av_one_full  flex_column_div av-zero-column-padding first  avia-builder-el-2  el_after_av_one_full  el_before_av_one_full  column-top-margin\" style='border-radius:0px; '><section class=\"av_textblock_section \"  itemscope=\"itemscope\" itemtype=\"https:\/\/schema.org\/BlogPosting\" itemprop=\"blogPost\" ><div class='avia_textblock  '   itemprop=\"text\" ><h2 class=\"title\" style=\"text-align: center;\"><span style=\"font-size: 18pt;\"><b><span lang=\"ES\">Parlamentarios y vecinos piden clausura total del liceo de Melinka por problemas sanitarios<\/span><\/b><\/span><\/h2>\n<div id=\"gtx-trans\" style=\"position: absolute; left: -50px; top: 4.31534px;\">\n<div class=\"gtx-trans-icon\"><\/div>\n<\/div>\n<\/div><\/section><\/div><div class=\"flex_column av_one_full  flex_column_div av-zero-column-padding first  avia-builder-el-4  el_after_av_one_full  el_before_av_hr  column-top-margin\" style='border-radius:0px; '><section class=\"av_textblock_section \"  itemscope=\"itemscope\" itemtype=\"https:\/\/schema.org\/BlogPosting\" itemprop=\"blogPost\" ><div class='avia_textblock  '   itemprop=\"text\" ><p style=\"font-weight: 400; text-align: justify;\">En el marco de la visita que est\u00e1n realizando a la localidad de Melinka, \u00a0apoderados y representantes del cuerpo docente del liceo de la localidad le plantearon a los diputado Miguel \u00c1ngel Calisto y Ren\u00e9 Alinco su preocupaci\u00f3n por el constante olor a excremento que emana\u00a0 en el lugar y diversos problemas con las aguas servidas, hecho por el cual solicitaron a la autoridad sanitaria que se clausure el establecimiento.<\/p>\n<p style=\"font-weight: 400; text-align: justify;\">Los parlamentarios, quienes se encuentran desde este martes en la localidad, esperan que durante el verano se puedan realizar los arreglos para terminar con el problema sanitario, el que seg\u00fan los apoderados y profesores, se arrastra desde hace muchos a\u00f1os. Actualmente, el liceo estar\u00eda con<\/p>\n<p style=\"font-weight: 400; text-align: justify;\">Seg\u00fan el diputado Miguel \u00c1ngel Calisto, \u201chay un problema grave respecto a las aguas servicias, afectando mayormente a los alumnos y trabajadores del liceo. Es importante que la autoridad sanitaria act\u00fae, por eso nos contactamos con el Ministro de Salud y con la Seremi de Salud para que se decrete la clausura del establecimiento por grave crisis sanitaria\u201d.<\/p>\n<p style=\"font-weight: 400; text-align: justify;\">\u201cEsto nos da tiempo para que, de aqu\u00ed a marzo, cuando se vuelvan a retomar las clases, este problema se solucione. La responsabilidad la va a tener la Municipalidad de aqu\u00ed a fin de a\u00f1o, pero tambi\u00e9n el SLEP. Le pedimos al director del SLEP est\u00e9 presente ac\u00e1 en Melinka para resolver este problema y en marzo no tengamos la misma situaci\u00f3n, poniendo en riesgo la salud de los ni\u00f1os y la comunidad educativa que trabaja ac\u00e1\u201d, indic\u00f3.<\/p>\n<p style=\"font-weight: 400; text-align: justify;\">Por su parte, Leticia Mar\u00edo, Presidenta del Centro de Padres, \u201cestamos preocupados por la problem\u00e1tica sanitaria que vive el liceo y que se viene acarreando desde hace mucho tiempo. Le agradecemos al Diputado Calisto que se haya hecho presente ac\u00e1 para ver in situ como nuestros estudiantes, profesores y asistentes de la educaci\u00f3n conviven d\u00eda a d\u00eda con el olor a caca en el establecimiento\u201d.<\/p>\n<p style=\"font-weight: 400; text-align: justify;\">\u201cSabemos que es inhumano trabajar de esa manera y vemos como los derechos de los estudiantes son vulnerados d\u00eda tras d\u00eda. Queremos que de una vez por todas, nuestras autoridades tengan la capacidad y la altura de miras de poder subsanar el problema que acarreamos durante a\u00f1os\u201d, se\u00f1al\u00f3.<\/p>\n<p style=\"font-weight: 400; text-align: justify;\">Seg\u00fan Iv\u00e1n Nancul, director del establecimiento, \u201cestamos alineados en que la dignidad de los estudiantes y del personal es lo que prima. Agradecemos a los diputados que tienen comunicaci\u00f3n directa con las autoridades a nivel central, porque muchas veces la burocracia prima sobre el sentido com\u00fan. Hoy al menos, el sentido com\u00fan prevaleci\u00f3\u201d.<\/p>\n<p style=\"font-weight: 400; text-align: justify;\">Finalmente, el director del liceo indic\u00f3 que \u201cno est\u00e1n las condiciones y esperamos que esta medida de cierre nos garantice que se busquen soluciones reales, que nos sean superficiales, porque en marzo el problema puede subsistir. Necesitamos acciones concretas que garanticen que nuestros estudiantes y nuestro personal estar\u00e1n con las condiciones \u00f3ptimas\u201d.<\/p>\n<\/div><\/section><\/div><div  style='height:50px' class='hr hr-invisible   avia-builder-el-6  el_after_av_one_full  el_before_av_social_share '><span class='hr-inner ' ><span class='hr-inner-style'><\/span><\/span><\/div><\/p>\n<div  class='av-social-sharing-box  avia-builder-el-7  el_after_av_hr  el_before_av_hr  '><div class='av-share-box'><h5 class='av-share-link-description av-no-toc '>Compartir esta noticia<\/h5><ul class='av-share-box-list noLightbox'><li class='av-share-link av-social-link-facebook' ><a target=\"_blank\" aria-label=\"Compartir en Facebook\" href='https:\/\/www.facebook.com\/sharer.php?u=https:\/\/radiorevelacionfm.cl\/?p=37764&#038;t=Parlamentarios%20y%20vecinos%20piden%20clausura%20total%20del%20liceo%20de%20Melinka%20por%20problemas%20sanitarios' aria-hidden='false' data-av_icon='\ue8f3' data-av_iconfont='entypo-fontello' title='' data-avia-related-tooltip='Compartir en Facebook' rel=\"noopener\"><span class='avia_hidden_link_text'>Compartir en Facebook<\/span><\/a><\/li><li class='av-share-link av-social-link-twitter' ><a target=\"_blank\" aria-label=\"Compartir en Twitter\" href='https:\/\/twitter.com\/share?text=Parlamentarios%20y%20vecinos%20piden%20clausura%20total%20del%20liceo%20de%20Melinka%20por%20problemas%20sanitarios&#038;url=https:\/\/radiorevelacionfm.cl\/?p=37764' aria-hidden='false' data-av_icon='\ue8f1' data-av_iconfont='entypo-fontello' title='' data-avia-related-tooltip='Compartir en Twitter' rel=\"noopener\"><span class='avia_hidden_link_text'>Compartir en Twitter<\/span><\/a><\/li><li class='av-share-link av-social-link-whatsapp' ><a target=\"_blank\" aria-label=\"Compartir en Whatsapp\" href='https:\/\/api.whatsapp.com\/send?text=https:\/\/radiorevelacionfm.cl\/?p=37764' aria-hidden='false' data-av_icon='\uf232' data-av_iconfont='entypo-fontello' title='' data-avia-related-tooltip='Compartir en Whatsapp' rel=\"noopener\"><span class='avia_hidden_link_text'>Compartir en Whatsapp<\/span><\/a><\/li><li class='av-share-link av-social-link-linkedin' ><a target=\"_blank\" aria-label=\"Compartir en LinkedIn\" href='https:\/\/linkedin.com\/shareArticle?mini=true&#038;title=Parlamentarios%20y%20vecinos%20piden%20clausura%20total%20del%20liceo%20de%20Melinka%20por%20problemas%20sanitarios&#038;url=https:\/\/radiorevelacionfm.cl\/?p=37764' aria-hidden='false' data-av_icon='\ue8fc' data-av_iconfont='entypo-fontello' title='' data-avia-related-tooltip='Compartir en LinkedIn' rel=\"noopener\"><span class='avia_hidden_link_text'>Compartir en LinkedIn<\/span><\/a><\/li><li class='av-share-link av-social-link-mail' ><a  aria-label=\"Compartir por correo\" href='mailto:?subject=Parlamentarios%20y%20vecinos%20piden%20clausura%20total%20del%20liceo%20de%20Melinka%20por%20problemas%20sanitarios&#038;body=https:\/\/radiorevelacionfm.cl\/?p=37764' aria-hidden='false' data-av_icon='\ue805' data-av_iconfont='entypo-fontello' title='' data-avia-related-tooltip='Compartir por correo'><span class='avia_hidden_link_text'>Compartir por correo<\/span><\/a><\/li><\/ul><\/div><\/div>\n<div  style='height:50px' class='hr hr-invisible   avia-builder-el-8  el_after_av_social_share  el_before_av_comments_list '><span class='hr-inner ' ><span class='hr-inner-style'><\/span><\/span><\/div>\n<div  class='av-buildercomment  av-blog-meta-html-info-disabled av-blog-meta-tag-disabled  '><\/div>\n","protected":false},"excerpt":{"rendered":"","protected":false},"author":1,"featured_media":37765,"comment_status":"open","ping_status":"open","sticky":false,"template":"","format":"standard","meta":{"footnotes":""},"categories":[38],"tags":[],"class_list":["post-37764","post","type-post","status-publish","format-standard","has-post-thumbnail","hentry","category-regional"],"jetpack_featured_media_url":"https:\/\/radiorevelacionfm.cl\/wp-content\/uploads\/2023\/12\/FOTO-LICEO-MELINKA-1-1.jpeg","_links":{"self":[{"href":"https:\/\/radiorevelacionfm.cl\/index.php?rest_route=\/wp\/v2\/posts\/37764","targetHints":{"allow":["GET"]}}],"collection":[{"href":"https:\/\/radiorevelacionfm.cl\/index.php?rest_route=\/wp\/v2\/posts"}],"about":[{"href":"https:\/\/radiorevelacionfm.cl\/index.php?rest_route=\/wp\/v2\/types\/post"}],"author":[{"embeddable":true,"href":"https:\/\/radiorevelacionfm.cl\/index.php?rest_route=\/wp\/v2\/users\/1"}],"replies":[{"embeddable":true,"href":"https:\/\/radiorevelacionfm.cl\/index.php?rest_route=%2Fwp%2Fv2%2Fcomments&post=37764"}],"version-history":[{"count":2,"href":"https:\/\/radiorevelacionfm.cl\/index.php?rest_route=\/wp\/v2\/posts\/37764\/revisions"}],"predecessor-version":[{"id":37770,"href":"https:\/\/radiorevelacionfm.cl\/index.php?rest_route=\/wp\/v2\/posts\/37764\/revisions\/37770"}],"wp:featuredmedia":[{"embeddable":true,"href":"https:\/\/radiorevelacionfm.cl\/index.php?rest_route=\/wp\/v2\/media\/37765"}],"wp:attachment":[{"href":"https:\/\/radiorevelacionfm.cl\/index.php?rest_route=%2Fwp%2Fv2%2Fmedia&parent=37764"}],"wp:term":[{"taxonomy":"category","embeddable":true,"href":"https:\/\/radiorevelacionfm.cl\/index.php?rest_route=%2Fwp%2Fv2%2Fcategories&post=37764"},{"taxonomy":"post_tag","embeddable":true,"href":"https:\/\/radiorevelacionfm.cl\/index.php?rest_route=%2Fwp%2Fv2%2Ftags&post=37764"}],"curies":[{"name":"wp","href":"https:\/\/api.w.org\/{rel}","templated":true}]}}