{"id":37760,"date":"2023-12-06T15:44:34","date_gmt":"2023-12-06T18:44:34","guid":{"rendered":"https:\/\/radiorevelacionfm.cl\/?p=37760"},"modified":"2023-12-06T15:44:34","modified_gmt":"2023-12-06T18:44:34","slug":"solo-hasta-el-14-de-diciembre-se-puede-postular-al-subsidio-de-arriendo-del-minvu","status":"publish","type":"post","link":"https:\/\/radiorevelacionfm.cl\/?p=37760","title":{"rendered":"Solo hasta el 14 de diciembre se puede postular al subsidio de arriendo del Minvu"},"content":{"rendered":"<div class=\"flex_column av_one_full  flex_column_div av-zero-column-padding first  avia-builder-el-0  el_before_av_one_full  avia-builder-el-first  \" style='border-radius:0px; '><div  class='avia-image-container  av-styling-    avia-builder-el-1  avia-builder-el-no-sibling  avia-align-center '  itemprop=\"image\" itemscope=\"itemscope\" itemtype=\"https:\/\/schema.org\/ImageObject\"  ><div class='avia-image-container-inner'><div class='avia-image-overlay-wrap'><img decoding=\"async\" class='wp-image-37761 avia-img-lazy-loading-not-37761 avia_image' src=\"https:\/\/radiorevelacionfm.cl\/wp-content\/uploads\/2023\/12\/foto-archivo-105-viviendas-coyhaique-1_optimized.jpg\" alt='' title='foto-archivo-105-viviendas-coyhaique-(1)_optimized' height=\"600\" width=\"923\"  itemprop=\"thumbnailUrl\" srcset=\"https:\/\/radiorevelacionfm.cl\/wp-content\/uploads\/2023\/12\/foto-archivo-105-viviendas-coyhaique-1_optimized.jpg 923w, https:\/\/radiorevelacionfm.cl\/wp-content\/uploads\/2023\/12\/foto-archivo-105-viviendas-coyhaique-1_optimized-300x195.jpg 300w, https:\/\/radiorevelacionfm.cl\/wp-content\/uploads\/2023\/12\/foto-archivo-105-viviendas-coyhaique-1_optimized-768x499.jpg 768w, https:\/\/radiorevelacionfm.cl\/wp-content\/uploads\/2023\/12\/foto-archivo-105-viviendas-coyhaique-1_optimized-705x458.jpg 705w, https:\/\/radiorevelacionfm.cl\/wp-content\/uploads\/2023\/12\/foto-archivo-105-viviendas-coyhaique-1_optimized-450x293.jpg 450w, https:\/\/radiorevelacionfm.cl\/wp-content\/uploads\/2023\/12\/foto-archivo-105-viviendas-coyhaique-1_optimized-600x390.jpg 600w\" sizes=\"(max-width: 923px) 100vw, 923px\" \/><\/div><\/div><\/div><\/div><div class=\"flex_column av_one_full  flex_column_div av-zero-column-padding first  avia-builder-el-2  el_after_av_one_full  el_before_av_one_full  column-top-margin\" style='border-radius:0px; '><section class=\"av_textblock_section \"  itemscope=\"itemscope\" itemtype=\"https:\/\/schema.org\/BlogPosting\" itemprop=\"blogPost\" ><div class='avia_textblock  '   itemprop=\"text\" ><p style=\"text-align: center;\"><span style=\"font-size: 18pt;\"><strong>Solo hasta el 14 de diciembre se puede postular al subsidio de arriendo del Minvu<\/strong><\/span><\/p>\n<div id=\"gtx-trans\" style=\"position: absolute; left: -50px; top: 4.31534px;\">\n<div class=\"gtx-trans-icon\"><\/div>\n<\/div>\n<\/div><\/section><\/div><\/p>\n<div class=\"flex_column av_one_full  flex_column_div av-zero-column-padding first  avia-builder-el-4  el_after_av_one_full  el_before_av_hr  column-top-margin\" style='border-radius:0px; '><section class=\"av_textblock_section \"  itemscope=\"itemscope\" itemtype=\"https:\/\/schema.org\/BlogPosting\" itemprop=\"blogPost\" ><div class='avia_textblock  '   itemprop=\"text\" ><p style=\"text-align: justify;\">S\u00f3lo hasta el pr\u00f3ximo jueves 14 de diciembre permanecer\u00e1n abiertas las postulaciones al \u00faltimo llamado especial de este a\u00f1o para el Subsidio de Arriendo, iniciativa del Ministerio de Vivienda y Urbanismo (Minvu) que busca brindar apoyo econ\u00f3mico temporal a familias que requieren cubrir parte del valor mensual de propiedades en renta.<\/p>\n<p style=\"text-align: justify;\">La informaci\u00f3n fue entregada por la Seremi de Vivienda de Ays\u00e9n, Paulina Ruz, quien record\u00f3 que los interesados pueden realizar el tr\u00e1mite de postulaci\u00f3n a trav\u00e9s del sitio web del\u00a0Minvu\u00a0(<a href=\"http:\/\/www.minvu.cl\">www.minvu.cl<\/a>) con la Clave \u00danica o bien, de manera presencial, en las oficinas del Serviu en Coyhaique, Puerto Ays\u00e9n o Cochrane.<\/p>\n<p style=\"text-align: justify;\">Tal como explic\u00f3 la representante del Minvu, el monto del subsidio de arriendo es m\u00e1s alto para las familias de las regiones extremas como la nuestra, ya que asciende a las 4,9 UF por mes ($178.000 aproximadamente) para arriendos que alcancen un valor m\u00e1ximo de 13 UF ($474.000).<\/p>\n<p style=\"text-align: justify;\">\u201cEn total el subsidio de arriendo llega a las 170 Unidades de Fomento, es decir, unos 6 millones 200 mil pesos, los que se entregan a las familias beneficiadas descont\u00e1ndose mensualmente hasta agotar los recursos disponibles. Tambi\u00e9n es importante se\u00f1alar que este beneficio puede ser utilizado de manera consecutiva o fragmentada, brindando flexibilidad a las familias en su aplicaci\u00f3n. Tambi\u00e9n hay que tener presente que, de acuerdo a la din\u00e1mica actual, las familias seleccionadas pagan mensualmente una parte del valor del arriendo de la vivienda, mientras que la otra fracci\u00f3n es cubierta por el aporte estatal\u201d, explic\u00f3.<\/p>\n<p style=\"text-align: justify;\">En ese contexto, la Seremi Paulina Ruz hizo un llamado a las familias interesadas para que se informen y realicen el tr\u00e1mite v\u00eda on line o presencial, aprovechando los \u00faltimos d\u00edas que van quedando para postular. \u201cEste subsidio de arriendo ha demostrado ser un gran apoyo econ\u00f3mico para muchas familias que est\u00e1n pasando momentos complicados o que est\u00e1n buscando alternativas para llegar a la casa propia, ya que el beneficio brinda adem\u00e1s la posibilidad de postular simult\u00e1neamente al subsidio DS1, orientado para sectores emergentes y medios. Los invitamos entonces a estar informados y postular a trav\u00e9s de la p\u00e1gina de internet del Ministerio de Vivienda <a href=\"http:\/\/www.minvu.cl\">www.minvu.cl<\/a> o en las oficinas Serviu de la regi\u00f3n, en Cochrane, Puerto Ays\u00e9n y Coyhaique, donde nuestros funcionarios y funcionarias les prestar\u00e1n orientaci\u00f3n y apoyo para que puedan realizar el tr\u00e1mite sin mayores inconvenientes. Y no olvidar que adem\u00e1s este subsidio es adaptable, es decir, que permite hacer cambios de vivienda o traslados entre regiones\u201d, precis\u00f3.<\/p>\n<p style=\"text-align: justify;\">Entre los requisitos generales para acceder al subsidio de Arriendo de Vivienda destacan: \u00a0Tener un m\u00ednimo de 18 a\u00f1os de edad; contar con c\u00e9dula nacional de identidad vigente, o c\u00e9dula de identidad para extranjeros; postular al menos con su c\u00f3nyuge, conviviente civil, conviviente o hijo; aquellas personas con m\u00e1s de 60 a\u00f1os al momento de postular no requieren un n\u00facleo familiar; estar inscrito en el Registro Social de Hogares (RSH) y no superar el 70% de calificaci\u00f3n socioecon\u00f3mica; acreditar un ahorro m\u00ednimo de 4 UF (unos 146 mil pesos) \u00a0en una cuenta de ahorro para la vivienda al momento de postular; contar con un ingreso familiar entre 7 UF y 25 UF y en el caso de n\u00facleos familiares con m\u00e1s de 3 integrantes, el ingreso m\u00e1ximo mensual familiar aumenta en 8 UF.<\/p>\n<\/div><\/section><\/div>\n<div  style='height:50px' class='hr hr-invisible   avia-builder-el-6  el_after_av_one_full  el_before_av_social_share '><span class='hr-inner ' ><span class='hr-inner-style'><\/span><\/span><\/div>\n<div  class='av-social-sharing-box  avia-builder-el-7  el_after_av_hr  el_before_av_hr  '><div class='av-share-box'><h5 class='av-share-link-description av-no-toc '>Compartir esta noticia<\/h5><ul class='av-share-box-list noLightbox'><li class='av-share-link av-social-link-facebook' ><a target=\"_blank\" aria-label=\"Compartir en Facebook\" href='https:\/\/www.facebook.com\/sharer.php?u=https:\/\/radiorevelacionfm.cl\/?p=37760&#038;t=Solo%20hasta%20el%2014%20de%20diciembre%20se%20puede%20postular%20al%20subsidio%20de%20arriendo%20del%20Minvu' aria-hidden='false' data-av_icon='\ue8f3' data-av_iconfont='entypo-fontello' title='' data-avia-related-tooltip='Compartir en Facebook' rel=\"noopener\"><span class='avia_hidden_link_text'>Compartir en Facebook<\/span><\/a><\/li><li class='av-share-link av-social-link-twitter' ><a target=\"_blank\" aria-label=\"Compartir en Twitter\" href='https:\/\/twitter.com\/share?text=Solo%20hasta%20el%2014%20de%20diciembre%20se%20puede%20postular%20al%20subsidio%20de%20arriendo%20del%20Minvu&#038;url=https:\/\/radiorevelacionfm.cl\/?p=37760' aria-hidden='false' data-av_icon='\ue8f1' data-av_iconfont='entypo-fontello' title='' data-avia-related-tooltip='Compartir en Twitter' rel=\"noopener\"><span class='avia_hidden_link_text'>Compartir en Twitter<\/span><\/a><\/li><li class='av-share-link av-social-link-whatsapp' ><a target=\"_blank\" aria-label=\"Compartir en Whatsapp\" href='https:\/\/api.whatsapp.com\/send?text=https:\/\/radiorevelacionfm.cl\/?p=37760' aria-hidden='false' data-av_icon='\uf232' data-av_iconfont='entypo-fontello' title='' data-avia-related-tooltip='Compartir en Whatsapp' rel=\"noopener\"><span class='avia_hidden_link_text'>Compartir en Whatsapp<\/span><\/a><\/li><li class='av-share-link av-social-link-linkedin' ><a target=\"_blank\" aria-label=\"Compartir en LinkedIn\" href='https:\/\/linkedin.com\/shareArticle?mini=true&#038;title=Solo%20hasta%20el%2014%20de%20diciembre%20se%20puede%20postular%20al%20subsidio%20de%20arriendo%20del%20Minvu&#038;url=https:\/\/radiorevelacionfm.cl\/?p=37760' aria-hidden='false' data-av_icon='\ue8fc' data-av_iconfont='entypo-fontello' title='' data-avia-related-tooltip='Compartir en LinkedIn' rel=\"noopener\"><span class='avia_hidden_link_text'>Compartir en LinkedIn<\/span><\/a><\/li><li class='av-share-link av-social-link-mail' ><a  aria-label=\"Compartir por correo\" href='mailto:?subject=Solo%20hasta%20el%2014%20de%20diciembre%20se%20puede%20postular%20al%20subsidio%20de%20arriendo%20del%20Minvu&#038;body=https:\/\/radiorevelacionfm.cl\/?p=37760' aria-hidden='false' data-av_icon='\ue805' data-av_iconfont='entypo-fontello' title='' data-avia-related-tooltip='Compartir por correo'><span class='avia_hidden_link_text'>Compartir por correo<\/span><\/a><\/li><\/ul><\/div><\/div>\n<div  style='height:50px' class='hr hr-invisible   avia-builder-el-8  el_after_av_social_share  el_before_av_comments_list '><span class='hr-inner ' ><span class='hr-inner-style'><\/span><\/span><\/div>\n<div  class='av-buildercomment  av-blog-meta-html-info-disabled av-blog-meta-tag-disabled  '><\/div>\n","protected":false},"excerpt":{"rendered":"","protected":false},"author":1,"featured_media":37761,"comment_status":"open","ping_status":"open","sticky":false,"template":"","format":"standard","meta":{"footnotes":""},"categories":[38,57],"tags":[],"class_list":["post-37760","post","type-post","status-publish","format-standard","has-post-thumbnail","hentry","category-regional","category-vivienda"],"jetpack_featured_media_url":"https:\/\/radiorevelacionfm.cl\/wp-content\/uploads\/2023\/12\/foto-archivo-105-viviendas-coyhaique-1_optimized.jpg","_links":{"self":[{"href":"https:\/\/radiorevelacionfm.cl\/index.php?rest_route=\/wp\/v2\/posts\/37760","targetHints":{"allow":["GET"]}}],"collection":[{"href":"https:\/\/radiorevelacionfm.cl\/index.php?rest_route=\/wp\/v2\/posts"}],"about":[{"href":"https:\/\/radiorevelacionfm.cl\/index.php?rest_route=\/wp\/v2\/types\/post"}],"author":[{"embeddable":true,"href":"https:\/\/radiorevelacionfm.cl\/index.php?rest_route=\/wp\/v2\/users\/1"}],"replies":[{"embeddable":true,"href":"https:\/\/radiorevelacionfm.cl\/index.php?rest_route=%2Fwp%2Fv2%2Fcomments&post=37760"}],"version-history":[{"count":2,"href":"https:\/\/radiorevelacionfm.cl\/index.php?rest_route=\/wp\/v2\/posts\/37760\/revisions"}],"predecessor-version":[{"id":37763,"href":"https:\/\/radiorevelacionfm.cl\/index.php?rest_route=\/wp\/v2\/posts\/37760\/revisions\/37763"}],"wp:featuredmedia":[{"embeddable":true,"href":"https:\/\/radiorevelacionfm.cl\/index.php?rest_route=\/wp\/v2\/media\/37761"}],"wp:attachment":[{"href":"https:\/\/radiorevelacionfm.cl\/index.php?rest_route=%2Fwp%2Fv2%2Fmedia&parent=37760"}],"wp:term":[{"taxonomy":"category","embeddable":true,"href":"https:\/\/radiorevelacionfm.cl\/index.php?rest_route=%2Fwp%2Fv2%2Fcategories&post=37760"},{"taxonomy":"post_tag","embeddable":true,"href":"https:\/\/radiorevelacionfm.cl\/index.php?rest_route=%2Fwp%2Fv2%2Ftags&post=37760"}],"curies":[{"name":"wp","href":"https:\/\/api.w.org\/{rel}","templated":true}]}}