{"id":37754,"date":"2023-12-06T14:47:40","date_gmt":"2023-12-06T17:47:40","guid":{"rendered":"https:\/\/radiorevelacionfm.cl\/?p=37754"},"modified":"2023-12-06T14:47:40","modified_gmt":"2023-12-06T17:47:40","slug":"senadora-ordenes-valoro-el-compromiso-de-la-directora-de-junaeb-en-actualizar-la-asignacion-de-tutoras","status":"publish","type":"post","link":"https:\/\/radiorevelacionfm.cl\/?p=37754","title":{"rendered":"Senadora \u00d3rdenes valor\u00f3 el compromiso de la directora de JUNAEB en actualizar la asignaci\u00f3n de tutoras"},"content":{"rendered":"<div class=\"flex_column av_one_full  flex_column_div av-zero-column-padding first  avia-builder-el-0  el_before_av_one_full  avia-builder-el-first  \" style='border-radius:0px; '><div  class='avia-image-container  av-styling-    avia-builder-el-1  avia-builder-el-no-sibling  avia-align-center '  itemprop=\"image\" itemscope=\"itemscope\" itemtype=\"https:\/\/schema.org\/ImageObject\"  ><div class='avia-image-container-inner'><div class='avia-image-overlay-wrap'><img decoding=\"async\" class='wp-image-37755 avia-img-lazy-loading-not-37755 avia_image' src=\"https:\/\/radiorevelacionfm.cl\/wp-content\/uploads\/2023\/12\/WhatsApp-Image-2023-11-30-at-13.41.19-1-1.jpg\" alt='' title='WhatsApp Image 2023-11-30 at 13.41.19 (1) (1)' height=\"600\" width=\"900\"  itemprop=\"thumbnailUrl\" srcset=\"https:\/\/radiorevelacionfm.cl\/wp-content\/uploads\/2023\/12\/WhatsApp-Image-2023-11-30-at-13.41.19-1-1.jpg 900w, https:\/\/radiorevelacionfm.cl\/wp-content\/uploads\/2023\/12\/WhatsApp-Image-2023-11-30-at-13.41.19-1-1-300x200.jpg 300w, https:\/\/radiorevelacionfm.cl\/wp-content\/uploads\/2023\/12\/WhatsApp-Image-2023-11-30-at-13.41.19-1-1-768x512.jpg 768w, https:\/\/radiorevelacionfm.cl\/wp-content\/uploads\/2023\/12\/WhatsApp-Image-2023-11-30-at-13.41.19-1-1-705x470.jpg 705w, https:\/\/radiorevelacionfm.cl\/wp-content\/uploads\/2023\/12\/WhatsApp-Image-2023-11-30-at-13.41.19-1-1-450x300.jpg 450w, https:\/\/radiorevelacionfm.cl\/wp-content\/uploads\/2023\/12\/WhatsApp-Image-2023-11-30-at-13.41.19-1-1-600x400.jpg 600w\" sizes=\"(max-width: 900px) 100vw, 900px\" \/><\/div><\/div><\/div><\/div><div class=\"flex_column av_one_full  flex_column_div av-zero-column-padding first  avia-builder-el-2  el_after_av_one_full  el_before_av_one_full  column-top-margin\" style='border-radius:0px; '><section class=\"av_textblock_section \"  itemscope=\"itemscope\" itemtype=\"https:\/\/schema.org\/BlogPosting\" itemprop=\"blogPost\" ><div class='avia_textblock  '   itemprop=\"text\" ><p style=\"text-align: center;\"><span style=\"font-size: 18pt;\"><strong>Senadora \u00d3rdenes valor\u00f3 el compromiso de la directora de JUNAEB en actualizar la asignaci\u00f3n de tutoras<\/strong><\/span><\/p>\n<div id=\"gtx-trans\" style=\"position: absolute; left: -50px; top: 4.31534px;\">\n<div class=\"gtx-trans-icon\"><\/div>\n<\/div>\n<\/div><\/section><\/div><div class=\"flex_column av_one_full  flex_column_div av-zero-column-padding first  avia-builder-el-4  el_after_av_one_full  el_before_av_hr  column-top-margin\" style='border-radius:0px; '><section class=\"av_textblock_section \"  itemscope=\"itemscope\" itemtype=\"https:\/\/schema.org\/BlogPosting\" itemprop=\"blogPost\" ><div class='avia_textblock  '   itemprop=\"text\" ><p style=\"text-align: justify;\"><em>Pese al encarecimiento del costo de la vida, el monto asignado para la mantenci\u00f3n de estudiantes beneficiados por el Programa de Residencias Familiares no ha aumentado para las tutoras de la regi\u00f3n de Ays\u00e9n hace m\u00e1s de 10 a\u00f1os. La senadora Ximena \u00d3rdenes, ha relevado el rol de muchas mujeres que ofrecen un hogar a ni\u00f1os y ni\u00f1as que, siendo de localidades alejadas, deben dejar sus casas por estudios.<\/em><\/p>\n<p style=\"text-align: justify;\">\u00a0\u201cHace m\u00e1s de una d\u00e9cada que no se ha incrementado el aporte mensual que realiza el servicio a las familias tutoras y hoy estamos trabajando en esa l\u00ednea. El costo de vida ha aumentado, por lo que se hace necesario adecuar el monto a las condiciones actuales y seguir trabajando para que este programa funcione tan bien como lo ha hecho durante tanto tiempo\u201d, se\u00f1al\u00f3 la parlamentaria.<\/p>\n<p style=\"text-align: justify;\">Durante el \u00faltimo semestre, la senadora \u00d3rdenes encabez\u00f3 diversas mesas de trabajo, recogiendo las demandas de las tutoras y sus preocupaciones. Con esta prioridad, se reuni\u00f3 con la directora de la Junta Nacional de Auxilio Escolar y Becas -JUNAEB-, Camila Rubio, para manifestarle esta preocupaci\u00f3n, pero tambi\u00e9n para avanzar en un acuerdo que permita incrementar el monto asignado y tener un mecanismo de reajuste a futuro.<\/p>\n<p style=\"text-align: justify;\">Camila Rubio se\u00f1alo que para JUNAEB \u201ces un programa muy importante, porque permite que estudiantes que viven en zonas aisladas y que a veces no pueden acceder a toda la oferta educativa, encuentren un espacio seguro, no solamente con comida o un lugar donde dormir, sino un espacio acogedor y compa\u00f1\u00eda, que es importante para cuando los ni\u00f1os est\u00e1n lejos de sus familias\u201d. La directora nacional, tambi\u00e9n destac\u00f3 que \u201ces un programa que se debe seguir fomentando, ya que permitir\u00eda garantizar el acceso a la educaci\u00f3n de muchos ni\u00f1os y ni\u00f1as que viven m\u00e1s lejos\u201d.<\/p>\n<p style=\"text-align: justify;\">\u201cParte de las conversaciones que tuvimos fue que es necesario actualizar lo que estamos entregando\u201d, coment\u00f3 la directora, asegurando que \u201cya existen conversaciones y compromisos con la direcci\u00f3n de presupuestos para actualizar el pago mensual que realizamos. Cuando tengamos la actualizaci\u00f3n de este valor, lo iremos a contar directamente a la regi\u00f3n\u201d, comprometi\u00f3 Rubio.<\/p>\n<p style=\"text-align: justify;\">Por su parte, la senadora \u00d3rdenes valor\u00f3 el trabajo conjunto que se ha desarrollado en el tiempo con el Programa y las tutoras, concluyendo: \u201chemos canalizado una solicitud muy importante, que tiene que ver con el aporte mensual que realiza este servicio a las familias tutoras, quienes cumplen un rol fundamental con ni\u00f1os y ni\u00f1as que se trasladan desde las zonas m\u00e1s aisladas de la regi\u00f3n para su continuidad de estudios\u201d.<\/p>\n<\/div><\/section><\/div><div  style='height:50px' class='hr hr-invisible   avia-builder-el-6  el_after_av_one_full  el_before_av_social_share '><span class='hr-inner ' ><span class='hr-inner-style'><\/span><\/span><\/div><\/p>\n<div  class='av-social-sharing-box  avia-builder-el-7  el_after_av_hr  el_before_av_hr  '><div class='av-share-box'><h5 class='av-share-link-description av-no-toc '>Compartir esta noticia<\/h5><ul class='av-share-box-list noLightbox'><li class='av-share-link av-social-link-facebook' ><a target=\"_blank\" aria-label=\"Compartir en Facebook\" href='https:\/\/www.facebook.com\/sharer.php?u=https:\/\/radiorevelacionfm.cl\/?p=37754&#038;t=Senadora%20%C3%93rdenes%20valor%C3%B3%20el%20compromiso%20de%20la%20directora%20de%20JUNAEB%20en%20actualizar%20la%20asignaci%C3%B3n%20de%20tutoras' aria-hidden='false' data-av_icon='\ue8f3' data-av_iconfont='entypo-fontello' title='' data-avia-related-tooltip='Compartir en Facebook' rel=\"noopener\"><span class='avia_hidden_link_text'>Compartir en Facebook<\/span><\/a><\/li><li class='av-share-link av-social-link-twitter' ><a target=\"_blank\" aria-label=\"Compartir en Twitter\" href='https:\/\/twitter.com\/share?text=Senadora%20%C3%93rdenes%20valor%C3%B3%20el%20compromiso%20de%20la%20directora%20de%20JUNAEB%20en%20actualizar%20la%20asignaci%C3%B3n%20de%20tutoras&#038;url=https:\/\/radiorevelacionfm.cl\/?p=37754' aria-hidden='false' data-av_icon='\ue8f1' data-av_iconfont='entypo-fontello' title='' data-avia-related-tooltip='Compartir en Twitter' rel=\"noopener\"><span class='avia_hidden_link_text'>Compartir en Twitter<\/span><\/a><\/li><li class='av-share-link av-social-link-whatsapp' ><a target=\"_blank\" aria-label=\"Compartir en Whatsapp\" href='https:\/\/api.whatsapp.com\/send?text=https:\/\/radiorevelacionfm.cl\/?p=37754' aria-hidden='false' data-av_icon='\uf232' data-av_iconfont='entypo-fontello' title='' data-avia-related-tooltip='Compartir en Whatsapp' rel=\"noopener\"><span class='avia_hidden_link_text'>Compartir en Whatsapp<\/span><\/a><\/li><li class='av-share-link av-social-link-linkedin' ><a target=\"_blank\" aria-label=\"Compartir en LinkedIn\" href='https:\/\/linkedin.com\/shareArticle?mini=true&#038;title=Senadora%20%C3%93rdenes%20valor%C3%B3%20el%20compromiso%20de%20la%20directora%20de%20JUNAEB%20en%20actualizar%20la%20asignaci%C3%B3n%20de%20tutoras&#038;url=https:\/\/radiorevelacionfm.cl\/?p=37754' aria-hidden='false' data-av_icon='\ue8fc' data-av_iconfont='entypo-fontello' title='' data-avia-related-tooltip='Compartir en LinkedIn' rel=\"noopener\"><span class='avia_hidden_link_text'>Compartir en LinkedIn<\/span><\/a><\/li><li class='av-share-link av-social-link-mail' ><a  aria-label=\"Compartir por correo\" href='mailto:?subject=Senadora%20%C3%93rdenes%20valor%C3%B3%20el%20compromiso%20de%20la%20directora%20de%20JUNAEB%20en%20actualizar%20la%20asignaci%C3%B3n%20de%20tutoras&#038;body=https:\/\/radiorevelacionfm.cl\/?p=37754' aria-hidden='false' data-av_icon='\ue805' data-av_iconfont='entypo-fontello' title='' data-avia-related-tooltip='Compartir por correo'><span class='avia_hidden_link_text'>Compartir por correo<\/span><\/a><\/li><\/ul><\/div><\/div>\n<div  style='height:50px' class='hr hr-invisible   avia-builder-el-8  el_after_av_social_share  el_before_av_comments_list '><span class='hr-inner ' ><span class='hr-inner-style'><\/span><\/span><\/div>\n<div  class='av-buildercomment  av-blog-meta-html-info-disabled av-blog-meta-tag-disabled  '><\/div>\n","protected":false},"excerpt":{"rendered":"","protected":false},"author":1,"featured_media":37755,"comment_status":"open","ping_status":"open","sticky":false,"template":"","format":"standard","meta":{"footnotes":""},"categories":[35],"tags":[],"class_list":["post-37754","post","type-post","status-publish","format-standard","has-post-thumbnail","hentry","category-politica"],"jetpack_featured_media_url":"https:\/\/radiorevelacionfm.cl\/wp-content\/uploads\/2023\/12\/WhatsApp-Image-2023-11-30-at-13.41.19-1-1.jpg","_links":{"self":[{"href":"https:\/\/radiorevelacionfm.cl\/index.php?rest_route=\/wp\/v2\/posts\/37754","targetHints":{"allow":["GET"]}}],"collection":[{"href":"https:\/\/radiorevelacionfm.cl\/index.php?rest_route=\/wp\/v2\/posts"}],"about":[{"href":"https:\/\/radiorevelacionfm.cl\/index.php?rest_route=\/wp\/v2\/types\/post"}],"author":[{"embeddable":true,"href":"https:\/\/radiorevelacionfm.cl\/index.php?rest_route=\/wp\/v2\/users\/1"}],"replies":[{"embeddable":true,"href":"https:\/\/radiorevelacionfm.cl\/index.php?rest_route=%2Fwp%2Fv2%2Fcomments&post=37754"}],"version-history":[{"count":1,"href":"https:\/\/radiorevelacionfm.cl\/index.php?rest_route=\/wp\/v2\/posts\/37754\/revisions"}],"predecessor-version":[{"id":37756,"href":"https:\/\/radiorevelacionfm.cl\/index.php?rest_route=\/wp\/v2\/posts\/37754\/revisions\/37756"}],"wp:featuredmedia":[{"embeddable":true,"href":"https:\/\/radiorevelacionfm.cl\/index.php?rest_route=\/wp\/v2\/media\/37755"}],"wp:attachment":[{"href":"https:\/\/radiorevelacionfm.cl\/index.php?rest_route=%2Fwp%2Fv2%2Fmedia&parent=37754"}],"wp:term":[{"taxonomy":"category","embeddable":true,"href":"https:\/\/radiorevelacionfm.cl\/index.php?rest_route=%2Fwp%2Fv2%2Fcategories&post=37754"},{"taxonomy":"post_tag","embeddable":true,"href":"https:\/\/radiorevelacionfm.cl\/index.php?rest_route=%2Fwp%2Fv2%2Ftags&post=37754"}],"curies":[{"name":"wp","href":"https:\/\/api.w.org\/{rel}","templated":true}]}}