{"id":37751,"date":"2023-12-06T14:35:36","date_gmt":"2023-12-06T17:35:36","guid":{"rendered":"https:\/\/radiorevelacionfm.cl\/?p=37751"},"modified":"2023-12-06T14:35:36","modified_gmt":"2023-12-06T17:35:36","slug":"gobierno-y-comunidad-conforman-mesa-provincial-para-la-gobernanza-territorial-plan-de-desarrollo-territorio-provincia-de-los-glaciares","status":"publish","type":"post","link":"https:\/\/radiorevelacionfm.cl\/?p=37751","title":{"rendered":"Gobierno y comunidad conforman mesa provincial para la gobernanza territorial: \u201cPlan de Desarrollo Territorio Provincia de los Glaciares\u201d"},"content":{"rendered":"<div class=\"flex_column av_one_full  flex_column_div av-zero-column-padding first  avia-builder-el-0  el_before_av_one_full  avia-builder-el-first  \" style='border-radius:0px; '><div  class='avia-image-container  av-styling-    avia-builder-el-1  avia-builder-el-no-sibling  avia-align-center '  itemprop=\"image\" itemscope=\"itemscope\" itemtype=\"https:\/\/schema.org\/ImageObject\"  ><div class='avia-image-container-inner'><div class='avia-image-overlay-wrap'><img decoding=\"async\" class='wp-image-37752 avia-img-lazy-loading-not-37752 avia_image' src=\"https:\/\/radiorevelacionfm.cl\/wp-content\/uploads\/2023\/12\/uno-sur-1-1.jpg\" alt='' title='uno-sur (1) (1)' height=\"600\" width=\"1088\"  itemprop=\"thumbnailUrl\" srcset=\"https:\/\/radiorevelacionfm.cl\/wp-content\/uploads\/2023\/12\/uno-sur-1-1.jpg 1088w, https:\/\/radiorevelacionfm.cl\/wp-content\/uploads\/2023\/12\/uno-sur-1-1-300x165.jpg 300w, https:\/\/radiorevelacionfm.cl\/wp-content\/uploads\/2023\/12\/uno-sur-1-1-1030x568.jpg 1030w, https:\/\/radiorevelacionfm.cl\/wp-content\/uploads\/2023\/12\/uno-sur-1-1-768x424.jpg 768w, https:\/\/radiorevelacionfm.cl\/wp-content\/uploads\/2023\/12\/uno-sur-1-1-705x389.jpg 705w, https:\/\/radiorevelacionfm.cl\/wp-content\/uploads\/2023\/12\/uno-sur-1-1-450x248.jpg 450w, https:\/\/radiorevelacionfm.cl\/wp-content\/uploads\/2023\/12\/uno-sur-1-1-600x331.jpg 600w\" sizes=\"(max-width: 1088px) 100vw, 1088px\" \/><\/div><\/div><\/div><\/div><div class=\"flex_column av_one_full  flex_column_div av-zero-column-padding first  avia-builder-el-2  el_after_av_one_full  el_before_av_one_full  column-top-margin\" style='border-radius:0px; '><section class=\"av_textblock_section \"  itemscope=\"itemscope\" itemtype=\"https:\/\/schema.org\/BlogPosting\" itemprop=\"blogPost\" ><div class='avia_textblock  '   itemprop=\"text\" ><p style=\"text-align: center;\"><strong><span style=\"font-size: 18pt;\">Gobierno y comunidad conforman mesa provincial para la gobernanza territorial: \u201cPlan de Desarrollo Territorio Provincia de los Glaciares\u201d<\/span><\/strong><\/p>\n<div id=\"gtx-trans\" style=\"position: absolute; left: -50px; top: 4.31534px;\">\n<div class=\"gtx-trans-icon\"><\/div>\n<\/div>\n<\/div><\/section><\/div><div class=\"flex_column av_one_full  flex_column_div av-zero-column-padding first  avia-builder-el-4  el_after_av_one_full  el_before_av_hr  column-top-margin\" style='border-radius:0px; '><section class=\"av_textblock_section \"  itemscope=\"itemscope\" itemtype=\"https:\/\/schema.org\/BlogPosting\" itemprop=\"blogPost\" ><div class='avia_textblock  '   itemprop=\"text\" ><p style=\"text-align: justify;\"><em>Instancia que incorpora la opini\u00f3n de la ciudadan\u00eda, considera la ejecuci\u00f3n de 60 iniciativas que benefician a los y las vecinas de la provincia Capit\u00e1n Prat.<\/em><\/p>\n<p style=\"text-align: justify;\">Hasta Villa O\u00b4Higgins, llegaron la Delegada Presidencial de la Provincia Capit\u00e1n Prat Marta Montiel Alarc\u00f3n, los Alcaldes de las comunas de Cochrane Jorge Calder\u00f3n N\u00fa\u00f1ez, de O\u00b4Higgins Jos\u00e9 Claudio Fica G\u00f3mez, el representante de la municipalidad de Caleta Tortel, el Secretario Regional Ministerial de Obras P\u00fablicas Patricio Sanhueza Ulloa y N\u00e9lida Mu\u00f1oz Vargas, Coordinadora Regional del Plan de Zonas en Desarrollo del Gobierno Regional de Ays\u00e9n para junto a la comunidad conformar la Mesa Provincial para la Gobernanza Territorial: Plan de Desarrollo Territorio Provincia de Los Glaciares.<\/p>\n<p style=\"text-align: justify;\">En la oportunidad, las autoridades informaron detalles del Decreto N\u00b090, nuevo Reglamento que fija la pol\u00edtica nacional sobre zonas rezagadas en materia social y expusieron las iniciativas a realizar en el futuro y los avances que presentan a la fecha los proyectos en ejecuci\u00f3n, los que totalizan alrededor de 60 iniciativas.<\/p>\n<p style=\"text-align: justify;\">As\u00ed lo refrend\u00f3 la Delegada Presidencial de la Provincia Capit\u00e1n Prat, Marta Montiel, quien expres\u00f3 que tuvieron una muy provechosa jornada de trabajo en el marco de la conformaci\u00f3n de la Mesa Provincial para la Gobernanza Territorial, Plan de Desarrollo Territorio Provincia de Los Glaciares, con un Plan que ya lleva en ejecuci\u00f3n tres a\u00f1os y en el que tenemos sobre 60 iniciativas que abarca la provincia Capit\u00e1n Prat\u201d.<\/p>\n<p style=\"text-align: justify;\">Lo relevante de esta instancia, asegur\u00f3 Marta Montiel \u201ces que se incluye la participaci\u00f3n ciudadana, y ese es uno de los compromisos y los pilares que nos demanda el programa del gobierno del presidente Gabriel Boric, donde nos dice que debemos incorporar la mirada de la ciudadan\u00eda, los representantes de las organizaciones y de la sociedad civil son tan importantes como los distintos sectores involucrados en la ejecuci\u00f3n de este Plan. Hoy en la conformaci\u00f3n de esta Mesa que le va a dar gobernanza a las iniciativas proyectadas de aqu\u00ed a cuatro o cinco a\u00f1os m\u00e1s, nos va a dar el sustento ciudadano que es muy relevante. Estamos muy contentos y nos llevamos bastantes compromisos de seguir estando presentes desde los sectores y apoyar esta instancia liderada por el Gobierno Regional de Ays\u00e9n\u201d.<\/p>\n<p style=\"text-align: justify;\">El SEREMI MOP, en la ocasi\u00f3n inform\u00f3 a las autoridades y comunidad las iniciativas y los avances que el Ministerio de Obras P\u00fablicas tiene comprometidos en esta Cartera de proyectos, junto con resaltar la importancia de la promulgaci\u00f3n del Decreto de la Zona de Desarrollo, as\u00ed como las pol\u00edticas de zonas extremas y el mandato del presidente Boric relacionados con la inclusi\u00f3n de la participaci\u00f3n ciudadana. S\u00f3lo podemos avanzar, si en el proceso contamos con la comunidad, porque junto con descentralizar la inversi\u00f3n y agenda econ\u00f3mica en forma equitativa en el territorio, el enfoque son las personas, son quienes requieren y utilizan la infraestructura que construimos, por lo tanto estamos contentos con esta participaci\u00f3n de la comunidad y la conformaci\u00f3n de esta Mesa. Hoy entre todos hemos definido los tiempos y plazos, as\u00ed como tambi\u00e9n c\u00f3mo se deben abordar las iniciativas y el monitoreo de ellas para progresar oportunamente en cada una, as\u00ed que se defini\u00f3 un calendario de reuniones las que se realizar\u00e1n una vez en cada comuna para mantener el trabajo, informaci\u00f3n del proceso y coordinaci\u00f3n conjunta\u201d.<\/p>\n<p style=\"text-align: justify;\">Entre las iniciativas destacan el mejoramiento del Aer\u00f3dromo de Villa O\u00b4Higgins, la restauraci\u00f3n del Monumento Hist\u00f3rico Nacional Paso San Carlos, la ampliaci\u00f3n de la infraestructura portuaria en Caleta Tortel, la ampliaci\u00f3n de la infraestructura portuaria en Puerto Yungay, la conservaci\u00f3n de los puentes R\u00edo Mayer 1 y R\u00edo Mayer 2; el mejoramiento de la Ruta 7 Sur, tramo El Manzano-Cochrane sector puente Chacabuco-cuesta El Traro y la reposici\u00f3n de maquinaria en la provincia Capit\u00e1n Prat, entre otros proyectos.<\/p>\n<p style=\"text-align: justify;\">Para N\u00e9lida Mu\u00f1oz Vargas, Coordinadora Regional del Plan de Zonas en Desarrollo esta experiencia ha sido muy positiva, indicando al respecto que han hecho el trabajo que les ha pedido la Gobernadora Regional, conforme a la labor que ella est\u00e1 haciendo en la regi\u00f3n de Ays\u00e9n en el \u00e1rea de la participaci\u00f3n ciudadana. \u201cEsta Mesa que se ha conformado es para trabajar conjuntamente las tres comunas, Cochrane, Tortel y Villa O\u00b4Higgins, y nuestra intenci\u00f3n es poder avanzar en cada una de las iniciativas incluidas en el Plan con pertinencia territorial, eso es lo que nos ha pedido al equipo t\u00e9cnico del territorio nuestra Gobernadora Andrea Mac\u00edas Palma. Hoy nos vamos satisfechos, bastante contentos, porque se ha producido, se ha generado un trabajo territorial que vamos a continuar en el tiempo, y que esperamos que de aqu\u00ed y hasta que se concluya este Plan podamos tener con \u00e9xito las iniciativas no solo ejecutadas, sino tambi\u00e9n con una pertinencia territorial y que vayan en beneficio de los y las habitantes de la provincia Capit\u00e1n Prat\u201d.<\/p>\n<\/div><\/section><\/div><div  style='height:50px' class='hr hr-invisible   avia-builder-el-6  el_after_av_one_full  el_before_av_social_share '><span class='hr-inner ' ><span class='hr-inner-style'><\/span><\/span><\/div><\/p>\n<div  class='av-social-sharing-box  avia-builder-el-7  el_after_av_hr  el_before_av_hr  '><div class='av-share-box'><h5 class='av-share-link-description av-no-toc '>Compartir esta noticia<\/h5><ul class='av-share-box-list noLightbox'><li class='av-share-link av-social-link-facebook' ><a target=\"_blank\" aria-label=\"Compartir en Facebook\" href='https:\/\/www.facebook.com\/sharer.php?u=https:\/\/radiorevelacionfm.cl\/?p=37751&#038;t=Gobierno%20y%20comunidad%20conforman%20mesa%20provincial%20para%20la%20gobernanza%20territorial%3A%20%E2%80%9CPlan%20de%20Desarrollo%20Territorio%20Provincia%20de%20los%20Glaciares%E2%80%9D' aria-hidden='false' data-av_icon='\ue8f3' data-av_iconfont='entypo-fontello' title='' data-avia-related-tooltip='Compartir en Facebook' rel=\"noopener\"><span class='avia_hidden_link_text'>Compartir en Facebook<\/span><\/a><\/li><li class='av-share-link av-social-link-twitter' ><a target=\"_blank\" aria-label=\"Compartir en Twitter\" href='https:\/\/twitter.com\/share?text=Gobierno%20y%20comunidad%20conforman%20mesa%20provincial%20para%20la%20gobernanza%20territorial%3A%20%E2%80%9CPlan%20de%20Desarrollo%20Territorio%20Provincia%20de%20los%20Glaciares%E2%80%9D&#038;url=https:\/\/radiorevelacionfm.cl\/?p=37751' aria-hidden='false' data-av_icon='\ue8f1' data-av_iconfont='entypo-fontello' title='' data-avia-related-tooltip='Compartir en Twitter' rel=\"noopener\"><span class='avia_hidden_link_text'>Compartir en Twitter<\/span><\/a><\/li><li class='av-share-link av-social-link-whatsapp' ><a target=\"_blank\" aria-label=\"Compartir en Whatsapp\" href='https:\/\/api.whatsapp.com\/send?text=https:\/\/radiorevelacionfm.cl\/?p=37751' aria-hidden='false' data-av_icon='\uf232' data-av_iconfont='entypo-fontello' title='' data-avia-related-tooltip='Compartir en Whatsapp' rel=\"noopener\"><span class='avia_hidden_link_text'>Compartir en Whatsapp<\/span><\/a><\/li><li class='av-share-link av-social-link-linkedin' ><a target=\"_blank\" aria-label=\"Compartir en LinkedIn\" href='https:\/\/linkedin.com\/shareArticle?mini=true&#038;title=Gobierno%20y%20comunidad%20conforman%20mesa%20provincial%20para%20la%20gobernanza%20territorial%3A%20%E2%80%9CPlan%20de%20Desarrollo%20Territorio%20Provincia%20de%20los%20Glaciares%E2%80%9D&#038;url=https:\/\/radiorevelacionfm.cl\/?p=37751' aria-hidden='false' data-av_icon='\ue8fc' data-av_iconfont='entypo-fontello' title='' data-avia-related-tooltip='Compartir en LinkedIn' rel=\"noopener\"><span class='avia_hidden_link_text'>Compartir en LinkedIn<\/span><\/a><\/li><li class='av-share-link av-social-link-mail' ><a  aria-label=\"Compartir por correo\" href='mailto:?subject=Gobierno%20y%20comunidad%20conforman%20mesa%20provincial%20para%20la%20gobernanza%20territorial%3A%20%E2%80%9CPlan%20de%20Desarrollo%20Territorio%20Provincia%20de%20los%20Glaciares%E2%80%9D&#038;body=https:\/\/radiorevelacionfm.cl\/?p=37751' aria-hidden='false' data-av_icon='\ue805' data-av_iconfont='entypo-fontello' title='' data-avia-related-tooltip='Compartir por correo'><span class='avia_hidden_link_text'>Compartir por correo<\/span><\/a><\/li><\/ul><\/div><\/div>\n<div  style='height:50px' class='hr hr-invisible   avia-builder-el-8  el_after_av_social_share  el_before_av_comments_list '><span class='hr-inner ' ><span class='hr-inner-style'><\/span><\/span><\/div>\n<div  class='av-buildercomment  av-blog-meta-html-info-disabled av-blog-meta-tag-disabled  '><\/div>\n","protected":false},"excerpt":{"rendered":"","protected":false},"author":1,"featured_media":37752,"comment_status":"open","ping_status":"open","sticky":false,"template":"","format":"standard","meta":{"footnotes":""},"categories":[38],"tags":[],"class_list":["post-37751","post","type-post","status-publish","format-standard","has-post-thumbnail","hentry","category-regional"],"jetpack_featured_media_url":"https:\/\/radiorevelacionfm.cl\/wp-content\/uploads\/2023\/12\/uno-sur-1-1.jpg","_links":{"self":[{"href":"https:\/\/radiorevelacionfm.cl\/index.php?rest_route=\/wp\/v2\/posts\/37751","targetHints":{"allow":["GET"]}}],"collection":[{"href":"https:\/\/radiorevelacionfm.cl\/index.php?rest_route=\/wp\/v2\/posts"}],"about":[{"href":"https:\/\/radiorevelacionfm.cl\/index.php?rest_route=\/wp\/v2\/types\/post"}],"author":[{"embeddable":true,"href":"https:\/\/radiorevelacionfm.cl\/index.php?rest_route=\/wp\/v2\/users\/1"}],"replies":[{"embeddable":true,"href":"https:\/\/radiorevelacionfm.cl\/index.php?rest_route=%2Fwp%2Fv2%2Fcomments&post=37751"}],"version-history":[{"count":1,"href":"https:\/\/radiorevelacionfm.cl\/index.php?rest_route=\/wp\/v2\/posts\/37751\/revisions"}],"predecessor-version":[{"id":37753,"href":"https:\/\/radiorevelacionfm.cl\/index.php?rest_route=\/wp\/v2\/posts\/37751\/revisions\/37753"}],"wp:featuredmedia":[{"embeddable":true,"href":"https:\/\/radiorevelacionfm.cl\/index.php?rest_route=\/wp\/v2\/media\/37752"}],"wp:attachment":[{"href":"https:\/\/radiorevelacionfm.cl\/index.php?rest_route=%2Fwp%2Fv2%2Fmedia&parent=37751"}],"wp:term":[{"taxonomy":"category","embeddable":true,"href":"https:\/\/radiorevelacionfm.cl\/index.php?rest_route=%2Fwp%2Fv2%2Fcategories&post=37751"},{"taxonomy":"post_tag","embeddable":true,"href":"https:\/\/radiorevelacionfm.cl\/index.php?rest_route=%2Fwp%2Fv2%2Ftags&post=37751"}],"curies":[{"name":"wp","href":"https:\/\/api.w.org\/{rel}","templated":true}]}}