{"id":37748,"date":"2023-12-06T10:44:29","date_gmt":"2023-12-06T13:44:29","guid":{"rendered":"https:\/\/radiorevelacionfm.cl\/?p=37748"},"modified":"2023-12-06T10:44:29","modified_gmt":"2023-12-06T13:44:29","slug":"organizaciones-sociales-de-la-region-reciben-recursos-del-fondo-social-presidente-de-la-republica","status":"publish","type":"post","link":"https:\/\/radiorevelacionfm.cl\/?p=37748","title":{"rendered":"Organizaciones sociales de la regi\u00f3n reciben recursos del Fondo Social Presidente de la Rep\u00fablica"},"content":{"rendered":"<div class=\"flex_column av_one_full  flex_column_div av-zero-column-padding first  avia-builder-el-0  el_before_av_one_full  avia-builder-el-first  \" style='border-radius:0px; '><div  class='avia-image-container  av-styling-    avia-builder-el-1  avia-builder-el-no-sibling  avia-align-center '  itemprop=\"image\" itemscope=\"itemscope\" itemtype=\"https:\/\/schema.org\/ImageObject\"  ><div class='avia-image-container-inner'><div class='avia-image-overlay-wrap'><img decoding=\"async\" class='wp-image-37749 avia-img-lazy-loading-not-37749 avia_image' src=\"https:\/\/radiorevelacionfm.cl\/wp-content\/uploads\/2023\/12\/IMG_6632-1-1.jpg\" alt='' title='IMG_6632 (1) (1)' height=\"600\" width=\"855\"  itemprop=\"thumbnailUrl\" srcset=\"https:\/\/radiorevelacionfm.cl\/wp-content\/uploads\/2023\/12\/IMG_6632-1-1.jpg 855w, https:\/\/radiorevelacionfm.cl\/wp-content\/uploads\/2023\/12\/IMG_6632-1-1-300x211.jpg 300w, https:\/\/radiorevelacionfm.cl\/wp-content\/uploads\/2023\/12\/IMG_6632-1-1-768x539.jpg 768w, https:\/\/radiorevelacionfm.cl\/wp-content\/uploads\/2023\/12\/IMG_6632-1-1-705x495.jpg 705w, https:\/\/radiorevelacionfm.cl\/wp-content\/uploads\/2023\/12\/IMG_6632-1-1-450x316.jpg 450w, https:\/\/radiorevelacionfm.cl\/wp-content\/uploads\/2023\/12\/IMG_6632-1-1-600x421.jpg 600w\" sizes=\"(max-width: 855px) 100vw, 855px\" \/><\/div><\/div><\/div><\/div><div class=\"flex_column av_one_full  flex_column_div av-zero-column-padding first  avia-builder-el-2  el_after_av_one_full  el_before_av_one_full  column-top-margin\" style='border-radius:0px; '><section class=\"av_textblock_section \"  itemscope=\"itemscope\" itemtype=\"https:\/\/schema.org\/BlogPosting\" itemprop=\"blogPost\" ><div class='avia_textblock  '   itemprop=\"text\" ><h2 class=\"title\" style=\"text-align: center;\"><span style=\"font-size: 18pt;\"><b>Organizaciones sociales de la regi\u00f3n reciben recursos del Fondo Social Presidente de la Rep\u00fablica<\/b><\/span><\/h2>\n<div id=\"gtx-trans\" style=\"position: absolute; left: -50px; top: 4.31534px;\">\n<div class=\"gtx-trans-icon\"><\/div>\n<\/div>\n<\/div><\/section><\/div><div class=\"flex_column av_one_full  flex_column_div av-zero-column-padding first  avia-builder-el-4  el_after_av_one_full  el_before_av_hr  column-top-margin\" style='border-radius:0px; '><section class=\"av_textblock_section \"  itemscope=\"itemscope\" itemtype=\"https:\/\/schema.org\/BlogPosting\" itemprop=\"blogPost\" ><div class='avia_textblock  '   itemprop=\"text\" ><p style=\"font-weight: 400; text-align: justify;\">Numerosas organizaciones sociales de la regi\u00f3n obtuvieron financiamiento para sus proyectos, gracias al Fondo Social Presidente de la Rep\u00fablica. Las entidades recibieron los recursos en una ceremonia encabezada por el delegado presidencial regional, Rodrigo Araya, a partir de lo cual, quedaron en condiciones para iniciar el desarrollo de sus iniciativas.<\/p>\n<p style=\"font-weight: 400; text-align: justify;\">El delegado regional destac\u00f3 que el objetivo de entregar estos recursos a las organizaciones es fortalecer su trabajo, que va en beneficio de la comunidad, y que muchas veces llega a espacios donde el Estado no lo hace.<\/p>\n<p style=\"font-weight: 400; text-align: justify;\">Los proyectos favorecidos abarcan un amplio espectro de territorios e ideas, entre las cuales se cuentan adquisiciones de implementaci\u00f3n deportiva, sistemas de calefacci\u00f3n, juegos de mesa para fortalecer la memoria y la convivencia, e incluso equipamiento para el funcionamiento de las sedes sociales de las organizaciones.<\/p>\n<p style=\"font-weight: 400; text-align: justify;\">La presidenta del Comit\u00e9 Campesino La Esperanza, Sandra Acu\u00f1a, asegur\u00f3 que \u201cpara nosotros es un orgullo porque es el primer programa de ayuda que hemos recibido del gobierno y va a ser una alegr\u00eda para mis vecinos porque estamos implementando nuestra sede que est\u00e1 en un sector retirado de acceso muy dif\u00edcil, sobre todo en invierno y con esto estamos apoyando a nuestros vecinos que son en su mayor\u00eda adultos mayores y es grato este gran apoyo\u201d.<\/p>\n<p style=\"font-weight: 400; text-align: justify;\">El Fondo Social Presidente de la Rep\u00fablica es un instrumento que contribuye directamente a potenciar organizaciones territoriales, adem\u00e1s de otras instituciones sin fines de lucro, construyendo y aumentando el tejido social, potenciando la participaci\u00f3n ciudadana y contribuyendo reducir\u00a0 la vulnerabilidad social de una comunidad o territorio determinado.<\/p>\n<p style=\"font-weight: 400; text-align: justify;\">El delegado presidencial se\u00f1al\u00f3 que el trabajo que realizan las directivas es valorado por el gobierno, porque contribuye al progreso de sus comunidades, por lo que expres\u00f3 \u201cel reconocimiento de la labor que hacen ellos, que es totalmente voluntario, y que es lo que m\u00e1s se necesita actualmente. La sociedad necesita agrupaciones sociales donde la solidaridad est\u00e9 activamente en nuestro territorio. Necesitamos estar todos juntos porque entre todos hacemos la comunidad y por eso estamos muy contentos de poder apoyarlos en esto desde la Delegaci\u00f3n Presidencial\u201d.<\/p>\n<p style=\"font-weight: 400; text-align: justify;\">Asimismo, el representante del gobierno se\u00f1al\u00f3 que en el \u00faltimo per\u00edodo se puso especial atenci\u00f3n en difundir estos fondos, para disminuir el desconocimiento que hab\u00eda de ellos, para lo cual se trabaj\u00f3 sobre todo a trav\u00e9s de los despliegues de Gobierno en Terreno.<\/p>\n<p style=\"font-weight: 400; text-align: justify;\">Entre las organizaciones deportivas que recibieron el Fondo Social Presidente de la Rep\u00fablica se cuentan los clubes General Marchant, Adelvol, Nataci\u00f3n Patagonia, Emilio Millar, Cerro Negro y Uni\u00f3n del Valle.<\/p>\n<p style=\"font-weight: 400; text-align: justify;\">Asimismo, entre las organizaciones de adultos mayores se encuentran los talleres y agrupaciones de adultos mayores La Frontera, Mac Iver, Flor del Copihue, Los Tres Pioneros de Villa Amengual, Luz y Vida, Calafate y Gabriela Mistral.<\/p>\n<p style=\"font-weight: 400; text-align: justify;\">Tambi\u00e9n se hicieron beneficiarias de estos recursos las organizaciones Agrupaci\u00f3n de Proyecci\u00f3n Folcl\u00f3rica Tierra del Sur, Comit\u00e9 Campesino la Esperanza, Agrupaci\u00f3n de Fuerzas Armadas y Carabineros en Retiro, Anecap Coyhaique y las juntas de vecinos Barrio Seco, Lago P\u00f3llux, Jos\u00e9 Miguel Carrera, Los Canales y Los \u00c1lamos.<\/p>\n<\/div><\/section><\/div><div  style='height:50px' class='hr hr-invisible   avia-builder-el-6  el_after_av_one_full  el_before_av_social_share '><span class='hr-inner ' ><span class='hr-inner-style'><\/span><\/span><\/div><\/p>\n<div  class='av-social-sharing-box  avia-builder-el-7  el_after_av_hr  el_before_av_hr  '><div class='av-share-box'><h5 class='av-share-link-description av-no-toc '>Compartir esta noticia<\/h5><ul class='av-share-box-list noLightbox'><li class='av-share-link av-social-link-facebook' ><a target=\"_blank\" aria-label=\"Compartir en Facebook\" href='https:\/\/www.facebook.com\/sharer.php?u=https:\/\/radiorevelacionfm.cl\/?p=37748&#038;t=Organizaciones%20sociales%20de%20la%20regi%C3%B3n%20reciben%20recursos%20del%20Fondo%20Social%20Presidente%20de%20la%20Rep%C3%BAblica' aria-hidden='false' data-av_icon='\ue8f3' data-av_iconfont='entypo-fontello' title='' data-avia-related-tooltip='Compartir en Facebook' rel=\"noopener\"><span class='avia_hidden_link_text'>Compartir en Facebook<\/span><\/a><\/li><li class='av-share-link av-social-link-twitter' ><a target=\"_blank\" aria-label=\"Compartir en Twitter\" href='https:\/\/twitter.com\/share?text=Organizaciones%20sociales%20de%20la%20regi%C3%B3n%20reciben%20recursos%20del%20Fondo%20Social%20Presidente%20de%20la%20Rep%C3%BAblica&#038;url=https:\/\/radiorevelacionfm.cl\/?p=37748' aria-hidden='false' data-av_icon='\ue8f1' data-av_iconfont='entypo-fontello' title='' data-avia-related-tooltip='Compartir en Twitter' rel=\"noopener\"><span class='avia_hidden_link_text'>Compartir en Twitter<\/span><\/a><\/li><li class='av-share-link av-social-link-whatsapp' ><a target=\"_blank\" aria-label=\"Compartir en Whatsapp\" href='https:\/\/api.whatsapp.com\/send?text=https:\/\/radiorevelacionfm.cl\/?p=37748' aria-hidden='false' data-av_icon='\uf232' data-av_iconfont='entypo-fontello' title='' data-avia-related-tooltip='Compartir en Whatsapp' rel=\"noopener\"><span class='avia_hidden_link_text'>Compartir en Whatsapp<\/span><\/a><\/li><li class='av-share-link av-social-link-linkedin' ><a target=\"_blank\" aria-label=\"Compartir en LinkedIn\" href='https:\/\/linkedin.com\/shareArticle?mini=true&#038;title=Organizaciones%20sociales%20de%20la%20regi%C3%B3n%20reciben%20recursos%20del%20Fondo%20Social%20Presidente%20de%20la%20Rep%C3%BAblica&#038;url=https:\/\/radiorevelacionfm.cl\/?p=37748' aria-hidden='false' data-av_icon='\ue8fc' data-av_iconfont='entypo-fontello' title='' data-avia-related-tooltip='Compartir en LinkedIn' rel=\"noopener\"><span class='avia_hidden_link_text'>Compartir en LinkedIn<\/span><\/a><\/li><li class='av-share-link av-social-link-mail' ><a  aria-label=\"Compartir por correo\" href='mailto:?subject=Organizaciones%20sociales%20de%20la%20regi%C3%B3n%20reciben%20recursos%20del%20Fondo%20Social%20Presidente%20de%20la%20Rep%C3%BAblica&#038;body=https:\/\/radiorevelacionfm.cl\/?p=37748' aria-hidden='false' data-av_icon='\ue805' data-av_iconfont='entypo-fontello' title='' data-avia-related-tooltip='Compartir por correo'><span class='avia_hidden_link_text'>Compartir por correo<\/span><\/a><\/li><\/ul><\/div><\/div>\n<div  style='height:50px' class='hr hr-invisible   avia-builder-el-8  el_after_av_social_share  el_before_av_comments_list '><span class='hr-inner ' ><span class='hr-inner-style'><\/span><\/span><\/div>\n<div  class='av-buildercomment  av-blog-meta-html-info-disabled av-blog-meta-tag-disabled  '><\/div>\n","protected":false},"excerpt":{"rendered":"","protected":false},"author":1,"featured_media":37749,"comment_status":"open","ping_status":"open","sticky":false,"template":"","format":"standard","meta":{"footnotes":""},"categories":[38],"tags":[],"class_list":["post-37748","post","type-post","status-publish","format-standard","has-post-thumbnail","hentry","category-regional"],"jetpack_featured_media_url":"https:\/\/radiorevelacionfm.cl\/wp-content\/uploads\/2023\/12\/IMG_6632-1-1.jpg","_links":{"self":[{"href":"https:\/\/radiorevelacionfm.cl\/index.php?rest_route=\/wp\/v2\/posts\/37748","targetHints":{"allow":["GET"]}}],"collection":[{"href":"https:\/\/radiorevelacionfm.cl\/index.php?rest_route=\/wp\/v2\/posts"}],"about":[{"href":"https:\/\/radiorevelacionfm.cl\/index.php?rest_route=\/wp\/v2\/types\/post"}],"author":[{"embeddable":true,"href":"https:\/\/radiorevelacionfm.cl\/index.php?rest_route=\/wp\/v2\/users\/1"}],"replies":[{"embeddable":true,"href":"https:\/\/radiorevelacionfm.cl\/index.php?rest_route=%2Fwp%2Fv2%2Fcomments&post=37748"}],"version-history":[{"count":1,"href":"https:\/\/radiorevelacionfm.cl\/index.php?rest_route=\/wp\/v2\/posts\/37748\/revisions"}],"predecessor-version":[{"id":37750,"href":"https:\/\/radiorevelacionfm.cl\/index.php?rest_route=\/wp\/v2\/posts\/37748\/revisions\/37750"}],"wp:featuredmedia":[{"embeddable":true,"href":"https:\/\/radiorevelacionfm.cl\/index.php?rest_route=\/wp\/v2\/media\/37749"}],"wp:attachment":[{"href":"https:\/\/radiorevelacionfm.cl\/index.php?rest_route=%2Fwp%2Fv2%2Fmedia&parent=37748"}],"wp:term":[{"taxonomy":"category","embeddable":true,"href":"https:\/\/radiorevelacionfm.cl\/index.php?rest_route=%2Fwp%2Fv2%2Fcategories&post=37748"},{"taxonomy":"post_tag","embeddable":true,"href":"https:\/\/radiorevelacionfm.cl\/index.php?rest_route=%2Fwp%2Fv2%2Ftags&post=37748"}],"curies":[{"name":"wp","href":"https:\/\/api.w.org\/{rel}","templated":true}]}}