{"id":37745,"date":"2023-12-06T10:22:26","date_gmt":"2023-12-06T13:22:26","guid":{"rendered":"https:\/\/radiorevelacionfm.cl\/?p=37745"},"modified":"2023-12-06T10:22:26","modified_gmt":"2023-12-06T13:22:26","slug":"diputado-calisto-y-vecinos-piden-avanzar-en-el-ordenamiento-territorial-de-valle-simpson","status":"publish","type":"post","link":"https:\/\/radiorevelacionfm.cl\/?p=37745","title":{"rendered":"Diputado Calisto y vecinos piden avanzar en el ordenamiento territorial de Valle Simpson"},"content":{"rendered":"<div class=\"flex_column av_one_full  flex_column_div av-zero-column-padding first  avia-builder-el-0  el_before_av_one_full  avia-builder-el-first  \" style='border-radius:0px; '><div  class='avia-image-container  av-styling-    avia-builder-el-1  avia-builder-el-no-sibling  avia-align-center '  itemprop=\"image\" itemscope=\"itemscope\" itemtype=\"https:\/\/schema.org\/ImageObject\"  ><div class='avia-image-container-inner'><div class='avia-image-overlay-wrap'><img decoding=\"async\" class='wp-image-37746 avia-img-lazy-loading-not-37746 avia_image' src=\"https:\/\/radiorevelacionfm.cl\/wp-content\/uploads\/2023\/12\/FOTO-REU-BBNN-1-1.jpeg\" alt='' title='FOTO REU BBNN (1) (1)' height=\"600\" width=\"1267\"  itemprop=\"thumbnailUrl\" srcset=\"https:\/\/radiorevelacionfm.cl\/wp-content\/uploads\/2023\/12\/FOTO-REU-BBNN-1-1.jpeg 1267w, https:\/\/radiorevelacionfm.cl\/wp-content\/uploads\/2023\/12\/FOTO-REU-BBNN-1-1-300x142.jpeg 300w, https:\/\/radiorevelacionfm.cl\/wp-content\/uploads\/2023\/12\/FOTO-REU-BBNN-1-1-1030x488.jpeg 1030w, https:\/\/radiorevelacionfm.cl\/wp-content\/uploads\/2023\/12\/FOTO-REU-BBNN-1-1-768x364.jpeg 768w, https:\/\/radiorevelacionfm.cl\/wp-content\/uploads\/2023\/12\/FOTO-REU-BBNN-1-1-705x334.jpeg 705w, https:\/\/radiorevelacionfm.cl\/wp-content\/uploads\/2023\/12\/FOTO-REU-BBNN-1-1-450x213.jpeg 450w, https:\/\/radiorevelacionfm.cl\/wp-content\/uploads\/2023\/12\/FOTO-REU-BBNN-1-1-600x284.jpeg 600w\" sizes=\"(max-width: 1267px) 100vw, 1267px\" \/><\/div><\/div><\/div><\/div><div class=\"flex_column av_one_full  flex_column_div av-zero-column-padding first  avia-builder-el-2  el_after_av_one_full  el_before_av_one_full  column-top-margin\" style='border-radius:0px; '><section class=\"av_textblock_section \"  itemscope=\"itemscope\" itemtype=\"https:\/\/schema.org\/BlogPosting\" itemprop=\"blogPost\" ><div class='avia_textblock  '   itemprop=\"text\" ><h2 class=\"title\" style=\"text-align: center;\"><span style=\"font-size: 18pt;\"><b><span lang=\"ES\">Diputado Calisto y vecinos piden avanzar en el ordenamiento territorial de Valle Simpson<\/span><\/b><\/span><\/h2>\n<div id=\"gtx-trans\" style=\"position: absolute; left: -50px; top: 4.31534px;\">\n<div class=\"gtx-trans-icon\"><\/div>\n<\/div>\n<\/div><\/section><\/div><div class=\"flex_column av_one_full  flex_column_div av-zero-column-padding first  avia-builder-el-4  el_after_av_one_full  el_before_av_hr  column-top-margin\" style='border-radius:0px; '><section class=\"av_textblock_section \"  itemscope=\"itemscope\" itemtype=\"https:\/\/schema.org\/BlogPosting\" itemprop=\"blogPost\" ><div class='avia_textblock  '   itemprop=\"text\" ><p style=\"font-weight: 400; text-align: justify;\">Luego de participar en una reuni\u00f3n con la Seremi de Bienes Nacionales, el Diputado Miguel \u00c1ngel Calisto y un grupo de vecinos de Valle Simpson plantearon la necesidad de avanzar en el ordenamiento territorial de la localidad, acusando una serie de problemas que se generan por la falta de una planificaci\u00f3n que sustente su propio desarrollo.<\/p>\n<p style=\"font-weight: 400; text-align: justify;\">El legislador, junto al Consejero Felipe Klein y un grupo de dirigentes de la localidad, le plantearon a la Seremi de Bienes Nacionales, Irina Morend, este y otros temas, como los relacionados a factibilidad de terrenos para bomberos y clubes de adultos mayores.<\/p>\n<p style=\"font-weight: 400; text-align: justify;\">Seg\u00fan el diputado Calisto, \u201cexiste preocupaci\u00f3n por la falta de ordenamiento territorial en Valle Simpson. Siendo una de las localidades m\u00e1s antiguas de la regi\u00f3n, no tienen ning\u00fan tipo de ordenamiento territorial, hay graves problemas con la planta de tratamiento, con los accesos, falta de veredas, entre otros. Adem\u00e1s, no hay disposici\u00f3n para poder garantizar el funcionamiento de la escuela, que adem\u00e1s tiene proyecci\u00f3n de ser el \u00fanico liceo rural de nuestra comuna\u201d.<\/p>\n<p style=\"font-weight: 400; text-align: justify;\">\u201cEn esto, estamos en coordinaci\u00f3n tambi\u00e9n con los dirigentes de los comit\u00e9s de vivienda, con la presidenta del a Junta de Vecinos, de clubes de adultos mayores, de bomberos, de agua potable, en fin, es algo que comparten todas las organizaciones del sector\u201d, argument\u00f3.<\/p>\n<p style=\"font-weight: 400; text-align: justify;\">Calisto se\u00f1al\u00f3 que \u201cestamos convocando a un encuentro en Valle Simpson con autoridades, como el MINVU, MOP, Bienes Nacionales y distintas organizaciones que garanticen este ordenamiento territorial y garanticen que esta localidad tenga proyecci\u00f3n\u201d.<\/p>\n<p style=\"font-weight: 400; text-align: justify;\">Por su parte, V\u00edctor Cornejo, integrante de la Directiva del Servicio Sanitario Rural, asegur\u00f3 que \u00a0\u201cnosotros en particular estamos preocupados por el acceso a nuestra sede, porque no est\u00e1 pavimentada, ni siquiera con adocreto. Esto es importante por la circulaci\u00f3n de personas que constantemente van por consultas o para pagar su consumo. Lamentablemente, en ese acceso no hubo una buena planificaci\u00f3n y se forma un cuello de botella que es impresentable para una localidad que es una de las m\u00e1s antiguas de la regi\u00f3n\u201d.<\/p>\n<p style=\"font-weight: 400; text-align: justify;\">\u201cA los camiones les cuesta mucho salir de ah\u00ed, justo frente al jard\u00edn infantil, donde ni siquiera se les dej\u00f3 una vereda. Esto es preocupante y responde a una mala planificaci\u00f3n. Necesitamos que las autoridades tomen cartas en el asunto y se haga una planificaci\u00f3n pensando a futuro, al desarrollo de las localidades\u201d, se\u00f1al\u00f3.<\/p>\n<p style=\"text-align: justify;\"><span style=\"font-weight: 400;\">Finalmente, el dirigente argument\u00f3 que \u201ca mi parecer, Valle Simpson est\u00e1 transformado pr\u00e1cticamente en un campamento, con mucho hacinamiento de poblaci\u00f3n. Hay que abrir m\u00e1s la mirada, abrir m\u00e1s espacio para los accesos y las salidas, con calles acordes al tr\u00e1fico de autos y camiones. Esto requiere una planificaci\u00f3n, y para eso necesitamos que las autoridades est\u00e9n presentes\u201d.\u00a0<\/span><span style=\"font-weight: 400;\">\u00a0<\/span><span style=\"font-weight: 400;\">\u00a0<\/span><span style=\"font-weight: 400;\">\u00a0<\/span><\/p>\n<\/div><\/section><\/div><div  style='height:50px' class='hr hr-invisible   avia-builder-el-6  el_after_av_one_full  el_before_av_social_share '><span class='hr-inner ' ><span class='hr-inner-style'><\/span><\/span><\/div><\/p>\n<div  class='av-social-sharing-box  avia-builder-el-7  el_after_av_hr  el_before_av_hr  '><div class='av-share-box'><h5 class='av-share-link-description av-no-toc '>Compartir esta noticia<\/h5><ul class='av-share-box-list noLightbox'><li class='av-share-link av-social-link-facebook' ><a target=\"_blank\" aria-label=\"Compartir en Facebook\" href='https:\/\/www.facebook.com\/sharer.php?u=https:\/\/radiorevelacionfm.cl\/?p=37745&#038;t=Diputado%20Calisto%20y%20vecinos%20piden%20avanzar%20en%20el%20ordenamiento%20territorial%20de%20Valle%20Simpson' aria-hidden='false' data-av_icon='\ue8f3' data-av_iconfont='entypo-fontello' title='' data-avia-related-tooltip='Compartir en Facebook' rel=\"noopener\"><span class='avia_hidden_link_text'>Compartir en Facebook<\/span><\/a><\/li><li class='av-share-link av-social-link-twitter' ><a target=\"_blank\" aria-label=\"Compartir en Twitter\" href='https:\/\/twitter.com\/share?text=Diputado%20Calisto%20y%20vecinos%20piden%20avanzar%20en%20el%20ordenamiento%20territorial%20de%20Valle%20Simpson&#038;url=https:\/\/radiorevelacionfm.cl\/?p=37745' aria-hidden='false' data-av_icon='\ue8f1' data-av_iconfont='entypo-fontello' title='' data-avia-related-tooltip='Compartir en Twitter' rel=\"noopener\"><span class='avia_hidden_link_text'>Compartir en Twitter<\/span><\/a><\/li><li class='av-share-link av-social-link-whatsapp' ><a target=\"_blank\" aria-label=\"Compartir en Whatsapp\" href='https:\/\/api.whatsapp.com\/send?text=https:\/\/radiorevelacionfm.cl\/?p=37745' aria-hidden='false' data-av_icon='\uf232' data-av_iconfont='entypo-fontello' title='' data-avia-related-tooltip='Compartir en Whatsapp' rel=\"noopener\"><span class='avia_hidden_link_text'>Compartir en Whatsapp<\/span><\/a><\/li><li class='av-share-link av-social-link-linkedin' ><a target=\"_blank\" aria-label=\"Compartir en LinkedIn\" href='https:\/\/linkedin.com\/shareArticle?mini=true&#038;title=Diputado%20Calisto%20y%20vecinos%20piden%20avanzar%20en%20el%20ordenamiento%20territorial%20de%20Valle%20Simpson&#038;url=https:\/\/radiorevelacionfm.cl\/?p=37745' aria-hidden='false' data-av_icon='\ue8fc' data-av_iconfont='entypo-fontello' title='' data-avia-related-tooltip='Compartir en LinkedIn' rel=\"noopener\"><span class='avia_hidden_link_text'>Compartir en LinkedIn<\/span><\/a><\/li><li class='av-share-link av-social-link-mail' ><a  aria-label=\"Compartir por correo\" href='mailto:?subject=Diputado%20Calisto%20y%20vecinos%20piden%20avanzar%20en%20el%20ordenamiento%20territorial%20de%20Valle%20Simpson&#038;body=https:\/\/radiorevelacionfm.cl\/?p=37745' aria-hidden='false' data-av_icon='\ue805' data-av_iconfont='entypo-fontello' title='' data-avia-related-tooltip='Compartir por correo'><span class='avia_hidden_link_text'>Compartir por correo<\/span><\/a><\/li><\/ul><\/div><\/div>\n<div  style='height:50px' class='hr hr-invisible   avia-builder-el-8  el_after_av_social_share  el_before_av_comments_list '><span class='hr-inner ' ><span class='hr-inner-style'><\/span><\/span><\/div>\n<div  class='av-buildercomment  av-blog-meta-html-info-disabled av-blog-meta-tag-disabled  '><\/div>\n","protected":false},"excerpt":{"rendered":"","protected":false},"author":1,"featured_media":37746,"comment_status":"open","ping_status":"open","sticky":false,"template":"","format":"standard","meta":{"footnotes":""},"categories":[35],"tags":[],"class_list":["post-37745","post","type-post","status-publish","format-standard","has-post-thumbnail","hentry","category-politica"],"jetpack_featured_media_url":"https:\/\/radiorevelacionfm.cl\/wp-content\/uploads\/2023\/12\/FOTO-REU-BBNN-1-1.jpeg","_links":{"self":[{"href":"https:\/\/radiorevelacionfm.cl\/index.php?rest_route=\/wp\/v2\/posts\/37745","targetHints":{"allow":["GET"]}}],"collection":[{"href":"https:\/\/radiorevelacionfm.cl\/index.php?rest_route=\/wp\/v2\/posts"}],"about":[{"href":"https:\/\/radiorevelacionfm.cl\/index.php?rest_route=\/wp\/v2\/types\/post"}],"author":[{"embeddable":true,"href":"https:\/\/radiorevelacionfm.cl\/index.php?rest_route=\/wp\/v2\/users\/1"}],"replies":[{"embeddable":true,"href":"https:\/\/radiorevelacionfm.cl\/index.php?rest_route=%2Fwp%2Fv2%2Fcomments&post=37745"}],"version-history":[{"count":1,"href":"https:\/\/radiorevelacionfm.cl\/index.php?rest_route=\/wp\/v2\/posts\/37745\/revisions"}],"predecessor-version":[{"id":37747,"href":"https:\/\/radiorevelacionfm.cl\/index.php?rest_route=\/wp\/v2\/posts\/37745\/revisions\/37747"}],"wp:featuredmedia":[{"embeddable":true,"href":"https:\/\/radiorevelacionfm.cl\/index.php?rest_route=\/wp\/v2\/media\/37746"}],"wp:attachment":[{"href":"https:\/\/radiorevelacionfm.cl\/index.php?rest_route=%2Fwp%2Fv2%2Fmedia&parent=37745"}],"wp:term":[{"taxonomy":"category","embeddable":true,"href":"https:\/\/radiorevelacionfm.cl\/index.php?rest_route=%2Fwp%2Fv2%2Fcategories&post=37745"},{"taxonomy":"post_tag","embeddable":true,"href":"https:\/\/radiorevelacionfm.cl\/index.php?rest_route=%2Fwp%2Fv2%2Ftags&post=37745"}],"curies":[{"name":"wp","href":"https:\/\/api.w.org\/{rel}","templated":true}]}}