{"id":37742,"date":"2023-12-06T08:49:26","date_gmt":"2023-12-06T11:49:26","guid":{"rendered":"https:\/\/radiorevelacionfm.cl\/?p=37742"},"modified":"2023-12-06T08:49:26","modified_gmt":"2023-12-06T11:49:26","slug":"region-aysen-inicia-inmunizacion-contra-covid-19-con-nueva-vacuna-monovalente","status":"publish","type":"post","link":"https:\/\/radiorevelacionfm.cl\/?p=37742","title":{"rendered":"Regi\u00f3n Ays\u00e9n inicia inmunizaci\u00f3n contra COVID-19 con nueva vacuna monovalente"},"content":{"rendered":"<div class=\"flex_column av_one_full  flex_column_div av-zero-column-padding first  avia-builder-el-0  el_before_av_one_full  avia-builder-el-first  \" style='border-radius:0px; '><div  class='avia-image-container  av-styling-    avia-builder-el-1  avia-builder-el-no-sibling  avia-align-center '  itemprop=\"image\" itemscope=\"itemscope\" itemtype=\"https:\/\/schema.org\/ImageObject\"  ><div class='avia-image-container-inner'><div class='avia-image-overlay-wrap'><img decoding=\"async\" class='wp-image-37743 avia-img-lazy-loading-not-37743 avia_image' src=\"https:\/\/radiorevelacionfm.cl\/wp-content\/uploads\/2023\/12\/vacunacion-VDS-9-1-1.jpg\" alt='' title='vacunaci\u00f3n VDS 9 (1) (1)' height=\"600\" width=\"800\"  itemprop=\"thumbnailUrl\" srcset=\"https:\/\/radiorevelacionfm.cl\/wp-content\/uploads\/2023\/12\/vacunacion-VDS-9-1-1.jpg 800w, https:\/\/radiorevelacionfm.cl\/wp-content\/uploads\/2023\/12\/vacunacion-VDS-9-1-1-300x225.jpg 300w, https:\/\/radiorevelacionfm.cl\/wp-content\/uploads\/2023\/12\/vacunacion-VDS-9-1-1-768x576.jpg 768w, https:\/\/radiorevelacionfm.cl\/wp-content\/uploads\/2023\/12\/vacunacion-VDS-9-1-1-705x529.jpg 705w, https:\/\/radiorevelacionfm.cl\/wp-content\/uploads\/2023\/12\/vacunacion-VDS-9-1-1-450x338.jpg 450w, https:\/\/radiorevelacionfm.cl\/wp-content\/uploads\/2023\/12\/vacunacion-VDS-9-1-1-600x450.jpg 600w\" sizes=\"(max-width: 800px) 100vw, 800px\" \/><\/div><\/div><\/div><\/div><div class=\"flex_column av_one_full  flex_column_div av-zero-column-padding first  avia-builder-el-2  el_after_av_one_full  el_before_av_one_full  column-top-margin\" style='border-radius:0px; '><section class=\"av_textblock_section \"  itemscope=\"itemscope\" itemtype=\"https:\/\/schema.org\/BlogPosting\" itemprop=\"blogPost\" ><div class='avia_textblock  '   itemprop=\"text\" ><h2 class=\"title\" style=\"text-align: center;\"><span style=\"font-size: 18pt;\"><b>Regi\u00f3n Ays\u00e9n inicia inmunizaci\u00f3n contra COVID-19 con nueva vacuna monovalente<\/b><\/span><\/h2>\n<div id=\"gtx-trans\" style=\"position: absolute; left: -50px; top: 4.31534px;\">\n<div class=\"gtx-trans-icon\"><\/div>\n<\/div>\n<\/div><\/section><\/div><div class=\"flex_column av_one_full  flex_column_div av-zero-column-padding first  avia-builder-el-4  el_after_av_one_full  el_before_av_hr  column-top-margin\" style='border-radius:0px; '><section class=\"av_textblock_section \"  itemscope=\"itemscope\" itemtype=\"https:\/\/schema.org\/BlogPosting\" itemprop=\"blogPost\" ><div class='avia_textblock  '   itemprop=\"text\" ><p style=\"font-weight: 400; text-align: justify;\">Disminuir el impacto sanitario, prevenir la mortalidad y las complicaciones del COVID-19 en la poblaci\u00f3n del pa\u00eds, son parte de los objetivos del nuevo proceso de vacunaci\u00f3n contra esta enfermedad que se inici\u00f3 hace algunos d\u00edas en todo el pa\u00eds.<\/p>\n<p style=\"font-weight: 400; text-align: justify;\">Tal cual ocurre en el consultorio V\u00edctor Domingo Silva, de Coyhaique, al igual que en toda la Red Asistencial donde se encuentran preparados para suministrar las dosis que correspondan. De esta manera se acerc\u00f3 hasta el vacunatorio Eliana Rogel, paciente oncol\u00f3gica, quien mantiene su esquema de vacunaci\u00f3n al d\u00eda desde que inici\u00f3 la pandemia en 2019.<\/p>\n<p style=\"font-weight: 400; text-align: justify;\">\u201cMe he puesto todas las vacunas correspondientes desde que comenz\u00f3 la pandemia. No he tenido problemas despu\u00e9s que me vacunan, evoluciono muy bien. Se trata de una vacuna nueva que nos ayuda a protegernos de las cepas que est\u00e1n apareciendo\u201d, manifest\u00f3.<\/p>\n<p style=\"font-weight: 400; text-align: justify;\">En esa misma l\u00ednea, Rogel, invit\u00f3 a vacunarse, especialmente a las personas que arrastran enfermedades cr\u00f3nicas o inmunosuprimidas. \u201cCuando tuve COVID no me di cuenta, ten\u00eda todas mis vacunas y no me enter\u00e9. No tuve ning\u00fan s\u00edntoma, ni siquiera un resfr\u00edo, nada\u201d, acot\u00f3.<\/p>\n<p style=\"font-weight: 400; text-align: justify;\">Chile fue uno de los pa\u00edses que avanz\u00f3 con mayor rapidez en la vacunaci\u00f3n de su poblaci\u00f3n. Durante los a\u00f1os 2021 y 2022 se administraron millones de dosis elaboradas por los laboratorios Sinovac, Pfizer y Moderna.<\/p>\n<p style=\"font-weight: 400; text-align: justify;\">\u201cEs una medida de autocuidado, no hay restricciones, es voluntaria, pero es parte de nuestro deber como comunidad para vacunarnos a tiempo y este pr\u00f3ximo invierno 2024 estemos preparados\u201d, se\u00f1al\u00f3 Antonella Trevigno, directora del Consultorio V\u00edctor Domingo Silva, quien de paso invit\u00f3 a la comunidad a acercarse a los establecimientos de la Red.<\/p>\n<p style=\"font-weight: 400; text-align: justify;\">Mientras la Seremi de Salud de Ays\u00e9n, Carmen Gloria Monsalve, agreg\u00f3 que \u201cesto refleja que como Gobierno de nuestro Presidente Gabriel Boric y como Ministerio de Salud mantenemos una senda de prevenci\u00f3n fuerte, implementando estrategia probadas a nivel mundial y donde nuestro pa\u00eds tiene una tradici\u00f3n conocida en el avance y el manejo adecuado de las campa\u00f1as de vacunaci\u00f3n\u201d.<\/p>\n<p style=\"font-weight: 400; text-align: justify;\">La meta definida para esta estrategia es alcanzar una cobertura de vacunaci\u00f3n de al menos el 80% de personas mayores de 60 a\u00f1os a nivel nacional. \u201cEs gratuita, como todas las vacunas y tenemos toda la red asistencial preparada para que las personas se puedan acercar, sobre todo las de riesgo, los adultos mayores de 60 a\u00f1os, al igual que los funcionarios de salud, las personas cr\u00f3nicas y embarazadas\u201d, precis\u00f3 Ram\u00f3n Vergara, subdirector (S) de Gesti\u00f3n Asistencial del Servicio de Salud Ays\u00e9n (SSA).<\/p>\n<p style=\"font-weight: 400; text-align: justify;\">Cabe se\u00f1alar que esta vacuna actualizada permite combatir las nuevas cepas que han aparecido en los \u00faltimos meses. \u201cLos equipos est\u00e1n permanentemente capacit\u00e1ndose y actualiz\u00e1ndose en relaci\u00f3n a los lineamientos de vacunas, as\u00ed que tengan toda la confianza y seguir con el autocuidado y la protecci\u00f3n a su salud\u201d, indic\u00f3 Leandra Aguilar, Encargada PNI del SSA.<\/p>\n<p style=\"font-weight: 400; text-align: justify;\">El horario del vacunatorio del Consultorio V\u00edctor Domingo Silva es de 08:30 a 12:30 horas y de 14:00 a 16:30 horas, de lunes a viernes.<\/p>\n<\/div><\/section><\/div><div  style='height:50px' class='hr hr-invisible   avia-builder-el-6  el_after_av_one_full  el_before_av_social_share '><span class='hr-inner ' ><span class='hr-inner-style'><\/span><\/span><\/div><\/p>\n<div  class='av-social-sharing-box  avia-builder-el-7  el_after_av_hr  el_before_av_hr  '><div class='av-share-box'><h5 class='av-share-link-description av-no-toc '>Compartir esta noticia<\/h5><ul class='av-share-box-list noLightbox'><li class='av-share-link av-social-link-facebook' ><a target=\"_blank\" aria-label=\"Compartir en Facebook\" href='https:\/\/www.facebook.com\/sharer.php?u=https:\/\/radiorevelacionfm.cl\/?p=37742&#038;t=Regi%C3%B3n%20Ays%C3%A9n%20inicia%20inmunizaci%C3%B3n%20contra%20COVID-19%20con%20nueva%20vacuna%20monovalente' aria-hidden='false' data-av_icon='\ue8f3' data-av_iconfont='entypo-fontello' title='' data-avia-related-tooltip='Compartir en Facebook' rel=\"noopener\"><span class='avia_hidden_link_text'>Compartir en Facebook<\/span><\/a><\/li><li class='av-share-link av-social-link-twitter' ><a target=\"_blank\" aria-label=\"Compartir en Twitter\" href='https:\/\/twitter.com\/share?text=Regi%C3%B3n%20Ays%C3%A9n%20inicia%20inmunizaci%C3%B3n%20contra%20COVID-19%20con%20nueva%20vacuna%20monovalente&#038;url=https:\/\/radiorevelacionfm.cl\/?p=37742' aria-hidden='false' data-av_icon='\ue8f1' data-av_iconfont='entypo-fontello' title='' data-avia-related-tooltip='Compartir en Twitter' rel=\"noopener\"><span class='avia_hidden_link_text'>Compartir en Twitter<\/span><\/a><\/li><li class='av-share-link av-social-link-whatsapp' ><a target=\"_blank\" aria-label=\"Compartir en Whatsapp\" href='https:\/\/api.whatsapp.com\/send?text=https:\/\/radiorevelacionfm.cl\/?p=37742' aria-hidden='false' data-av_icon='\uf232' data-av_iconfont='entypo-fontello' title='' data-avia-related-tooltip='Compartir en Whatsapp' rel=\"noopener\"><span class='avia_hidden_link_text'>Compartir en Whatsapp<\/span><\/a><\/li><li class='av-share-link av-social-link-linkedin' ><a target=\"_blank\" aria-label=\"Compartir en LinkedIn\" href='https:\/\/linkedin.com\/shareArticle?mini=true&#038;title=Regi%C3%B3n%20Ays%C3%A9n%20inicia%20inmunizaci%C3%B3n%20contra%20COVID-19%20con%20nueva%20vacuna%20monovalente&#038;url=https:\/\/radiorevelacionfm.cl\/?p=37742' aria-hidden='false' data-av_icon='\ue8fc' data-av_iconfont='entypo-fontello' title='' data-avia-related-tooltip='Compartir en LinkedIn' rel=\"noopener\"><span class='avia_hidden_link_text'>Compartir en LinkedIn<\/span><\/a><\/li><li class='av-share-link av-social-link-mail' ><a  aria-label=\"Compartir por correo\" href='mailto:?subject=Regi%C3%B3n%20Ays%C3%A9n%20inicia%20inmunizaci%C3%B3n%20contra%20COVID-19%20con%20nueva%20vacuna%20monovalente&#038;body=https:\/\/radiorevelacionfm.cl\/?p=37742' aria-hidden='false' data-av_icon='\ue805' data-av_iconfont='entypo-fontello' title='' data-avia-related-tooltip='Compartir por correo'><span class='avia_hidden_link_text'>Compartir por correo<\/span><\/a><\/li><\/ul><\/div><\/div>\n<div  style='height:50px' class='hr hr-invisible   avia-builder-el-8  el_after_av_social_share  el_before_av_comments_list '><span class='hr-inner ' ><span class='hr-inner-style'><\/span><\/span><\/div>\n<div  class='av-buildercomment  av-blog-meta-html-info-disabled av-blog-meta-tag-disabled  '><\/div>\n","protected":false},"excerpt":{"rendered":"","protected":false},"author":1,"featured_media":37743,"comment_status":"open","ping_status":"open","sticky":false,"template":"","format":"standard","meta":{"footnotes":""},"categories":[46],"tags":[],"class_list":["post-37742","post","type-post","status-publish","format-standard","has-post-thumbnail","hentry","category-salud"],"jetpack_featured_media_url":"https:\/\/radiorevelacionfm.cl\/wp-content\/uploads\/2023\/12\/vacunacion-VDS-9-1-1.jpg","_links":{"self":[{"href":"https:\/\/radiorevelacionfm.cl\/index.php?rest_route=\/wp\/v2\/posts\/37742","targetHints":{"allow":["GET"]}}],"collection":[{"href":"https:\/\/radiorevelacionfm.cl\/index.php?rest_route=\/wp\/v2\/posts"}],"about":[{"href":"https:\/\/radiorevelacionfm.cl\/index.php?rest_route=\/wp\/v2\/types\/post"}],"author":[{"embeddable":true,"href":"https:\/\/radiorevelacionfm.cl\/index.php?rest_route=\/wp\/v2\/users\/1"}],"replies":[{"embeddable":true,"href":"https:\/\/radiorevelacionfm.cl\/index.php?rest_route=%2Fwp%2Fv2%2Fcomments&post=37742"}],"version-history":[{"count":1,"href":"https:\/\/radiorevelacionfm.cl\/index.php?rest_route=\/wp\/v2\/posts\/37742\/revisions"}],"predecessor-version":[{"id":37744,"href":"https:\/\/radiorevelacionfm.cl\/index.php?rest_route=\/wp\/v2\/posts\/37742\/revisions\/37744"}],"wp:featuredmedia":[{"embeddable":true,"href":"https:\/\/radiorevelacionfm.cl\/index.php?rest_route=\/wp\/v2\/media\/37743"}],"wp:attachment":[{"href":"https:\/\/radiorevelacionfm.cl\/index.php?rest_route=%2Fwp%2Fv2%2Fmedia&parent=37742"}],"wp:term":[{"taxonomy":"category","embeddable":true,"href":"https:\/\/radiorevelacionfm.cl\/index.php?rest_route=%2Fwp%2Fv2%2Fcategories&post=37742"},{"taxonomy":"post_tag","embeddable":true,"href":"https:\/\/radiorevelacionfm.cl\/index.php?rest_route=%2Fwp%2Fv2%2Ftags&post=37742"}],"curies":[{"name":"wp","href":"https:\/\/api.w.org\/{rel}","templated":true}]}}