{"id":37739,"date":"2023-12-05T20:26:05","date_gmt":"2023-12-05T23:26:05","guid":{"rendered":"https:\/\/radiorevelacionfm.cl\/?p=37739"},"modified":"2023-12-05T20:26:05","modified_gmt":"2023-12-05T23:26:05","slug":"carabineros-de-chile-y-el-arma-dei-carabinieri-de-italia-intercambian-experiencias-sobre-el-trabajo-policial-ante-el-delito-de-secuestro","status":"publish","type":"post","link":"https:\/\/radiorevelacionfm.cl\/?p=37739","title":{"rendered":"Carabineros de Chile y el Arma dei Carabinieri de Italia intercambian experiencias sobre el trabajo policial ante el delito de secuestro"},"content":{"rendered":"<div class=\"flex_column av_one_full  flex_column_div av-zero-column-padding first  avia-builder-el-0  el_before_av_one_full  avia-builder-el-first  \" style='border-radius:0px; '><div  class='avia-image-container  av-styling-    avia-builder-el-1  avia-builder-el-no-sibling  avia-align-center '  itemprop=\"image\" itemscope=\"itemscope\" itemtype=\"https:\/\/schema.org\/ImageObject\"  ><div class='avia-image-container-inner'><div class='avia-image-overlay-wrap'><img decoding=\"async\" class='wp-image-37740 avia-img-lazy-loading-not-37740 avia_image' src=\"https:\/\/radiorevelacionfm.cl\/wp-content\/uploads\/2023\/12\/364fe811-10c2-4ed1-a80f-4bee8fb334a4-1-1.jpg\" alt='' title='364fe811-10c2-4ed1-a80f-4bee8fb334a4 (1) (1)' height=\"600\" width=\"880\"  itemprop=\"thumbnailUrl\" srcset=\"https:\/\/radiorevelacionfm.cl\/wp-content\/uploads\/2023\/12\/364fe811-10c2-4ed1-a80f-4bee8fb334a4-1-1.jpg 880w, https:\/\/radiorevelacionfm.cl\/wp-content\/uploads\/2023\/12\/364fe811-10c2-4ed1-a80f-4bee8fb334a4-1-1-300x205.jpg 300w, https:\/\/radiorevelacionfm.cl\/wp-content\/uploads\/2023\/12\/364fe811-10c2-4ed1-a80f-4bee8fb334a4-1-1-768x524.jpg 768w, https:\/\/radiorevelacionfm.cl\/wp-content\/uploads\/2023\/12\/364fe811-10c2-4ed1-a80f-4bee8fb334a4-1-1-705x481.jpg 705w, https:\/\/radiorevelacionfm.cl\/wp-content\/uploads\/2023\/12\/364fe811-10c2-4ed1-a80f-4bee8fb334a4-1-1-450x307.jpg 450w, https:\/\/radiorevelacionfm.cl\/wp-content\/uploads\/2023\/12\/364fe811-10c2-4ed1-a80f-4bee8fb334a4-1-1-600x409.jpg 600w\" sizes=\"(max-width: 880px) 100vw, 880px\" \/><\/div><\/div><\/div><\/div><div class=\"flex_column av_one_full  flex_column_div av-zero-column-padding first  avia-builder-el-2  el_after_av_one_full  el_before_av_one_full  column-top-margin\" style='border-radius:0px; '><section class=\"av_textblock_section \"  itemscope=\"itemscope\" itemtype=\"https:\/\/schema.org\/BlogPosting\" itemprop=\"blogPost\" ><div class='avia_textblock  '   itemprop=\"text\" ><h2 class=\"title\" style=\"text-align: center;\"><span style=\"font-size: 18pt;\"><b>C<\/b><b>arabineros de\u00a0<\/b><b>C<\/b><b>hile y el\u00a0<\/b><b>A<\/b><b>rma dei\u00a0<\/b><b>C<\/b><b>arabinieri de\u00a0<\/b><b>I<\/b><b>talia intercambian experiencias sobre el trabajo policial ante el delito de secuestro<\/b><\/span><\/h2>\n<div id=\"gtx-trans\" style=\"position: absolute; left: -50px; top: 4.31534px;\">\n<div class=\"gtx-trans-icon\"><\/div>\n<\/div>\n<\/div><\/section><\/div><div class=\"flex_column av_one_full  flex_column_div av-zero-column-padding first  avia-builder-el-4  el_after_av_one_full  el_before_av_hr  column-top-margin\" style='border-radius:0px; '><section class=\"av_textblock_section \"  itemscope=\"itemscope\" itemtype=\"https:\/\/schema.org\/BlogPosting\" itemprop=\"blogPost\" ><div class='avia_textblock  '   itemprop=\"text\" ><div>\n<p style=\"text-align: justify;\"><em>Este trabajo colaborativo y de capacitaci\u00f3n desarrollado a nivel internacional apunta a seguir fortaleciendo las capacidades de Carabineros de Chile y de otras instituciones relevantes en materias de seguridad e investigaci\u00f3n.<\/em><\/p>\n<p style=\"text-align: justify;\">Carabineros de Chile dio inicio al seminario \u00abCapacitaci\u00f3n en T\u00e9cnicas Investigativas Antisecuestro\u00bb, el cual ser\u00e1 dictado por el Arma dei Carabinieri de Italia y en el que participan destacados actores en materia de seguridad e investigaci\u00f3n. Todo con el firme prop\u00f3sito de intercambiar experiencias en el control y la lucha contra este delito.<br \/>\nLa actividad fue inaugurada por el General Director de Carabineros, Ricardo Y\u00e1\u00f1ez, en conjunto con representantes del Ministerio P\u00fablico, la Polic\u00eda de Investigaciones y la Embajadora de Italia en nuestro pa\u00eds, Valeria Biagiotti. El evento se desarrolla entre el 4 al 15 de diciembre, en el marco del permanente esfuerzo llevado adelante por la instituci\u00f3n uniformada para reforzar el intercambio estrat\u00e9gico en materia policial y seguir mejorando sus capacidades al servicio de toda la comunidad.<br \/>\nCabe destacar que instancia apunta a capacitar a diferentes estamentos especializados de Carabineros, los que han desplegado una labor investigativa de alta efectividad y que registra relevantes resultados en este \u00e1mbito en los \u00faltimos a\u00f1os, adem\u00e1s de recoger al m\u00e1ximo la experiencia adquirida por la polic\u00eda italiana en la lucha contra el crimen organizado durante el siglo pasado, fortaleciendo capacidades e incorporando las mejores pr\u00e1cticas para enfrentar este fen\u00f3meno.<br \/>\n\u00abLes damos la bienvenida y les agradecemos a todos los integrantes de las diferentes instituciones que est\u00e1n participando en esta relevante actividad. Son estos puntos de encuentro con los m\u00e1s variados actores ligados a la seguridad los que nos ayudan a comprender qu\u00e9 ocurre con fen\u00f3menos como la delincuencia y el crimen organizado. Todo con la finalidad no s\u00f3lo de adoptar las medidas necesarias desde nuestras instituciones, sino que en conjunto poder enfrentarlas de la manera cada vez m\u00e1s eficaz para reforzar la seguridad de los habitantes de nuestro pa\u00eds\u00bb, enfatiz\u00f3 el General Director.<br \/>\nEsta ayuda rec\u00edproca incluir\u00e1 el an\u00e1lisis de la organizaci\u00f3n de los Carabinieri de Italia para el combate de la delincuencia organizada y transnacional; el fen\u00f3meno criminal de secuestros con fines de extorsi\u00f3n y los casos de secuestros de personas importantes; la revisi\u00f3n de las lecciones aprendidas y buenas pr\u00e1cticas del marco jur\u00eddico italiano antisecuestro, las metodolog\u00edas de an\u00e1lisis criminal y las avanzadas t\u00e9cnicas investigativas de polic\u00eda judicial.<br \/>\nEn este curso est\u00e1n participando 90 funcionarios de Carabineros, quienes recibir\u00e1n entrenamiento en t\u00e9cnicas de investigaci\u00f3n antisecuestro por parte del Arma de Carabinieri.En tanto, la Embajadora se\u00f1al\u00f3 estar muy feliz de colaborar con \u00abnuestros amigos chilenos en este tema tan importante y compartir nuestra experiencia, porque hay un v\u00ednculo muy estrecho entre nuestros Carabinieris y los Carabineros, una cooperaci\u00f3n continua que se va a desarrollar a\u00fan m\u00e1s en los pr\u00f3ximos meses\u00bb.<br \/>\nEn este contexto el General Director tambi\u00e9n resalt\u00f3 que en paralelo 10 carabineros se encuentran en Colombia, con el objetivo de cursar un diplomado en materia de crimen organizado y secuestro extorsivo en la Escuela de Antisecuestros de la Polic\u00eda Nacional de dicho pa\u00eds. Todo con el firme prop\u00f3sito de seguir fortaleciendo capacidades en este relevante \u00e1mbito de gesti\u00f3n y reforzar la seguridad de toda la comunidad.<\/p>\n<\/div>\n<div style=\"text-align: justify;\"><\/div>\n<\/div><\/section><\/div><div  style='height:50px' class='hr hr-invisible   avia-builder-el-6  el_after_av_one_full  el_before_av_social_share '><span class='hr-inner ' ><span class='hr-inner-style'><\/span><\/span><\/div><\/p>\n<div  class='av-social-sharing-box  avia-builder-el-7  el_after_av_hr  el_before_av_hr  '><div class='av-share-box'><h5 class='av-share-link-description av-no-toc '>Compartir esta noticia<\/h5><ul class='av-share-box-list noLightbox'><li class='av-share-link av-social-link-facebook' ><a target=\"_blank\" aria-label=\"Compartir en Facebook\" href='https:\/\/www.facebook.com\/sharer.php?u=https:\/\/radiorevelacionfm.cl\/?p=37739&#038;t=Carabineros%20de%20Chile%20y%20el%20Arma%20dei%20Carabinieri%20de%20Italia%20intercambian%20experiencias%20sobre%20el%20trabajo%20policial%20ante%20el%20delito%20de%20secuestro' aria-hidden='false' data-av_icon='\ue8f3' data-av_iconfont='entypo-fontello' title='' data-avia-related-tooltip='Compartir en Facebook' rel=\"noopener\"><span class='avia_hidden_link_text'>Compartir en Facebook<\/span><\/a><\/li><li class='av-share-link av-social-link-twitter' ><a target=\"_blank\" aria-label=\"Compartir en Twitter\" href='https:\/\/twitter.com\/share?text=Carabineros%20de%20Chile%20y%20el%20Arma%20dei%20Carabinieri%20de%20Italia%20intercambian%20experiencias%20sobre%20el%20trabajo%20policial%20ante%20el%20delito%20de%20secuestro&#038;url=https:\/\/radiorevelacionfm.cl\/?p=37739' aria-hidden='false' data-av_icon='\ue8f1' data-av_iconfont='entypo-fontello' title='' data-avia-related-tooltip='Compartir en Twitter' rel=\"noopener\"><span class='avia_hidden_link_text'>Compartir en Twitter<\/span><\/a><\/li><li class='av-share-link av-social-link-whatsapp' ><a target=\"_blank\" aria-label=\"Compartir en Whatsapp\" href='https:\/\/api.whatsapp.com\/send?text=https:\/\/radiorevelacionfm.cl\/?p=37739' aria-hidden='false' data-av_icon='\uf232' data-av_iconfont='entypo-fontello' title='' data-avia-related-tooltip='Compartir en Whatsapp' rel=\"noopener\"><span class='avia_hidden_link_text'>Compartir en Whatsapp<\/span><\/a><\/li><li class='av-share-link av-social-link-linkedin' ><a target=\"_blank\" aria-label=\"Compartir en LinkedIn\" href='https:\/\/linkedin.com\/shareArticle?mini=true&#038;title=Carabineros%20de%20Chile%20y%20el%20Arma%20dei%20Carabinieri%20de%20Italia%20intercambian%20experiencias%20sobre%20el%20trabajo%20policial%20ante%20el%20delito%20de%20secuestro&#038;url=https:\/\/radiorevelacionfm.cl\/?p=37739' aria-hidden='false' data-av_icon='\ue8fc' data-av_iconfont='entypo-fontello' title='' data-avia-related-tooltip='Compartir en LinkedIn' rel=\"noopener\"><span class='avia_hidden_link_text'>Compartir en LinkedIn<\/span><\/a><\/li><li class='av-share-link av-social-link-mail' ><a  aria-label=\"Compartir por correo\" href='mailto:?subject=Carabineros%20de%20Chile%20y%20el%20Arma%20dei%20Carabinieri%20de%20Italia%20intercambian%20experiencias%20sobre%20el%20trabajo%20policial%20ante%20el%20delito%20de%20secuestro&#038;body=https:\/\/radiorevelacionfm.cl\/?p=37739' aria-hidden='false' data-av_icon='\ue805' data-av_iconfont='entypo-fontello' title='' data-avia-related-tooltip='Compartir por correo'><span class='avia_hidden_link_text'>Compartir por correo<\/span><\/a><\/li><\/ul><\/div><\/div>\n<div  style='height:50px' class='hr hr-invisible   avia-builder-el-8  el_after_av_social_share  el_before_av_comments_list '><span class='hr-inner ' ><span class='hr-inner-style'><\/span><\/span><\/div>\n<div  class='av-buildercomment  av-blog-meta-html-info-disabled av-blog-meta-tag-disabled  '><\/div>\n","protected":false},"excerpt":{"rendered":"","protected":false},"author":1,"featured_media":37740,"comment_status":"open","ping_status":"open","sticky":false,"template":"","format":"standard","meta":{"footnotes":""},"categories":[36],"tags":[],"class_list":["post-37739","post","type-post","status-publish","format-standard","has-post-thumbnail","hentry","category-policial"],"jetpack_featured_media_url":"https:\/\/radiorevelacionfm.cl\/wp-content\/uploads\/2023\/12\/364fe811-10c2-4ed1-a80f-4bee8fb334a4-1-1.jpg","_links":{"self":[{"href":"https:\/\/radiorevelacionfm.cl\/index.php?rest_route=\/wp\/v2\/posts\/37739","targetHints":{"allow":["GET"]}}],"collection":[{"href":"https:\/\/radiorevelacionfm.cl\/index.php?rest_route=\/wp\/v2\/posts"}],"about":[{"href":"https:\/\/radiorevelacionfm.cl\/index.php?rest_route=\/wp\/v2\/types\/post"}],"author":[{"embeddable":true,"href":"https:\/\/radiorevelacionfm.cl\/index.php?rest_route=\/wp\/v2\/users\/1"}],"replies":[{"embeddable":true,"href":"https:\/\/radiorevelacionfm.cl\/index.php?rest_route=%2Fwp%2Fv2%2Fcomments&post=37739"}],"version-history":[{"count":1,"href":"https:\/\/radiorevelacionfm.cl\/index.php?rest_route=\/wp\/v2\/posts\/37739\/revisions"}],"predecessor-version":[{"id":37741,"href":"https:\/\/radiorevelacionfm.cl\/index.php?rest_route=\/wp\/v2\/posts\/37739\/revisions\/37741"}],"wp:featuredmedia":[{"embeddable":true,"href":"https:\/\/radiorevelacionfm.cl\/index.php?rest_route=\/wp\/v2\/media\/37740"}],"wp:attachment":[{"href":"https:\/\/radiorevelacionfm.cl\/index.php?rest_route=%2Fwp%2Fv2%2Fmedia&parent=37739"}],"wp:term":[{"taxonomy":"category","embeddable":true,"href":"https:\/\/radiorevelacionfm.cl\/index.php?rest_route=%2Fwp%2Fv2%2Fcategories&post=37739"},{"taxonomy":"post_tag","embeddable":true,"href":"https:\/\/radiorevelacionfm.cl\/index.php?rest_route=%2Fwp%2Fv2%2Ftags&post=37739"}],"curies":[{"name":"wp","href":"https:\/\/api.w.org\/{rel}","templated":true}]}}