{"id":37736,"date":"2023-12-05T21:05:24","date_gmt":"2023-12-06T00:05:24","guid":{"rendered":"https:\/\/radiorevelacionfm.cl\/?p=37736"},"modified":"2023-12-05T21:05:24","modified_gmt":"2023-12-06T00:05:24","slug":"sec-aysen-y-seremi-de-energia-reiteran-llamado-a-comprar-solo-luces-navidenas-certificadas","status":"publish","type":"post","link":"https:\/\/radiorevelacionfm.cl\/?p=37736","title":{"rendered":"SEC Ays\u00e9n y Seremi de Energ\u00eda reiteran llamado a comprar s\u00f3lo luces navide\u00f1as certificadas"},"content":{"rendered":"<div class=\"flex_column av_one_full  flex_column_div av-zero-column-padding first  avia-builder-el-0  el_before_av_one_full  avia-builder-el-first  \" style='border-radius:0px; '><div  class='avia-image-container  av-styling-    avia-builder-el-1  avia-builder-el-no-sibling  avia-align-center '  itemprop=\"image\" itemscope=\"itemscope\" itemtype=\"https:\/\/schema.org\/ImageObject\"  ><div class='avia-image-container-inner'><div class='avia-image-overlay-wrap'><img decoding=\"async\" class='wp-image-37737 avia-img-lazy-loading-not-37737 avia_image' src=\"https:\/\/radiorevelacionfm.cl\/wp-content\/uploads\/2023\/12\/1-2023-12-05t165410_optimized.350-1.jpg\" alt='' title='1---2023-12-05t165410_optimized.350-(1)' height=\"600\" width=\"800\"  itemprop=\"thumbnailUrl\" srcset=\"https:\/\/radiorevelacionfm.cl\/wp-content\/uploads\/2023\/12\/1-2023-12-05t165410_optimized.350-1.jpg 800w, https:\/\/radiorevelacionfm.cl\/wp-content\/uploads\/2023\/12\/1-2023-12-05t165410_optimized.350-1-300x225.jpg 300w, https:\/\/radiorevelacionfm.cl\/wp-content\/uploads\/2023\/12\/1-2023-12-05t165410_optimized.350-1-768x576.jpg 768w, https:\/\/radiorevelacionfm.cl\/wp-content\/uploads\/2023\/12\/1-2023-12-05t165410_optimized.350-1-705x529.jpg 705w, https:\/\/radiorevelacionfm.cl\/wp-content\/uploads\/2023\/12\/1-2023-12-05t165410_optimized.350-1-450x338.jpg 450w, https:\/\/radiorevelacionfm.cl\/wp-content\/uploads\/2023\/12\/1-2023-12-05t165410_optimized.350-1-600x450.jpg 600w\" sizes=\"(max-width: 800px) 100vw, 800px\" \/><\/div><\/div><\/div><\/div><div class=\"flex_column av_one_full  flex_column_div av-zero-column-padding first  avia-builder-el-2  el_after_av_one_full  el_before_av_one_full  column-top-margin\" style='border-radius:0px; '><section class=\"av_textblock_section \"  itemscope=\"itemscope\" itemtype=\"https:\/\/schema.org\/BlogPosting\" itemprop=\"blogPost\" ><div class='avia_textblock  '   itemprop=\"text\" ><h2 class=\"title\" style=\"text-align: center;\"><a name=\"_Hlk57392057\"><\/a><span style=\"font-size: 18pt;\"><b><span lang=\"ES\">SEC Ays\u00e9n y Seremi de Energ\u00eda reiteran llamado a comprar s\u00f3lo luces navide\u00f1as certificadas<\/span><\/b><\/span><\/h2>\n<div id=\"gtx-trans\" style=\"position: absolute; left: -50px; top: 4.31534px;\">\n<div class=\"gtx-trans-icon\"><\/div>\n<\/div>\n<\/div><\/section><\/div><div class=\"flex_column av_one_full  flex_column_div av-zero-column-padding first  avia-builder-el-4  el_after_av_one_full  el_before_av_hr  column-top-margin\" style='border-radius:0px; '><section class=\"av_textblock_section \"  itemscope=\"itemscope\" itemtype=\"https:\/\/schema.org\/BlogPosting\" itemprop=\"blogPost\" ><div class='avia_textblock  '   itemprop=\"text\" ><p class=\"v1cuerpo\" style=\"text-align: justify;\"><em><span lang=\"ES\">Fiscalizadores de la Superintendencia de Electricidad y Combustibles, SEC, han estado desarrollando un completo plan de revisi\u00f3n a lo largo del pa\u00eds, para verificar que s\u00f3lo se est\u00e9n vendiendo productos con su respectivo SELLO SEC.<\/span><\/em><\/p>\n<p class=\"v1MsoNormal\" style=\"text-align: justify;\">Una intensa fiscalizaci\u00f3n, a lo largo del pa\u00eds, han estado desarrollando, durante estas \u00faltimas semanas, las y los funcionarios de la Superintendencia de Electricidad y Combustibles, SEC, para verificar que s\u00f3lo se est\u00e9n comercializando guirnaldas navide\u00f1as, y otros productos el\u00e9ctricos, con su respectivo SELLO SEC, etiqueta que valida que dichos art\u00edculos son seguros, pues han superado el procedimiento de certificaci\u00f3n.<\/p>\n<p class=\"v1MsoNormal\" style=\"text-align: justify;\">En este contexto, llegaron este martes 5 de diciembre, hasta dependencias de un local comercial de la comuna de Coyhaique, el Director Regional de SEC Ays\u00e9n, Hugo Ardiles y fiscalizadores de este organismo, quienes estuvieron revisando los productos el\u00e9ctricos que estaban a la venta, espec\u00edficamente las guirnaldas o \u201cluces navide\u00f1as\u201d, de masiva venta durante estos d\u00edas.<\/p>\n<p class=\"v1MsoNormal\" style=\"text-align: justify;\">Hasta la fecha, y seg\u00fan cifras de la SEC, durante el 2023 se han certificado 462.648 unidades de guirnaldas navide\u00f1as. Del mismo modo, y como resultado de las fiscalizaciones de la SEC, se formularon cargos a 27 empresas por ingresar al pa\u00eds m\u00e1s de 279 mil guirnaldas navide\u00f1as sin certificaci\u00f3n. Y tambi\u00e9n se detectaron 21 locales comerciales que intentaban vender dichos productos.<\/p>\n<p class=\"v1MsoNormal\" style=\"text-align: justify;\">En cuanto a las multas, en lo que va de este 2023 se han cursado sanciones que en total suman 190 UTM, Unidades Tributarias Mensuales, es decir, algo m\u00e1s de $12 millones, cifra que podr\u00eda aumentar, pues a\u00fan hay muchos procesos administrativos que se encuentran abiertos, los que pueden concluir en importantes multas en dinero.<\/p>\n<p class=\"v1MsoNormal\" style=\"text-align: justify;\">Cabe destacar que la obligaci\u00f3n de certificar, y por tanto de tener SELLO SEC, es s\u00f3lo para las guirnaldas navide\u00f1as que se conectan a la red el\u00e9ctrica, por lo que las luces que funcionan con pilas o las denominadas \u201csolares\u201d no requieren esta certificaci\u00f3n.<\/p>\n<p class=\"v1MsoNormal\" style=\"text-align: justify;\"><b>COMPRA SEGURA<\/b><\/p>\n<p class=\"v1MsoNormal\" style=\"text-align: justify;\">El Seremi de Energ\u00eda, Carlos D\u00edaz, destac\u00f3 que \u201ccomo Ministerio de Energ\u00eda, y como Gobierno del Presidente Boric, queremos que la ciudadan\u00eda disfrute de estas fiestas de Fin de A\u00f1o en forma segura. Sabemos tambi\u00e9n que cada a\u00f1o las familias se preocupan m\u00e1s por decorar tanto los interiores como los exteriores de sus hogares, por lo que el llamado es a comprar luces navide\u00f1as que cuenten con SELLO SEC para evitar as\u00ed accidentes que lamentar durante esta temporada\u201d.<\/p>\n<p class=\"v1MsoNormal\" style=\"text-align: justify;\">Por su parte, el Director Regional de SEC Ays\u00e9n, Hugo Ardiles, indic\u00f3 que \u201ces importante que la ciudadan\u00eda tambi\u00e9n pueda convertirse en fiscalizadora, revisando que los productos que est\u00e1n comprando, est\u00e9n debidamente certificados, para lo cual deben fijarse que \u00e9stos cuenten con el SELLO SEC. Este SELLO cuenta con un C\u00f3digo QR, el que puede ser verificado con cualquier celular conectado a Internet, para chequear que se trate del mismo art\u00edculo y tambi\u00e9n para verificar el pa\u00eds de origen y la fecha de certificaci\u00f3n, entre otros datos a los cuales se puede acceder\u201d.<\/p>\n<p class=\"v1MsoNormal\" style=\"text-align: justify;\">El Director Regional tambi\u00e9n hizo un llamado a tener especial cuidado con la decoraci\u00f3n exterior de las viviendas, en especial, cuando se trata de guirnaldas que deben estar conectadas a la red el\u00e9ctrica. Para este tipo de luces o art\u00edculos que funcionan con electricidad, se debe verificar que tengan en su envase la informaci\u00f3n \u201cpara uso exterior\u201d.<\/p>\n<p class=\"v1MsoNormal\" style=\"text-align: justify;\">Adem\u00e1s, las autoridades regionales hicieron un llamado al ahorro energ\u00e9tico, recordando a la ciudadan\u00eda la importancia de apagar las guirnaldas que decoran sus casas cuando salgan del hogar o cuando se vayan a dormir. Con esta simple medida, estar\u00e1n ahorrando energ\u00eda y cuidando la vida \u00fatil de estos productos el\u00e9ctricos.<\/p>\n<p class=\"v1MsoNormal\" style=\"text-align: justify;\">Finalmente, desde la SEC hicieron un llamado a seguir la cuenta oficial de la SEC en Instagram (@sec_chile), donde la ciudadan\u00eda puede acceder a consejos de seguridad e informaci\u00f3n \u00fatil sobre el uso de los energ\u00e9ticos, la que se suma a los perfiles disponibles en Twitter (@SEC_cl) y Facebook, como Superintendencia SEC.<\/p>\n<\/div><\/section><\/div><div  style='height:50px' class='hr hr-invisible   avia-builder-el-6  el_after_av_one_full  el_before_av_social_share '><span class='hr-inner ' ><span class='hr-inner-style'><\/span><\/span><\/div><\/p>\n<div  class='av-social-sharing-box  avia-builder-el-7  el_after_av_hr  el_before_av_hr  '><div class='av-share-box'><h5 class='av-share-link-description av-no-toc '>Compartir esta noticia<\/h5><ul class='av-share-box-list noLightbox'><li class='av-share-link av-social-link-facebook' ><a target=\"_blank\" aria-label=\"Compartir en Facebook\" href='https:\/\/www.facebook.com\/sharer.php?u=https:\/\/radiorevelacionfm.cl\/?p=37736&#038;t=SEC%20Ays%C3%A9n%20y%20Seremi%20de%20Energ%C3%ADa%20reiteran%20llamado%20a%20comprar%20s%C3%B3lo%20luces%20navide%C3%B1as%20certificadas' aria-hidden='false' data-av_icon='\ue8f3' data-av_iconfont='entypo-fontello' title='' data-avia-related-tooltip='Compartir en Facebook' rel=\"noopener\"><span class='avia_hidden_link_text'>Compartir en Facebook<\/span><\/a><\/li><li class='av-share-link av-social-link-twitter' ><a target=\"_blank\" aria-label=\"Compartir en Twitter\" href='https:\/\/twitter.com\/share?text=SEC%20Ays%C3%A9n%20y%20Seremi%20de%20Energ%C3%ADa%20reiteran%20llamado%20a%20comprar%20s%C3%B3lo%20luces%20navide%C3%B1as%20certificadas&#038;url=https:\/\/radiorevelacionfm.cl\/?p=37736' aria-hidden='false' data-av_icon='\ue8f1' data-av_iconfont='entypo-fontello' title='' data-avia-related-tooltip='Compartir en Twitter' rel=\"noopener\"><span class='avia_hidden_link_text'>Compartir en Twitter<\/span><\/a><\/li><li class='av-share-link av-social-link-whatsapp' ><a target=\"_blank\" aria-label=\"Compartir en Whatsapp\" href='https:\/\/api.whatsapp.com\/send?text=https:\/\/radiorevelacionfm.cl\/?p=37736' aria-hidden='false' data-av_icon='\uf232' data-av_iconfont='entypo-fontello' title='' data-avia-related-tooltip='Compartir en Whatsapp' rel=\"noopener\"><span class='avia_hidden_link_text'>Compartir en Whatsapp<\/span><\/a><\/li><li class='av-share-link av-social-link-linkedin' ><a target=\"_blank\" aria-label=\"Compartir en LinkedIn\" href='https:\/\/linkedin.com\/shareArticle?mini=true&#038;title=SEC%20Ays%C3%A9n%20y%20Seremi%20de%20Energ%C3%ADa%20reiteran%20llamado%20a%20comprar%20s%C3%B3lo%20luces%20navide%C3%B1as%20certificadas&#038;url=https:\/\/radiorevelacionfm.cl\/?p=37736' aria-hidden='false' data-av_icon='\ue8fc' data-av_iconfont='entypo-fontello' title='' data-avia-related-tooltip='Compartir en LinkedIn' rel=\"noopener\"><span class='avia_hidden_link_text'>Compartir en LinkedIn<\/span><\/a><\/li><li class='av-share-link av-social-link-mail' ><a  aria-label=\"Compartir por correo\" href='mailto:?subject=SEC%20Ays%C3%A9n%20y%20Seremi%20de%20Energ%C3%ADa%20reiteran%20llamado%20a%20comprar%20s%C3%B3lo%20luces%20navide%C3%B1as%20certificadas&#038;body=https:\/\/radiorevelacionfm.cl\/?p=37736' aria-hidden='false' data-av_icon='\ue805' data-av_iconfont='entypo-fontello' title='' data-avia-related-tooltip='Compartir por correo'><span class='avia_hidden_link_text'>Compartir por correo<\/span><\/a><\/li><\/ul><\/div><\/div>\n<div  style='height:50px' class='hr hr-invisible   avia-builder-el-8  el_after_av_social_share  el_before_av_comments_list '><span class='hr-inner ' ><span class='hr-inner-style'><\/span><\/span><\/div>\n<div  class='av-buildercomment  av-blog-meta-html-info-disabled av-blog-meta-tag-disabled  '><\/div>\n","protected":false},"excerpt":{"rendered":"","protected":false},"author":1,"featured_media":37737,"comment_status":"open","ping_status":"open","sticky":false,"template":"","format":"standard","meta":{"footnotes":""},"categories":[38],"tags":[],"class_list":["post-37736","post","type-post","status-publish","format-standard","has-post-thumbnail","hentry","category-regional"],"jetpack_featured_media_url":"https:\/\/radiorevelacionfm.cl\/wp-content\/uploads\/2023\/12\/1-2023-12-05t165410_optimized.350-1.jpg","_links":{"self":[{"href":"https:\/\/radiorevelacionfm.cl\/index.php?rest_route=\/wp\/v2\/posts\/37736","targetHints":{"allow":["GET"]}}],"collection":[{"href":"https:\/\/radiorevelacionfm.cl\/index.php?rest_route=\/wp\/v2\/posts"}],"about":[{"href":"https:\/\/radiorevelacionfm.cl\/index.php?rest_route=\/wp\/v2\/types\/post"}],"author":[{"embeddable":true,"href":"https:\/\/radiorevelacionfm.cl\/index.php?rest_route=\/wp\/v2\/users\/1"}],"replies":[{"embeddable":true,"href":"https:\/\/radiorevelacionfm.cl\/index.php?rest_route=%2Fwp%2Fv2%2Fcomments&post=37736"}],"version-history":[{"count":1,"href":"https:\/\/radiorevelacionfm.cl\/index.php?rest_route=\/wp\/v2\/posts\/37736\/revisions"}],"predecessor-version":[{"id":37738,"href":"https:\/\/radiorevelacionfm.cl\/index.php?rest_route=\/wp\/v2\/posts\/37736\/revisions\/37738"}],"wp:featuredmedia":[{"embeddable":true,"href":"https:\/\/radiorevelacionfm.cl\/index.php?rest_route=\/wp\/v2\/media\/37737"}],"wp:attachment":[{"href":"https:\/\/radiorevelacionfm.cl\/index.php?rest_route=%2Fwp%2Fv2%2Fmedia&parent=37736"}],"wp:term":[{"taxonomy":"category","embeddable":true,"href":"https:\/\/radiorevelacionfm.cl\/index.php?rest_route=%2Fwp%2Fv2%2Fcategories&post=37736"},{"taxonomy":"post_tag","embeddable":true,"href":"https:\/\/radiorevelacionfm.cl\/index.php?rest_route=%2Fwp%2Fv2%2Ftags&post=37736"}],"curies":[{"name":"wp","href":"https:\/\/api.w.org\/{rel}","templated":true}]}}