{"id":37733,"date":"2023-12-05T15:55:36","date_gmt":"2023-12-05T18:55:36","guid":{"rendered":"https:\/\/radiorevelacionfm.cl\/?p=37733"},"modified":"2023-12-05T15:55:36","modified_gmt":"2023-12-05T18:55:36","slug":"vision-de-ciudad-adultos-mayores-y-dirigentes-de-jj-vv-conocieron-los-avances-de-la-imagen-objetivo-de-coyhaique","status":"publish","type":"post","link":"https:\/\/radiorevelacionfm.cl\/?p=37733","title":{"rendered":"Visi\u00f3n de Ciudad: Adultos mayores y dirigentes de JJ.VV conocieron los avances de la imagen objetivo de Coyhaique"},"content":{"rendered":"<div class=\"flex_column av_one_full  flex_column_div av-zero-column-padding first  avia-builder-el-0  el_before_av_one_full  avia-builder-el-first  \" style='border-radius:0px; '><div  class='avia-image-container  av-styling-    avia-builder-el-1  avia-builder-el-no-sibling  avia-align-center '  itemprop=\"image\" itemscope=\"itemscope\" itemtype=\"https:\/\/schema.org\/ImageObject\"  ><div class='avia-image-container-inner'><div class='avia-image-overlay-wrap'><img decoding=\"async\" class='wp-image-37734 avia-img-lazy-loading-not-37734 avia_image' src=\"https:\/\/radiorevelacionfm.cl\/wp-content\/uploads\/2023\/12\/Vision_de_Ciudad_Coyhaique-1-1.jpeg\" alt='' title='Visi\u00f3n_de_Ciudad_Coyhaique (1) (1)' height=\"600\" width=\"600\"  itemprop=\"thumbnailUrl\" srcset=\"https:\/\/radiorevelacionfm.cl\/wp-content\/uploads\/2023\/12\/Vision_de_Ciudad_Coyhaique-1-1.jpeg 600w, https:\/\/radiorevelacionfm.cl\/wp-content\/uploads\/2023\/12\/Vision_de_Ciudad_Coyhaique-1-1-300x300.jpeg 300w, https:\/\/radiorevelacionfm.cl\/wp-content\/uploads\/2023\/12\/Vision_de_Ciudad_Coyhaique-1-1-80x80.jpeg 80w, https:\/\/radiorevelacionfm.cl\/wp-content\/uploads\/2023\/12\/Vision_de_Ciudad_Coyhaique-1-1-36x36.jpeg 36w, https:\/\/radiorevelacionfm.cl\/wp-content\/uploads\/2023\/12\/Vision_de_Ciudad_Coyhaique-1-1-180x180.jpeg 180w, https:\/\/radiorevelacionfm.cl\/wp-content\/uploads\/2023\/12\/Vision_de_Ciudad_Coyhaique-1-1-120x120.jpeg 120w, https:\/\/radiorevelacionfm.cl\/wp-content\/uploads\/2023\/12\/Vision_de_Ciudad_Coyhaique-1-1-450x450.jpeg 450w, https:\/\/radiorevelacionfm.cl\/wp-content\/uploads\/2023\/12\/Vision_de_Ciudad_Coyhaique-1-1-100x100.jpeg 100w\" sizes=\"(max-width: 600px) 100vw, 600px\" \/><\/div><\/div><\/div><\/div><div class=\"flex_column av_one_full  flex_column_div av-zero-column-padding first  avia-builder-el-2  el_after_av_one_full  el_before_av_one_full  column-top-margin\" style='border-radius:0px; '><section class=\"av_textblock_section \"  itemscope=\"itemscope\" itemtype=\"https:\/\/schema.org\/BlogPosting\" itemprop=\"blogPost\" ><div class='avia_textblock  '   itemprop=\"text\" ><h2 class=\"title\" style=\"text-align: center;\"><span style=\"font-size: 18pt;\"><b>Visi\u00f3n de Ciudad: Adultos mayores y dirigentes de JJ.VV conocieron los avances de la imagen objetivo de Coyhaique<\/b><\/span><\/h2>\n<div id=\"gtx-trans\" style=\"position: absolute; left: -50px; top: 4.31534px;\">\n<div class=\"gtx-trans-icon\"><\/div>\n<\/div>\n<\/div><\/section><\/div><div class=\"flex_column av_one_full  flex_column_div av-zero-column-padding first  avia-builder-el-4  el_after_av_one_full  el_before_av_hr  column-top-margin\" style='border-radius:0px; '><section class=\"av_textblock_section \"  itemscope=\"itemscope\" itemtype=\"https:\/\/schema.org\/BlogPosting\" itemprop=\"blogPost\" ><div class='avia_textblock  '   itemprop=\"text\" ><p class=\"v1MsoNormal\" style=\"text-align: justify;\"><i>A un a\u00f1o de la firma del Acuerdo Ciudad, se presentaron los avances de las 40 iniciativas priorizadas que se definieron para la imagen objetivo de Coyhaique, de cara a su centenario.<\/i><\/p>\n<p class=\"v1MsoNormal\" style=\"text-align: justify;\">En el Centro Cultural de Coyhaique, se reunieron dirigentes de organizaciones del adulto mayor, convocados por la C\u00e1mara Chilena de la Construcci\u00f3n sede Coyhaique y el Municipio para de darles a conocer, en el contexto de una mateada, los avances de las 40 iniciativas que forman parte de la imagen objetivo para la ciudad, y tambi\u00e9n de los compromisos adquiridos entre diversos actores con la firma del Acuerdo Ciudad. De igual manera, una veintena de dirigentes de juntas de vecinos fueron parte de una jornada para abordar tambi\u00e9n estos avances.<\/p>\n<p class=\"v1MsoNormal\" style=\"text-align: justify;\">Tras las actividades, el arquitecto, socio de la C\u00e1mara Chilena de la Construcci\u00f3n sede Coyhaique e integrante de la mesa Visi\u00f3n de Ciudad, Pedro Staudt, manifest\u00f3 que \u00abhemos sostenido una jornada muy entretenida con los adultos mayores, una mateada, y tambi\u00e9n una importante con dirigentes de diversas juntas de vecinos, en las que les dimos a conocer el estado de avance de la iniciativa Visi\u00f3n de Ciudad, ya a un a\u00f1o de haber concluido su primera etapa\u00bb.<\/p>\n<p class=\"v1MsoNormal\" style=\"text-align: justify;\">\u00abNuestro llamado ha sido transversal a estos importantes actores de la comunidad y a todas las autoridades, que han sido parte de este Acuerdo de Ciudad, y es a continuar con el seguimiento de estas 40 iniciativas que dieron forma a la imagen objetivo para Coyhaique, para que todas las acciones que sigamos llevando a cabo, nos permitan ir d\u00e1ndole cumplimiento\u00bb, agreg\u00f3 Staudt.<\/p>\n<p class=\"v1MsoNormal\" style=\"text-align: justify;\">En tanto, V\u00edctor Soto, presidente del Consejo de Mayores, expres\u00f3 que \u00abme he sentido gratamente en esta reuni\u00f3n que ha sido muy especial, por su enfoque y porque la informaci\u00f3n que se nos ha entregado ha sido en base a los avances de los distintos proyectos y desaf\u00edos que fueron aprobados en esta gran mesa de trabajo. Esta ciudad que queremos, es aquella, que no s\u00f3lo merecemos, sino que tambi\u00e9n queremos construir juntos, por ello, invitamos tambi\u00e9n a la gente a co-construir una ciudad m\u00e1s humana, cuidarla y participar de todas estas instancias, dado que la ciudad no la construye s\u00f3lo la autoridad, sino que tambi\u00e9n quienes caminamos en ella\u00bb.<\/p>\n<p class=\"v1MsoNormal\" style=\"text-align: justify;\">Por su parte, el alcalde de Coyhaique, Carlos Gatica, enfatiz\u00f3 que \u00abestos encuentros tanto con adultos mayores como con presidentes de juntas de vecinos han sido muy relevantes, dado que tambi\u00e9n han sido una instancia para nosotros informar de lo que se ha ido logrando respecto de los compromisos que como municipios hemos asumido de este trabajo realizado en conjunto con la C\u00e1mara Chilena de la Construcci\u00f3n y la Corporaci\u00f3n Ciudades, que con participaci\u00f3n ciudadana, nos permitieron construir una imagen objetivo para nuestra ciudad, sobre la que seguiremos avanzando a fin de mejorar la calidad de vida de todos nuestros vecinos y vecinas\u00bb.<\/p>\n<p class=\"v1MsoNormal\" style=\"text-align: justify;\">Respecto del seguimiento a las 40 iniciativas que forman parte de la imagen objetivo de Coyhaique, s\u00f3lo 10 iniciativas han presentado alg\u00fan nivel de avance durante el a\u00f1o 2023, lo que equivale a un 25% del total.<\/p>\n<\/div><\/section><\/div><div  style='height:50px' class='hr hr-invisible   avia-builder-el-6  el_after_av_one_full  el_before_av_social_share '><span class='hr-inner ' ><span class='hr-inner-style'><\/span><\/span><\/div><\/p>\n<div  class='av-social-sharing-box  avia-builder-el-7  el_after_av_hr  el_before_av_hr  '><div class='av-share-box'><h5 class='av-share-link-description av-no-toc '>Compartir esta noticia<\/h5><ul class='av-share-box-list noLightbox'><li class='av-share-link av-social-link-facebook' ><a target=\"_blank\" aria-label=\"Compartir en Facebook\" href='https:\/\/www.facebook.com\/sharer.php?u=https:\/\/radiorevelacionfm.cl\/?p=37733&#038;t=Visi%C3%B3n%20de%20Ciudad%3A%20Adultos%20mayores%20y%20dirigentes%20de%20JJ.VV%20conocieron%20los%20avances%20de%20la%20imagen%20objetivo%20de%20Coyhaique' aria-hidden='false' data-av_icon='\ue8f3' data-av_iconfont='entypo-fontello' title='' data-avia-related-tooltip='Compartir en Facebook' rel=\"noopener\"><span class='avia_hidden_link_text'>Compartir en Facebook<\/span><\/a><\/li><li class='av-share-link av-social-link-twitter' ><a target=\"_blank\" aria-label=\"Compartir en Twitter\" href='https:\/\/twitter.com\/share?text=Visi%C3%B3n%20de%20Ciudad%3A%20Adultos%20mayores%20y%20dirigentes%20de%20JJ.VV%20conocieron%20los%20avances%20de%20la%20imagen%20objetivo%20de%20Coyhaique&#038;url=https:\/\/radiorevelacionfm.cl\/?p=37733' aria-hidden='false' data-av_icon='\ue8f1' data-av_iconfont='entypo-fontello' title='' data-avia-related-tooltip='Compartir en Twitter' rel=\"noopener\"><span class='avia_hidden_link_text'>Compartir en Twitter<\/span><\/a><\/li><li class='av-share-link av-social-link-whatsapp' ><a target=\"_blank\" aria-label=\"Compartir en Whatsapp\" href='https:\/\/api.whatsapp.com\/send?text=https:\/\/radiorevelacionfm.cl\/?p=37733' aria-hidden='false' data-av_icon='\uf232' data-av_iconfont='entypo-fontello' title='' data-avia-related-tooltip='Compartir en Whatsapp' rel=\"noopener\"><span class='avia_hidden_link_text'>Compartir en Whatsapp<\/span><\/a><\/li><li class='av-share-link av-social-link-linkedin' ><a target=\"_blank\" aria-label=\"Compartir en LinkedIn\" href='https:\/\/linkedin.com\/shareArticle?mini=true&#038;title=Visi%C3%B3n%20de%20Ciudad%3A%20Adultos%20mayores%20y%20dirigentes%20de%20JJ.VV%20conocieron%20los%20avances%20de%20la%20imagen%20objetivo%20de%20Coyhaique&#038;url=https:\/\/radiorevelacionfm.cl\/?p=37733' aria-hidden='false' data-av_icon='\ue8fc' data-av_iconfont='entypo-fontello' title='' data-avia-related-tooltip='Compartir en LinkedIn' rel=\"noopener\"><span class='avia_hidden_link_text'>Compartir en LinkedIn<\/span><\/a><\/li><li class='av-share-link av-social-link-mail' ><a  aria-label=\"Compartir por correo\" href='mailto:?subject=Visi%C3%B3n%20de%20Ciudad%3A%20Adultos%20mayores%20y%20dirigentes%20de%20JJ.VV%20conocieron%20los%20avances%20de%20la%20imagen%20objetivo%20de%20Coyhaique&#038;body=https:\/\/radiorevelacionfm.cl\/?p=37733' aria-hidden='false' data-av_icon='\ue805' data-av_iconfont='entypo-fontello' title='' data-avia-related-tooltip='Compartir por correo'><span class='avia_hidden_link_text'>Compartir por correo<\/span><\/a><\/li><\/ul><\/div><\/div>\n<div  style='height:50px' class='hr hr-invisible   avia-builder-el-8  el_after_av_social_share  el_before_av_comments_list '><span class='hr-inner ' ><span class='hr-inner-style'><\/span><\/span><\/div>\n<div  class='av-buildercomment  av-blog-meta-html-info-disabled av-blog-meta-tag-disabled  '><\/div>\n","protected":false},"excerpt":{"rendered":"","protected":false},"author":1,"featured_media":37734,"comment_status":"open","ping_status":"open","sticky":false,"template":"","format":"standard","meta":{"footnotes":""},"categories":[38],"tags":[],"class_list":["post-37733","post","type-post","status-publish","format-standard","has-post-thumbnail","hentry","category-regional"],"jetpack_featured_media_url":"https:\/\/radiorevelacionfm.cl\/wp-content\/uploads\/2023\/12\/Vision_de_Ciudad_Coyhaique-1-1.jpeg","_links":{"self":[{"href":"https:\/\/radiorevelacionfm.cl\/index.php?rest_route=\/wp\/v2\/posts\/37733","targetHints":{"allow":["GET"]}}],"collection":[{"href":"https:\/\/radiorevelacionfm.cl\/index.php?rest_route=\/wp\/v2\/posts"}],"about":[{"href":"https:\/\/radiorevelacionfm.cl\/index.php?rest_route=\/wp\/v2\/types\/post"}],"author":[{"embeddable":true,"href":"https:\/\/radiorevelacionfm.cl\/index.php?rest_route=\/wp\/v2\/users\/1"}],"replies":[{"embeddable":true,"href":"https:\/\/radiorevelacionfm.cl\/index.php?rest_route=%2Fwp%2Fv2%2Fcomments&post=37733"}],"version-history":[{"count":1,"href":"https:\/\/radiorevelacionfm.cl\/index.php?rest_route=\/wp\/v2\/posts\/37733\/revisions"}],"predecessor-version":[{"id":37735,"href":"https:\/\/radiorevelacionfm.cl\/index.php?rest_route=\/wp\/v2\/posts\/37733\/revisions\/37735"}],"wp:featuredmedia":[{"embeddable":true,"href":"https:\/\/radiorevelacionfm.cl\/index.php?rest_route=\/wp\/v2\/media\/37734"}],"wp:attachment":[{"href":"https:\/\/radiorevelacionfm.cl\/index.php?rest_route=%2Fwp%2Fv2%2Fmedia&parent=37733"}],"wp:term":[{"taxonomy":"category","embeddable":true,"href":"https:\/\/radiorevelacionfm.cl\/index.php?rest_route=%2Fwp%2Fv2%2Fcategories&post=37733"},{"taxonomy":"post_tag","embeddable":true,"href":"https:\/\/radiorevelacionfm.cl\/index.php?rest_route=%2Fwp%2Fv2%2Ftags&post=37733"}],"curies":[{"name":"wp","href":"https:\/\/api.w.org\/{rel}","templated":true}]}}