{"id":37730,"date":"2023-12-05T20:37:21","date_gmt":"2023-12-05T23:37:21","guid":{"rendered":"https:\/\/radiorevelacionfm.cl\/?p=37730"},"modified":"2023-12-05T20:37:21","modified_gmt":"2023-12-05T23:37:21","slug":"comunidad-cultural-de-aysen-cierra-un-reactivado-2023-en-melinka","status":"publish","type":"post","link":"https:\/\/radiorevelacionfm.cl\/?p=37730","title":{"rendered":"Comunidad cultural de Ays\u00e9n cierra un reactivado 2023 en Melinka"},"content":{"rendered":"<div class=\"flex_column av_one_full  flex_column_div av-zero-column-padding first  avia-builder-el-0  el_before_av_one_full  avia-builder-el-first  \" style='border-radius:0px; '><div  class='avia-image-container  av-styling-    avia-builder-el-1  avia-builder-el-no-sibling  avia-align-center '  itemprop=\"image\" itemscope=\"itemscope\" itemtype=\"https:\/\/schema.org\/ImageObject\"  ><div class='avia-image-container-inner'><div class='avia-image-overlay-wrap'><img decoding=\"async\" class='wp-image-37731 avia-img-lazy-loading-not-37731 avia_image' src=\"https:\/\/radiorevelacionfm.cl\/wp-content\/uploads\/2023\/12\/melinka3-1-1-1.jpg\" alt='' title='melinka3 (1) (1) (1)' height=\"600\" width=\"800\"  itemprop=\"thumbnailUrl\" srcset=\"https:\/\/radiorevelacionfm.cl\/wp-content\/uploads\/2023\/12\/melinka3-1-1-1.jpg 800w, https:\/\/radiorevelacionfm.cl\/wp-content\/uploads\/2023\/12\/melinka3-1-1-1-300x225.jpg 300w, https:\/\/radiorevelacionfm.cl\/wp-content\/uploads\/2023\/12\/melinka3-1-1-1-768x576.jpg 768w, https:\/\/radiorevelacionfm.cl\/wp-content\/uploads\/2023\/12\/melinka3-1-1-1-705x529.jpg 705w, https:\/\/radiorevelacionfm.cl\/wp-content\/uploads\/2023\/12\/melinka3-1-1-1-450x338.jpg 450w, https:\/\/radiorevelacionfm.cl\/wp-content\/uploads\/2023\/12\/melinka3-1-1-1-600x450.jpg 600w\" sizes=\"(max-width: 800px) 100vw, 800px\" \/><\/div><\/div><\/div><\/div><div class=\"flex_column av_one_full  flex_column_div av-zero-column-padding first  avia-builder-el-2  el_after_av_one_full  el_before_av_one_full  column-top-margin\" style='border-radius:0px; '><section class=\"av_textblock_section \"  itemscope=\"itemscope\" itemtype=\"https:\/\/schema.org\/BlogPosting\" itemprop=\"blogPost\" ><div class='avia_textblock  '   itemprop=\"text\" ><h2 class=\"title\" style=\"text-align: center;\"><span style=\"font-size: 18pt;\"><b>Comunidad cultural de Ays\u00e9n cierra un reactivado 2023 en Melinka<\/b><\/span><\/h2>\n<div id=\"gtx-trans\" style=\"position: absolute; left: -50px; top: 4.31534px;\">\n<div class=\"gtx-trans-icon\"><\/div>\n<\/div>\n<\/div><\/section><\/div><div class=\"flex_column av_one_full  flex_column_div av-zero-column-padding first  avia-builder-el-4  el_after_av_one_full  el_before_av_hr  column-top-margin\" style='border-radius:0px; '><section class=\"av_textblock_section \"  itemscope=\"itemscope\" itemtype=\"https:\/\/schema.org\/BlogPosting\" itemprop=\"blogPost\" ><div class='avia_textblock  '   itemprop=\"text\" ><p style=\"text-align: justify;\">Cerca de 40 agentes culturales de las m\u00e1s diversas \u00e1reas, provenientes de 9 comunas de la Regi\u00f3n de Ays\u00e9n, se reunieron durante tres d\u00edas en el archipi\u00e9lago de las Guaitecas, para participar en el Encuentro Regional con Identidad, organizado por la Secretar\u00eda Regional Ministerial de las Culturas, las Artes y el Patrimonio.<\/p>\n<p style=\"text-align: justify;\">Encargados municipales de cultura, gestores culturales, representantes de espacios dedicados a la gesti\u00f3n, creaci\u00f3n y promoci\u00f3n de actividades culturales, adem\u00e1s de creadores de diversas disciplinas compartieron tres jornadas de trabajo en que se resumi\u00f3 los alcances que ha tenido la articulaci\u00f3n regional de los actores culturales.<\/p>\n<p style=\"text-align: justify;\">El encuentro, organizado por los programas de fortalecimiento de la identidad cultural regional y Red cultura del ministerio de las culturas, cont\u00f3 con la presencia del Seremi de los CULTURAS Ays\u00e9n, Felipe Quiroz y la encargada nacional de red cultura, M\u00f3nica Salinas.<\/p>\n<p style=\"text-align: justify;\">Para el Seremi Felipe Quiroz, \u00abse trata de un momento muy especial porque agrupa el trabajo de todos los territorios; cruzamos las miradas desde todos los puntos cardinales de nuestra regi\u00f3n. Juntos aplicamos herramientas y encontramos soluciones a lo que nos convoca, que es entregar mejores instrumentos a las comunidades creativas y culturales y acompa\u00f1ar los procesos que rescatan la identidad de los territorios. Nos hemos desplegado con nuestro equipo de Ciudadan\u00eda Cultural para participar en terreno de este cierre de a\u00f1o en que por fin hemos podido reactivar el sector cultural y retomar el trabajo que se hab\u00eda visto mermado principalmente por la pandemia, como nos instruy\u00f3 el presidente Gabriel Boric\u201d.<\/p>\n<p style=\"text-align: justify;\">La corporaci\u00f3n cultural Arte y Vida de Coelemu, Regi\u00f3n de \u00d1uble, acompa\u00f1\u00f3 el proceso de elaboraci\u00f3n de los planes de gesti\u00f3n de las comunas participantes. Adem\u00e1s, el escultor tortelino Augusto Hern\u00e1ndez cerr\u00f3 su microrresidencia art\u00edstica con una pieza de madera de un buzo escafandra.<\/p>\n<p style=\"text-align: justify;\">Para Daniel Rojas, encargado de Cultura de la Municipalidad de O\u2019Higgins, el balance es \u201csuperpositivo,\u00a0lo que m\u00e1s rescato es el compartir, hacer este vinculo con los dem\u00e1s agentes culturales de todas las comunas. Todos juntos viajamos desde Coyhaique, harta gente joven. Al final, pensando lo proyectos similares y algunos en conjunto para desarrollarlos el 2024\u201d. Daniel rescata que lo m\u00e1s importante es la enorme cantidad de contactos que se lleva al rinc\u00f3n m\u00e1s austral de la regi\u00f3n.<\/p>\n<p style=\"text-align: justify;\">El Encuentro Regional con Identidad culmin\u00f3 con un pasacalle con una marioneta gigante que recorri\u00f3 parte de Merlinka, adem\u00e1s de presentaciones musicales a cargo del Grupo Renacer,\u00a0el D\u00fao Quediman Remolcoy, el Grupo Folcl\u00f3rico Municipal y el Grupo de Baile de la Escuela B\u00e1sica de Repollal de la comuna de Guaitecas; y Danilo Cruces y Rolando Form\u00f3n como invitados de otras comunas. Adem\u00e1s, se lanzaron localmente las publicaciones Herencia de Mar\u00eda Jos\u00e9 Guevara y La Tragedia Obrera de Bajo Pisagua de Mauricio Osorio.<\/p>\n<\/div><\/section><\/div><div  style='height:50px' class='hr hr-invisible   avia-builder-el-6  el_after_av_one_full  el_before_av_social_share '><span class='hr-inner ' ><span class='hr-inner-style'><\/span><\/span><\/div><\/p>\n<div  class='av-social-sharing-box  avia-builder-el-7  el_after_av_hr  el_before_av_hr  '><div class='av-share-box'><h5 class='av-share-link-description av-no-toc '>Compartir esta noticia<\/h5><ul class='av-share-box-list noLightbox'><li class='av-share-link av-social-link-facebook' ><a target=\"_blank\" aria-label=\"Compartir en Facebook\" href='https:\/\/www.facebook.com\/sharer.php?u=https:\/\/radiorevelacionfm.cl\/?p=37730&#038;t=Comunidad%20cultural%20de%20Ays%C3%A9n%20cierra%20un%20reactivado%202023%20en%20Melinka' aria-hidden='false' data-av_icon='\ue8f3' data-av_iconfont='entypo-fontello' title='' data-avia-related-tooltip='Compartir en Facebook' rel=\"noopener\"><span class='avia_hidden_link_text'>Compartir en Facebook<\/span><\/a><\/li><li class='av-share-link av-social-link-twitter' ><a target=\"_blank\" aria-label=\"Compartir en Twitter\" href='https:\/\/twitter.com\/share?text=Comunidad%20cultural%20de%20Ays%C3%A9n%20cierra%20un%20reactivado%202023%20en%20Melinka&#038;url=https:\/\/radiorevelacionfm.cl\/?p=37730' aria-hidden='false' data-av_icon='\ue8f1' data-av_iconfont='entypo-fontello' title='' data-avia-related-tooltip='Compartir en Twitter' rel=\"noopener\"><span class='avia_hidden_link_text'>Compartir en Twitter<\/span><\/a><\/li><li class='av-share-link av-social-link-whatsapp' ><a target=\"_blank\" aria-label=\"Compartir en Whatsapp\" href='https:\/\/api.whatsapp.com\/send?text=https:\/\/radiorevelacionfm.cl\/?p=37730' aria-hidden='false' data-av_icon='\uf232' data-av_iconfont='entypo-fontello' title='' data-avia-related-tooltip='Compartir en Whatsapp' rel=\"noopener\"><span class='avia_hidden_link_text'>Compartir en Whatsapp<\/span><\/a><\/li><li class='av-share-link av-social-link-linkedin' ><a target=\"_blank\" aria-label=\"Compartir en LinkedIn\" href='https:\/\/linkedin.com\/shareArticle?mini=true&#038;title=Comunidad%20cultural%20de%20Ays%C3%A9n%20cierra%20un%20reactivado%202023%20en%20Melinka&#038;url=https:\/\/radiorevelacionfm.cl\/?p=37730' aria-hidden='false' data-av_icon='\ue8fc' data-av_iconfont='entypo-fontello' title='' data-avia-related-tooltip='Compartir en LinkedIn' rel=\"noopener\"><span class='avia_hidden_link_text'>Compartir en LinkedIn<\/span><\/a><\/li><li class='av-share-link av-social-link-mail' ><a  aria-label=\"Compartir por correo\" href='mailto:?subject=Comunidad%20cultural%20de%20Ays%C3%A9n%20cierra%20un%20reactivado%202023%20en%20Melinka&#038;body=https:\/\/radiorevelacionfm.cl\/?p=37730' aria-hidden='false' data-av_icon='\ue805' data-av_iconfont='entypo-fontello' title='' data-avia-related-tooltip='Compartir por correo'><span class='avia_hidden_link_text'>Compartir por correo<\/span><\/a><\/li><\/ul><\/div><\/div>\n<div  style='height:50px' class='hr hr-invisible   avia-builder-el-8  el_after_av_social_share  el_before_av_comments_list '><span class='hr-inner ' ><span class='hr-inner-style'><\/span><\/span><\/div>\n<div  class='av-buildercomment  av-blog-meta-html-info-disabled av-blog-meta-tag-disabled  '><\/div>\n","protected":false},"excerpt":{"rendered":"","protected":false},"author":1,"featured_media":37731,"comment_status":"open","ping_status":"open","sticky":false,"template":"","format":"standard","meta":{"footnotes":""},"categories":[38],"tags":[],"class_list":["post-37730","post","type-post","status-publish","format-standard","has-post-thumbnail","hentry","category-regional"],"jetpack_featured_media_url":"https:\/\/radiorevelacionfm.cl\/wp-content\/uploads\/2023\/12\/melinka3-1-1-1.jpg","_links":{"self":[{"href":"https:\/\/radiorevelacionfm.cl\/index.php?rest_route=\/wp\/v2\/posts\/37730","targetHints":{"allow":["GET"]}}],"collection":[{"href":"https:\/\/radiorevelacionfm.cl\/index.php?rest_route=\/wp\/v2\/posts"}],"about":[{"href":"https:\/\/radiorevelacionfm.cl\/index.php?rest_route=\/wp\/v2\/types\/post"}],"author":[{"embeddable":true,"href":"https:\/\/radiorevelacionfm.cl\/index.php?rest_route=\/wp\/v2\/users\/1"}],"replies":[{"embeddable":true,"href":"https:\/\/radiorevelacionfm.cl\/index.php?rest_route=%2Fwp%2Fv2%2Fcomments&post=37730"}],"version-history":[{"count":1,"href":"https:\/\/radiorevelacionfm.cl\/index.php?rest_route=\/wp\/v2\/posts\/37730\/revisions"}],"predecessor-version":[{"id":37732,"href":"https:\/\/radiorevelacionfm.cl\/index.php?rest_route=\/wp\/v2\/posts\/37730\/revisions\/37732"}],"wp:featuredmedia":[{"embeddable":true,"href":"https:\/\/radiorevelacionfm.cl\/index.php?rest_route=\/wp\/v2\/media\/37731"}],"wp:attachment":[{"href":"https:\/\/radiorevelacionfm.cl\/index.php?rest_route=%2Fwp%2Fv2%2Fmedia&parent=37730"}],"wp:term":[{"taxonomy":"category","embeddable":true,"href":"https:\/\/radiorevelacionfm.cl\/index.php?rest_route=%2Fwp%2Fv2%2Fcategories&post=37730"},{"taxonomy":"post_tag","embeddable":true,"href":"https:\/\/radiorevelacionfm.cl\/index.php?rest_route=%2Fwp%2Fv2%2Ftags&post=37730"}],"curies":[{"name":"wp","href":"https:\/\/api.w.org\/{rel}","templated":true}]}}