{"id":3771,"date":"2021-05-04T11:18:01","date_gmt":"2021-05-04T14:18:01","guid":{"rendered":"https:\/\/radiorevelacionfm.cl\/?p=3771"},"modified":"2021-05-04T11:18:01","modified_gmt":"2021-05-04T14:18:01","slug":"juanita-ringeling-protagoniza-video-de-peticion-change-org-que-exige-evaluacion-ambiental-de-central-los-maquis","status":"publish","type":"post","link":"https:\/\/radiorevelacionfm.cl\/?p=3771","title":{"rendered":"Juanita Ringeling protagoniza video de petici\u00f3n Change.org que exige evaluaci\u00f3n ambiental de central Los Maquis"},"content":{"rendered":"<div class=\"flex_column av_one_full  flex_column_div av-zero-column-padding first  avia-builder-el-0  el_before_av_one_full  avia-builder-el-first  \" style='border-radius:0px; '><div  class='avia-image-container  av-styling-    avia-builder-el-1  avia-builder-el-no-sibling  avia-align-center '  itemprop=\"image\" itemscope=\"itemscope\" itemtype=\"https:\/\/schema.org\/ImageObject\"  ><div class='avia-image-container-inner'><div class='avia-image-overlay-wrap'><img decoding=\"async\" class='wp-image-0 avia-img-lazy-loading-not-0 avia_image' src=\"https:\/\/radiorevelacionfm.cl\/wp-content\/uploads\/2021\/05\/image-25-1_optimized.png\" alt='' title=''   itemprop=\"thumbnailUrl\"  \/><\/div><\/div><\/div><\/div>\n<div class=\"flex_column av_one_full  flex_column_div av-zero-column-padding first  avia-builder-el-2  el_after_av_one_full  el_before_av_one_full  column-top-margin\" style='border-radius:0px; '><section class=\"av_textblock_section \"  itemscope=\"itemscope\" itemtype=\"https:\/\/schema.org\/BlogPosting\" itemprop=\"blogPost\" ><div class='avia_textblock  '   itemprop=\"text\" ><p style=\"text-align: center;\"><span style=\"font-size: 18pt;\"><b><span lang=\"ES\">Juanita Ringeling protagoniza video de petici\u00f3n Change.org que exige evaluaci\u00f3n ambiental de central Los Maquis<\/span><\/b><\/span><\/p>\n<div id=\"gtx-trans\" style=\"position: absolute; left: -50px; top: 4.31534px;\">\n<div class=\"gtx-trans-icon\"><\/div>\n<\/div>\n<\/div><\/section><\/div>\n<div class=\"flex_column av_one_full  flex_column_div av-zero-column-padding first  avia-builder-el-4  el_after_av_one_full  el_before_av_hr  column-top-margin\" style='border-radius:0px; '><section class=\"av_textblock_section \"  itemscope=\"itemscope\" itemtype=\"https:\/\/schema.org\/BlogPosting\" itemprop=\"blogPost\" ><div class='avia_textblock  '   itemprop=\"text\" ><p class=\"v1gmail-MsoListParagraphCxSpFirst\" style=\"text-align: justify;\"><span lang=\"ES\">En las im\u00e1genes se muestra el camino que construy\u00f3 Edelays\u00e9n, junto los trabajos a escasos metros de los pozones y cascadas, hacia las cuales caen rodados de las faenas. Esto, en circunstancias que la empresa originalmente inform\u00f3 que \u00abla maquinaria solo trabajar\u00e1 en la zona cercana de la Casa de M\u00e1quinas y aguas abajo de la casa de m\u00e1quinas (canal restituci\u00f3n), a m\u00e1s de 200 m de la cascada y pozones\u00bb.<\/span><\/p>\n<p class=\"v1gmail-MsoListParagraphCxSpLast\" style=\"text-align: justify;\"><span lang=\"ES\">Fue gracias a esta informaci\u00f3n de la el\u00e9ctrica que la autoridad ambiental autoriz\u00f3 construir la hidroel\u00e9ctrica sin someterla al Sistema de Evaluaci\u00f3n de Impacto Ambiental, obviando as\u00ed la participaci\u00f3n ciudadana.<\/span><\/p>\n<p class=\"v1MsoNormal\" style=\"text-align: justify;\"><span lang=\"ES\">M\u00e1s de 16 mil personas han suscrito ya la petici\u00f3n \u00ab<a href=\"https:\/\/www.change.org\/p\/carolaschmidtz-detener-destrucci%C3%B3n-de-cascada-los-maquis-por-edelays%C3%A9n-en-la-patagonia\" target=\"_blank\" rel=\"noopener noreferrer\">Detener destrucci\u00f3n de cascada Los Maquis por Edelays\u00e9n, en la Patagonia<\/a>\u00ab, que lanzara hace dos semanas la red Los Maquis Libres que re\u00fane a vecinos y vecinas de Puerto Guadal que buscan que el proyecto de la el\u00e9ctrica de capitales canadienses se someta a evaluaci\u00f3n de impacto ambiental, con participaci\u00f3n ciudadana.<\/span><\/p>\n<p class=\"v1MsoNormal\" style=\"text-align: justify;\"><span lang=\"ES\">Mediante un video se consigna c\u00f3mo la empresa entreg\u00f3 informaci\u00f3n enga\u00f1osa al Servicio de Evaluaci\u00f3n Ambiental (SEA) con el fin de eludir el sistema.\u00a0\u00a0El registro, que inicia con un trabajador de la empresa lanzando piedras al dron que graba las faenas, muestra a la conocida actriz Juanita Ringeling leyendo un p\u00e1rrafo: \u00abDebido al dif\u00edcil acceso y topograf\u00eda del lugar, la maquinaria solo trabajar\u00e1 en la zona cercana de la casa de m\u00e1quinas y aguas abajo de la casa de m\u00e1quinas (canal restituci\u00f3n), a m\u00e1s de 200 metros de la cascada y pozones\u00bb. Este texto forma parte de la consulta con la cual Edelays\u00e9n requiri\u00f3 al SEA pronunciarse sobre la pertinencia de someterse o no a evaluaci\u00f3n ambiental, al interior de un \u00e1rea bajo protecci\u00f3n oficial como es la Zona de Inter\u00e9s Tur\u00edstico Chelenko.<\/span><\/p>\n<p class=\"v1MsoNormal\" style=\"text-align: justify;\"><span lang=\"ES\">Contrariamente a lo afirmado el registro revela c\u00f3mo las faenas, que incluyen rodados de piedras que se depositan en los pozones y el r\u00edo, se desarrollan a escasos metros de los cursos de agua e incluyen la construcci\u00f3n no informada de un camino hacia el sector alto de la cascada, lo cual fue omitido en la consulta original al SEA que les permiti\u00f3 no someterse a evaluaci\u00f3n ambiental.<\/span><\/p>\n<p class=\"v1MsoNormal\" style=\"text-align: justify;\"><span lang=\"ES\">La petici\u00f3n virtual informa sobre diversos impactos en el entorno natural que ya ha generado la construcci\u00f3n, llamando a que \u00abel proyecto sea evaluado ambientalmente, con participaci\u00f3n ciudadana de la comunidad\u00bb.\u00a0<\/span><\/p>\n<p class=\"v1MsoNormal\" style=\"text-align: justify;\"><span lang=\"ES\">Al\u00a0<a href=\"https:\/\/www.change.org\/p\/carolaschmidtz-detener-destrucci%C3%B3n-de-cascada-los-maquis-por-edelays%C3%A9n-en-la-patagonia\" target=\"_blank\" rel=\"noopener noreferrer\">firmarla<\/a>, se env\u00eda un mensaje por redes sociales a la ministra del Medio Ambiente Carolina Schmidt Zald\u00edvar.<\/span><\/p>\n<p class=\"v1MsoNormal\" style=\"text-align: justify;\"><span lang=\"ES\">Esta acci\u00f3n p\u00fablica se suma a las presentaciones que m\u00e1s de medio centenar de vecinos y vecinas de Puerto Guadal llevan adelante ante el Tribunal Ambiental de Valdivia y la Corte Suprema.<\/span><\/p>\n<p class=\"v1MsoNormal\" style=\"text-align: justify;\"><span lang=\"ES\">Tambi\u00e9n, a las publicaciones en distintas redes sociales, como Instagram donde el mismo\u00a0<a href=\"https:\/\/www.instagram.com\/p\/CNYlwC_n0P3\/\" target=\"_blank\" rel=\"noopener noreferrer\">video de denuncia<\/a> ya ha sido visto por m\u00e1s de 450 mil personas.<\/span><\/p>\n<p class=\"v1MsoNormal\" style=\"text-align: justify;\"><b><span lang=\"ES\">Revisa el video:<\/span><\/b><\/p>\n<p class=\"v1MsoNormal\" style=\"text-align: justify;\"><span lang=\"ES\"><a href=\"https:\/\/www.youtube.com\/watch?v=SHCAhLEASrA&amp;feature=emb_imp_woyt\" target=\"_blank\" rel=\"noopener noreferrer\">https:\/\/www.youtube.com\/watch?v=SHCAhLEASrA&amp;feature=emb_imp_woyt<\/a><\/span><\/p>\n<p class=\"v1MsoNormal\" style=\"text-align: justify;\"><b><span lang=\"ES\">Para Firmar la petici\u00f3n pincha aqu\u00ed:<\/span><\/b><\/p>\n<p class=\"v1MsoNormal\" style=\"text-align: justify;\"><span lang=\"ES\"><a href=\"https:\/\/www.change.org\/p\/carolaschmidtz-detener-destrucci%C3%B3n-de-cascada-los-maquis-por-edelays%C3%A9n-en-la-patagonia\" target=\"_blank\" rel=\"noopener noreferrer\">https:\/\/www.change.org\/p\/carolaschmidtz-detener-destrucci\u00f3n-de-cascada-los-maquis-por-edelays\u00e9n-en-la-patagonia<\/a><\/span><\/p>\n<\/div><\/section><\/div><div  style='height:50px' class='hr hr-invisible   avia-builder-el-6  el_after_av_one_full  el_before_av_social_share '><span class='hr-inner ' ><span class='hr-inner-style'><\/span><\/span><\/div><\/p>\n<div  class='av-social-sharing-box  avia-builder-el-7  el_after_av_hr  el_before_av_hr  '><div class='av-share-box'><h5 class='av-share-link-description av-no-toc '>Compartir esta noticia<\/h5><ul class='av-share-box-list noLightbox'><li class='av-share-link av-social-link-facebook' ><a target=\"_blank\" aria-label=\"Compartir en Facebook\" href='https:\/\/www.facebook.com\/sharer.php?u=https:\/\/radiorevelacionfm.cl\/?p=3771&#038;t=Juanita%20Ringeling%20protagoniza%20video%20de%20petici%C3%B3n%20Change.org%20que%20exige%20evaluaci%C3%B3n%20ambiental%20de%20central%20Los%20Maquis' aria-hidden='false' data-av_icon='\ue8f3' data-av_iconfont='entypo-fontello' title='' data-avia-related-tooltip='Compartir en Facebook' rel=\"noopener\"><span class='avia_hidden_link_text'>Compartir en Facebook<\/span><\/a><\/li><li class='av-share-link av-social-link-twitter' ><a target=\"_blank\" aria-label=\"Compartir en Twitter\" href='https:\/\/twitter.com\/share?text=Juanita%20Ringeling%20protagoniza%20video%20de%20petici%C3%B3n%20Change.org%20que%20exige%20evaluaci%C3%B3n%20ambiental%20de%20central%20Los%20Maquis&#038;url=https:\/\/radiorevelacionfm.cl\/?p=3771' aria-hidden='false' data-av_icon='\ue8f1' data-av_iconfont='entypo-fontello' title='' data-avia-related-tooltip='Compartir en Twitter' rel=\"noopener\"><span class='avia_hidden_link_text'>Compartir en Twitter<\/span><\/a><\/li><li class='av-share-link av-social-link-whatsapp' ><a target=\"_blank\" aria-label=\"Compartir en Whatsapp\" href='https:\/\/api.whatsapp.com\/send?text=https:\/\/radiorevelacionfm.cl\/?p=3771' aria-hidden='false' data-av_icon='\uf232' data-av_iconfont='entypo-fontello' title='' data-avia-related-tooltip='Compartir en Whatsapp' rel=\"noopener\"><span class='avia_hidden_link_text'>Compartir en Whatsapp<\/span><\/a><\/li><li class='av-share-link av-social-link-linkedin' ><a target=\"_blank\" aria-label=\"Compartir en LinkedIn\" href='https:\/\/linkedin.com\/shareArticle?mini=true&#038;title=Juanita%20Ringeling%20protagoniza%20video%20de%20petici%C3%B3n%20Change.org%20que%20exige%20evaluaci%C3%B3n%20ambiental%20de%20central%20Los%20Maquis&#038;url=https:\/\/radiorevelacionfm.cl\/?p=3771' aria-hidden='false' data-av_icon='\ue8fc' data-av_iconfont='entypo-fontello' title='' data-avia-related-tooltip='Compartir en LinkedIn' rel=\"noopener\"><span class='avia_hidden_link_text'>Compartir en LinkedIn<\/span><\/a><\/li><li class='av-share-link av-social-link-mail' ><a  aria-label=\"Compartir por correo\" href='mailto:?subject=Juanita%20Ringeling%20protagoniza%20video%20de%20petici%C3%B3n%20Change.org%20que%20exige%20evaluaci%C3%B3n%20ambiental%20de%20central%20Los%20Maquis&#038;body=https:\/\/radiorevelacionfm.cl\/?p=3771' aria-hidden='false' data-av_icon='\ue805' data-av_iconfont='entypo-fontello' title='' data-avia-related-tooltip='Compartir por correo'><span class='avia_hidden_link_text'>Compartir por correo<\/span><\/a><\/li><\/ul><\/div><\/div>\n<div  style='height:50px' class='hr hr-invisible   avia-builder-el-8  el_after_av_social_share  el_before_av_comments_list '><span class='hr-inner ' ><span class='hr-inner-style'><\/span><\/span><\/div>\n<div  class='av-buildercomment  av-blog-meta-html-info-disabled av-blog-meta-tag-disabled  '><\/div>\n","protected":false},"excerpt":{"rendered":"","protected":false},"author":1,"featured_media":0,"comment_status":"open","ping_status":"open","sticky":false,"template":"","format":"standard","meta":{"footnotes":""},"categories":[39],"tags":[],"class_list":["post-3771","post","type-post","status-publish","format-standard","hentry","category-medio-ambiente"],"jetpack_featured_media_url":"","_links":{"self":[{"href":"https:\/\/radiorevelacionfm.cl\/index.php?rest_route=\/wp\/v2\/posts\/3771","targetHints":{"allow":["GET"]}}],"collection":[{"href":"https:\/\/radiorevelacionfm.cl\/index.php?rest_route=\/wp\/v2\/posts"}],"about":[{"href":"https:\/\/radiorevelacionfm.cl\/index.php?rest_route=\/wp\/v2\/types\/post"}],"author":[{"embeddable":true,"href":"https:\/\/radiorevelacionfm.cl\/index.php?rest_route=\/wp\/v2\/users\/1"}],"replies":[{"embeddable":true,"href":"https:\/\/radiorevelacionfm.cl\/index.php?rest_route=%2Fwp%2Fv2%2Fcomments&post=3771"}],"version-history":[{"count":3,"href":"https:\/\/radiorevelacionfm.cl\/index.php?rest_route=\/wp\/v2\/posts\/3771\/revisions"}],"predecessor-version":[{"id":3777,"href":"https:\/\/radiorevelacionfm.cl\/index.php?rest_route=\/wp\/v2\/posts\/3771\/revisions\/3777"}],"wp:attachment":[{"href":"https:\/\/radiorevelacionfm.cl\/index.php?rest_route=%2Fwp%2Fv2%2Fmedia&parent=3771"}],"wp:term":[{"taxonomy":"category","embeddable":true,"href":"https:\/\/radiorevelacionfm.cl\/index.php?rest_route=%2Fwp%2Fv2%2Fcategories&post=3771"},{"taxonomy":"post_tag","embeddable":true,"href":"https:\/\/radiorevelacionfm.cl\/index.php?rest_route=%2Fwp%2Fv2%2Ftags&post=3771"}],"curies":[{"name":"wp","href":"https:\/\/api.w.org\/{rel}","templated":true}]}}