{"id":3768,"date":"2021-05-04T11:00:12","date_gmt":"2021-05-04T14:00:12","guid":{"rendered":"https:\/\/radiorevelacionfm.cl\/?p=3768"},"modified":"2021-05-04T11:00:12","modified_gmt":"2021-05-04T14:00:12","slug":"gobernador-destaca-despliegue-de-las-fuerzas-armadas-de-orden-y-seguridad-publica-el-fin-de-semana","status":"publish","type":"post","link":"https:\/\/radiorevelacionfm.cl\/?p=3768","title":{"rendered":"Gobernador destaca despliegue de las Fuerzas Armadas, de Orden y Seguridad P\u00fablica el fin de semana"},"content":{"rendered":"<div class=\"flex_column av_one_full  flex_column_div av-zero-column-padding first  avia-builder-el-0  el_before_av_one_full  avia-builder-el-first  \" style='border-radius:0px; '><div  class='avia-image-container  av-styling-    avia-builder-el-1  avia-builder-el-no-sibling  avia-align-center '  itemprop=\"image\" itemscope=\"itemscope\" itemtype=\"https:\/\/schema.org\/ImageObject\"  ><div class='avia-image-container-inner'><div class='avia-image-overlay-wrap'><img decoding=\"async\" class='wp-image-3769 avia-img-lazy-loading-not-3769 avia_image' src=\"https:\/\/radiorevelacionfm.cl\/wp-content\/uploads\/2021\/05\/whatsapp-image-2021-05-03-at-16_optimized.57.26-1.jpeg\" alt='' title='whatsapp-image-2021-05-03-at-16_optimized.57.26-(1)' height=\"853\" width=\"1280\"  itemprop=\"thumbnailUrl\" srcset=\"https:\/\/radiorevelacionfm.cl\/wp-content\/uploads\/2021\/05\/whatsapp-image-2021-05-03-at-16_optimized.57.26-1.jpeg 1280w, https:\/\/radiorevelacionfm.cl\/wp-content\/uploads\/2021\/05\/whatsapp-image-2021-05-03-at-16_optimized.57.26-1-300x200.jpeg 300w, https:\/\/radiorevelacionfm.cl\/wp-content\/uploads\/2021\/05\/whatsapp-image-2021-05-03-at-16_optimized.57.26-1-1030x686.jpeg 1030w, https:\/\/radiorevelacionfm.cl\/wp-content\/uploads\/2021\/05\/whatsapp-image-2021-05-03-at-16_optimized.57.26-1-768x512.jpeg 768w, https:\/\/radiorevelacionfm.cl\/wp-content\/uploads\/2021\/05\/whatsapp-image-2021-05-03-at-16_optimized.57.26-1-705x470.jpeg 705w, https:\/\/radiorevelacionfm.cl\/wp-content\/uploads\/2021\/05\/whatsapp-image-2021-05-03-at-16_optimized.57.26-1-600x400.jpeg 600w\" sizes=\"(max-width: 1280px) 100vw, 1280px\" \/><\/div><\/div><\/div><\/div><div class=\"flex_column av_one_full  flex_column_div av-zero-column-padding first  avia-builder-el-2  el_after_av_one_full  el_before_av_one_full  column-top-margin\" style='border-radius:0px; '><section class=\"av_textblock_section \"  itemscope=\"itemscope\" itemtype=\"https:\/\/schema.org\/BlogPosting\" itemprop=\"blogPost\" ><div class='avia_textblock  '   itemprop=\"text\" ><p style=\"text-align: center;\"><strong><span style=\"font-size: 18pt;\">Gobernador destaca despliegue de las Fuerzas Armadas, de Orden y Seguridad P\u00fablica el fin de semana<\/span><\/strong><\/p>\n<div id=\"gtx-trans\" style=\"position: absolute; left: -50px; top: 4.31534px;\">\n<div class=\"gtx-trans-icon\"><\/div>\n<\/div>\n<\/div><\/section><\/div><div class=\"flex_column av_one_full  flex_column_div av-zero-column-padding first  avia-builder-el-4  el_after_av_one_full  el_before_av_hr  column-top-margin\" style='border-radius:0px; '><section class=\"av_textblock_section \"  itemscope=\"itemscope\" itemtype=\"https:\/\/schema.org\/BlogPosting\" itemprop=\"blogPost\" ><div class='avia_textblock  '   itemprop=\"text\" ><p style=\"text-align: justify;\">En la comuna de Ays\u00e9n y La Junta hubo un importante despliegue de fiscalizaci\u00f3n.<\/p>\n<p style=\"text-align: justify;\">Durante el fin de semana reci\u00e9n pasado contingentes del Ej\u00e9rcito, Armada, Carabineros y de la Polic\u00eda de Investigaciones se desplegaron por la comuna de Ays\u00e9n (Cuarentena S\u00e1bado, Domingo y Festivos) y por la localidad de La Junta (Cuarentena Total) producto de la entrada en vigencia de las cuarentenas producto de la contingencia sanitaria, esto debido al contagio del Covid-19.<\/p>\n<p style=\"text-align: justify;\">Como es de conocimiento la semana reci\u00e9n pasada en dependencias de la gobernaci\u00f3n se realiz\u00f3 una reuni\u00f3n de coordinaci\u00f3n entre las instituciones antes mencionadas y el Gobernador para poder evitar la movilidad de los habitantes de la comuna como de la localidad de La Junta, dando resultados positivos debido a que no hubo mayores inconvenientes \u201cdestacar el trabajo en terreno de la Armada, Ej\u00e9rcito, Carabineros y PDI ya que se vio reflejado lo que conversamos el viernes reci\u00e9n pasado y que era evitar el tr\u00e1nsito de personas por la v\u00eda p\u00fablica y as\u00ed disminuir la cantidad de contagios del Covid-19 que a\u00fan nos mantiene en Fase 2 y Fase 1 respectivamente, hubo algunos hechos aislados pero que no empa\u00f1aron la coordinaci\u00f3n realizada con anterioridad\u201d dec\u00eda Manuel Ortiz Gobernador de Ays\u00e9n.<\/p>\n<p style=\"text-align: justify;\">De algunos permisos excepcionales que se lograron gestionar entre la Gobernaci\u00f3n de Ays\u00e9n y Carabineros Manuel Ortiz agregaba \u201cdurante la semana tambi\u00e9n hemos recibido algunas solicitudes especiales tanto de gente de la comuna como de la localidad de La Junta y para aquello nuestros funcionarios atendieron los distintos requerimientos los cuales fueron visados por Carabineros y as\u00ed con esto hemos podido ayudar a nuestros vecinos y vecinas que cumplen roles esenciales en nuestra comunidad\u201d.<\/p>\n<p style=\"text-align: justify;\">Finalmente quiero hacer un llamado nuevamente \u201ca cada uno de los habitantes de la provincia, sigamos escuchando y llevando a la pr\u00e1ctica las distintas medidas sanitarias que nos anuncian las autoridades de salud y as\u00ed estaremos evitando el contagio\u201d.<\/p>\n<\/div><\/section><\/div><div  style='height:50px' class='hr hr-invisible   avia-builder-el-6  el_after_av_one_full  el_before_av_social_share '><span class='hr-inner ' ><span class='hr-inner-style'><\/span><\/span><\/div><\/p>\n<div  class='av-social-sharing-box  avia-builder-el-7  el_after_av_hr  el_before_av_hr  '><div class='av-share-box'><h5 class='av-share-link-description av-no-toc '>Compartir esta noticia<\/h5><ul class='av-share-box-list noLightbox'><li class='av-share-link av-social-link-facebook' ><a target=\"_blank\" aria-label=\"Compartir en Facebook\" href='https:\/\/www.facebook.com\/sharer.php?u=https:\/\/radiorevelacionfm.cl\/?p=3768&#038;t=Gobernador%20destaca%20despliegue%20de%20las%20Fuerzas%20Armadas%2C%20de%20Orden%20y%20Seguridad%20P%C3%BAblica%20el%20fin%20de%20semana' aria-hidden='false' data-av_icon='\ue8f3' data-av_iconfont='entypo-fontello' title='' data-avia-related-tooltip='Compartir en Facebook' rel=\"noopener\"><span class='avia_hidden_link_text'>Compartir en Facebook<\/span><\/a><\/li><li class='av-share-link av-social-link-twitter' ><a target=\"_blank\" aria-label=\"Compartir en Twitter\" href='https:\/\/twitter.com\/share?text=Gobernador%20destaca%20despliegue%20de%20las%20Fuerzas%20Armadas%2C%20de%20Orden%20y%20Seguridad%20P%C3%BAblica%20el%20fin%20de%20semana&#038;url=https:\/\/radiorevelacionfm.cl\/?p=3768' aria-hidden='false' data-av_icon='\ue8f1' data-av_iconfont='entypo-fontello' title='' data-avia-related-tooltip='Compartir en Twitter' rel=\"noopener\"><span class='avia_hidden_link_text'>Compartir en Twitter<\/span><\/a><\/li><li class='av-share-link av-social-link-whatsapp' ><a target=\"_blank\" aria-label=\"Compartir en Whatsapp\" href='https:\/\/api.whatsapp.com\/send?text=https:\/\/radiorevelacionfm.cl\/?p=3768' aria-hidden='false' data-av_icon='\uf232' data-av_iconfont='entypo-fontello' title='' data-avia-related-tooltip='Compartir en Whatsapp' rel=\"noopener\"><span class='avia_hidden_link_text'>Compartir en Whatsapp<\/span><\/a><\/li><li class='av-share-link av-social-link-linkedin' ><a target=\"_blank\" aria-label=\"Compartir en LinkedIn\" href='https:\/\/linkedin.com\/shareArticle?mini=true&#038;title=Gobernador%20destaca%20despliegue%20de%20las%20Fuerzas%20Armadas%2C%20de%20Orden%20y%20Seguridad%20P%C3%BAblica%20el%20fin%20de%20semana&#038;url=https:\/\/radiorevelacionfm.cl\/?p=3768' aria-hidden='false' data-av_icon='\ue8fc' data-av_iconfont='entypo-fontello' title='' data-avia-related-tooltip='Compartir en LinkedIn' rel=\"noopener\"><span class='avia_hidden_link_text'>Compartir en LinkedIn<\/span><\/a><\/li><li class='av-share-link av-social-link-mail' ><a  aria-label=\"Compartir por correo\" href='mailto:?subject=Gobernador%20destaca%20despliegue%20de%20las%20Fuerzas%20Armadas%2C%20de%20Orden%20y%20Seguridad%20P%C3%BAblica%20el%20fin%20de%20semana&#038;body=https:\/\/radiorevelacionfm.cl\/?p=3768' aria-hidden='false' data-av_icon='\ue805' data-av_iconfont='entypo-fontello' title='' data-avia-related-tooltip='Compartir por correo'><span class='avia_hidden_link_text'>Compartir por correo<\/span><\/a><\/li><\/ul><\/div><\/div>\n<div  style='height:50px' class='hr hr-invisible   avia-builder-el-8  el_after_av_social_share  el_before_av_comments_list '><span class='hr-inner ' ><span class='hr-inner-style'><\/span><\/span><\/div>\n<div  class='av-buildercomment  av-blog-meta-html-info-disabled av-blog-meta-tag-disabled  '><\/div>\n","protected":false},"excerpt":{"rendered":"","protected":false},"author":1,"featured_media":3769,"comment_status":"open","ping_status":"open","sticky":false,"template":"","format":"standard","meta":{"footnotes":""},"categories":[38],"tags":[],"class_list":["post-3768","post","type-post","status-publish","format-standard","has-post-thumbnail","hentry","category-regional"],"jetpack_featured_media_url":"https:\/\/radiorevelacionfm.cl\/wp-content\/uploads\/2021\/05\/whatsapp-image-2021-05-03-at-16_optimized.57.26-1.jpeg","_links":{"self":[{"href":"https:\/\/radiorevelacionfm.cl\/index.php?rest_route=\/wp\/v2\/posts\/3768","targetHints":{"allow":["GET"]}}],"collection":[{"href":"https:\/\/radiorevelacionfm.cl\/index.php?rest_route=\/wp\/v2\/posts"}],"about":[{"href":"https:\/\/radiorevelacionfm.cl\/index.php?rest_route=\/wp\/v2\/types\/post"}],"author":[{"embeddable":true,"href":"https:\/\/radiorevelacionfm.cl\/index.php?rest_route=\/wp\/v2\/users\/1"}],"replies":[{"embeddable":true,"href":"https:\/\/radiorevelacionfm.cl\/index.php?rest_route=%2Fwp%2Fv2%2Fcomments&post=3768"}],"version-history":[{"count":1,"href":"https:\/\/radiorevelacionfm.cl\/index.php?rest_route=\/wp\/v2\/posts\/3768\/revisions"}],"predecessor-version":[{"id":3770,"href":"https:\/\/radiorevelacionfm.cl\/index.php?rest_route=\/wp\/v2\/posts\/3768\/revisions\/3770"}],"wp:featuredmedia":[{"embeddable":true,"href":"https:\/\/radiorevelacionfm.cl\/index.php?rest_route=\/wp\/v2\/media\/3769"}],"wp:attachment":[{"href":"https:\/\/radiorevelacionfm.cl\/index.php?rest_route=%2Fwp%2Fv2%2Fmedia&parent=3768"}],"wp:term":[{"taxonomy":"category","embeddable":true,"href":"https:\/\/radiorevelacionfm.cl\/index.php?rest_route=%2Fwp%2Fv2%2Fcategories&post=3768"},{"taxonomy":"post_tag","embeddable":true,"href":"https:\/\/radiorevelacionfm.cl\/index.php?rest_route=%2Fwp%2Fv2%2Ftags&post=3768"}],"curies":[{"name":"wp","href":"https:\/\/api.w.org\/{rel}","templated":true}]}}