{"id":37639,"date":"2023-12-01T18:32:06","date_gmt":"2023-12-01T21:32:06","guid":{"rendered":"https:\/\/radiorevelacionfm.cl\/?p=37639"},"modified":"2023-12-01T18:40:27","modified_gmt":"2023-12-01T21:40:27","slug":"cerca-de-90-armas-de-fuego-fueron-recuperadas-por-carabineros-en-aysen-para-eliminacion-en-el-deposito-central-de-armas","status":"publish","type":"post","link":"https:\/\/radiorevelacionfm.cl\/?p=37639","title":{"rendered":"Cerca de 90 armas de fuego fueron recuperadas por Carabineros en Ays\u00e9n, las que ser\u00e1n eliminadas en el Dep\u00f3sito Central de Armas"},"content":{"rendered":"<div class=\"flex_column av_one_full  flex_column_div av-zero-column-padding first  avia-builder-el-0  el_before_av_one_full  avia-builder-el-first  \" style='border-radius:0px; '><div  class='avia-image-container  av-styling-    avia-builder-el-1  avia-builder-el-no-sibling  avia-align-center '  itemprop=\"image\" itemscope=\"itemscope\" itemtype=\"https:\/\/schema.org\/ImageObject\"  ><div class='avia-image-container-inner'><div class='avia-image-overlay-wrap'><img decoding=\"async\" class='wp-image-37640 avia-img-lazy-loading-not-37640 avia_image' src=\"https:\/\/radiorevelacionfm.cl\/wp-content\/uploads\/2023\/12\/img_6176-1_optimized.jpg\" alt='' title='img_6176-(1)_optimized' height=\"600\" width=\"900\"  itemprop=\"thumbnailUrl\" srcset=\"https:\/\/radiorevelacionfm.cl\/wp-content\/uploads\/2023\/12\/img_6176-1_optimized.jpg 900w, https:\/\/radiorevelacionfm.cl\/wp-content\/uploads\/2023\/12\/img_6176-1_optimized-300x200.jpg 300w, https:\/\/radiorevelacionfm.cl\/wp-content\/uploads\/2023\/12\/img_6176-1_optimized-768x512.jpg 768w, https:\/\/radiorevelacionfm.cl\/wp-content\/uploads\/2023\/12\/img_6176-1_optimized-705x470.jpg 705w, https:\/\/radiorevelacionfm.cl\/wp-content\/uploads\/2023\/12\/img_6176-1_optimized-450x300.jpg 450w, https:\/\/radiorevelacionfm.cl\/wp-content\/uploads\/2023\/12\/img_6176-1_optimized-600x400.jpg 600w\" sizes=\"(max-width: 900px) 100vw, 900px\" \/><\/div><\/div><\/div><\/div>\n<div class=\"flex_column av_one_full  flex_column_div av-zero-column-padding first  avia-builder-el-2  el_after_av_one_full  el_before_av_one_full  column-top-margin\" style='border-radius:0px; '><section class=\"av_textblock_section \"  itemscope=\"itemscope\" itemtype=\"https:\/\/schema.org\/BlogPosting\" itemprop=\"blogPost\" ><div class='avia_textblock  '   itemprop=\"text\" ><p style=\"text-align: center;\"><span style=\"font-size: 18pt;\"><strong>Cerca de 90 armas de fuego fueron recuperadas por Carabineros en Ays\u00e9n, las que ser\u00e1n eliminadas en el Dep\u00f3sito Central de Armas<\/strong><\/span><\/p>\n<div id=\"gtx-trans\" style=\"position: absolute; left: -50px; top: 4.31534px;\">\n<div class=\"gtx-trans-icon\"><\/div>\n<\/div>\n<\/div><\/section><\/div><div class=\"flex_column av_one_full  flex_column_div av-zero-column-padding first  avia-builder-el-4  el_after_av_one_full  el_before_av_hr  column-top-margin\" style='border-radius:0px; '><section class=\"av_textblock_section \"  itemscope=\"itemscope\" itemtype=\"https:\/\/schema.org\/BlogPosting\" itemprop=\"blogPost\" ><div class='avia_textblock  '   itemprop=\"text\" ><p style=\"font-weight: 400; text-align: justify;\"><em>La mayor parte de las armas de fuego han sido entregadas de forma voluntaria por la comunidad a la polic\u00eda uniformada.<\/em><\/p>\n<p style=\"font-weight: 400; text-align: justify;\">El Delegado Presidencial Regional, Rodrigo Araya, junto al Jefe de la XI Zona de Carabineros, general Patricio Santos; Prefecto Fuad Chab\u00e1n; coordinadora de Seguridad P\u00fablica, Camila Covarrubias, y Fiscal Jos\u00e9 Moris, inspeccionaron el env\u00edo para destrucci\u00f3n en el Dep\u00f3sito Central de Armas, de alrededor de 90 armas de fuego.<\/p>\n<p style=\"font-weight: 400; text-align: justify;\">La acci\u00f3n se enmarca en el cumplimiento de la Ley de Control de Armas y en el Plan de Gobierno \u201cMenos Armas M\u00e1s Seguridad\u201d para el fortalecimiento de la seguridad p\u00fablica en todo el pa\u00eds, como destac\u00f3 en la instancia el Delegado Rodrigo Araya.<\/p>\n<p style=\"font-weight: 400; text-align: justify;\">\u201cSe trata de 89 armas de fuego que van a destrucci\u00f3n, con lo cual ya son alrededor de 130 armas que este a\u00f1o ha podido recapturar Carabineros, en el marco del trabajo orientado a abordar uno de los cinco problemas de seguridad p\u00fablica que hemos establecido en nuestro Plan Regional de Seguridad P\u00fablica, como son las infracciones a la Ley de Armas\u201d, se\u00f1al\u00f3.<\/p>\n<p style=\"font-weight: 400; text-align: justify;\">El general Patricio Santos a\u00f1adi\u00f3 que en el caso de las armas de fuego, la mayor parte han sido entregadas de forma voluntaria por la comunidad.<\/p>\n<p style=\"font-weight: 400; text-align: justify;\">\u201cEs un subconjunto de las 130 armas de fuego decomisadas este a\u00f1o, adem\u00e1s de 140 armas blancas, y que permitieron detener a cerca de 140 personas durante este a\u00f1o por delitos vinculados a la Ley de Control de Armas. Al enviarlas a destrucci\u00f3n, disminuimos la posibilidad de que estas armas sean utilizadas para la comisi\u00f3n de delitos. Gran parte de las armas de fuego \u2013cerca del 80 por ciento de ellas- son entregadas de forma voluntaria por las personas\u201d, destac\u00f3.<\/p>\n<p style=\"font-weight: 400; text-align: justify;\">Camila Covarrubias reafirm\u00f3 que \u201ces parte de nuestro Plan Regional de Seguridad P\u00fablica fiscalizar las armas en nuestra regi\u00f3n y es sumamente importante que las personas que tengan armas en su poder y que no est\u00e9n reguladas pueden hacer entrega de ellas. Es un tr\u00e1mite f\u00e1cil, que se puede hacer directamente en cualquier comisar\u00eda de Carabineros y con esto podemos prevenir que esta arma circulen y lleguen a ser utilizadas en la comisi\u00f3n de alg\u00fan delito\u201d.<\/p>\n<p style=\"font-weight: 400; text-align: justify;\">El Prefecto Fuad Chab\u00e1n precis\u00f3 que \u201cen la regi\u00f3n tenemos cuatro autoridades fiscalizadoras de Control de Armas y Explosivos, en las comunas de Coyhaique, Chile Chico, Ays\u00e9n y Cochrane. Entonces hacemos un llamado a la ciudadan\u00eda, que tiene armamento y que no lo tiene regularizado a regularizar y quien quiere entregarlo voluntariamente, puede realizarlo en estas cuatro autoridades fiscalizadoras a nivel regional\u201d.<\/p>\n<p style=\"font-weight: 400; text-align: justify;\">El Fiscal Jos\u00e9 Moris concluy\u00f3 que \u201cel hecho de que aumenten las incautaciones de armamentos, permite a la Fiscal\u00eda perseguir un delito que es grave, como es el porte y tenencia de armas de fuego de manera ilegal y, por otro lado, permite dar mayor seguridad al retirar armas de fuego de la calle, disminuyendo el poder de fuego de la delincuencia\u201d.<\/p>\n<p style=\"font-weight: 400; text-align: justify;\">Seg\u00fan explicaron las autoridades, para mejorar la recuperaci\u00f3n de armas, desde septiembre del 2022 se esta\u0301 incorporando la informacio\u0301n de quienes tienen armas en los registros de las Unidades de Autorizaciones Fiscalizadoras de Carabineros.<\/p>\n<p style=\"font-weight: 400; text-align: justify;\">En ese sentido, a trav\u00e9s del Plan Menos Armas M\u00e1s Seguridad, se busca reducir el n\u00famero de armas de fuego en circulaci\u00f3n, disminuir los \u00edndices de violencia y mejorar la percepci\u00f3n de seguridad en todo el pa\u00eds.<\/p>\n<\/div><\/section><\/div><\/p>\n<div  style='height:50px' class='hr hr-invisible   avia-builder-el-6  el_after_av_one_full  el_before_av_social_share '><span class='hr-inner ' ><span class='hr-inner-style'><\/span><\/span><\/div>\n<div  class='av-social-sharing-box  avia-builder-el-7  el_after_av_hr  el_before_av_hr  '><div class='av-share-box'><h5 class='av-share-link-description av-no-toc '>Compartir esta noticia<\/h5><ul class='av-share-box-list noLightbox'><li class='av-share-link av-social-link-facebook' ><a target=\"_blank\" aria-label=\"Compartir en Facebook\" href='https:\/\/www.facebook.com\/sharer.php?u=https:\/\/radiorevelacionfm.cl\/?p=37639&#038;t=Cerca%20de%2090%20armas%20de%20fuego%20fueron%20recuperadas%20por%20Carabineros%20en%20Ays%C3%A9n%2C%20las%20que%20ser%C3%A1n%20eliminadas%20en%20el%20Dep%C3%B3sito%20Central%20de%20Armas' aria-hidden='false' data-av_icon='\ue8f3' data-av_iconfont='entypo-fontello' title='' data-avia-related-tooltip='Compartir en Facebook' rel=\"noopener\"><span class='avia_hidden_link_text'>Compartir en Facebook<\/span><\/a><\/li><li class='av-share-link av-social-link-twitter' ><a target=\"_blank\" aria-label=\"Compartir en Twitter\" href='https:\/\/twitter.com\/share?text=Cerca%20de%2090%20armas%20de%20fuego%20fueron%20recuperadas%20por%20Carabineros%20en%20Ays%C3%A9n%2C%20las%20que%20ser%C3%A1n%20eliminadas%20en%20el%20Dep%C3%B3sito%20Central%20de%20Armas&#038;url=https:\/\/radiorevelacionfm.cl\/?p=37639' aria-hidden='false' data-av_icon='\ue8f1' data-av_iconfont='entypo-fontello' title='' data-avia-related-tooltip='Compartir en Twitter' rel=\"noopener\"><span class='avia_hidden_link_text'>Compartir en Twitter<\/span><\/a><\/li><li class='av-share-link av-social-link-whatsapp' ><a target=\"_blank\" aria-label=\"Compartir en Whatsapp\" href='https:\/\/api.whatsapp.com\/send?text=https:\/\/radiorevelacionfm.cl\/?p=37639' aria-hidden='false' data-av_icon='\uf232' data-av_iconfont='entypo-fontello' title='' data-avia-related-tooltip='Compartir en Whatsapp' rel=\"noopener\"><span class='avia_hidden_link_text'>Compartir en Whatsapp<\/span><\/a><\/li><li class='av-share-link av-social-link-linkedin' ><a target=\"_blank\" aria-label=\"Compartir en LinkedIn\" href='https:\/\/linkedin.com\/shareArticle?mini=true&#038;title=Cerca%20de%2090%20armas%20de%20fuego%20fueron%20recuperadas%20por%20Carabineros%20en%20Ays%C3%A9n%2C%20las%20que%20ser%C3%A1n%20eliminadas%20en%20el%20Dep%C3%B3sito%20Central%20de%20Armas&#038;url=https:\/\/radiorevelacionfm.cl\/?p=37639' aria-hidden='false' data-av_icon='\ue8fc' data-av_iconfont='entypo-fontello' title='' data-avia-related-tooltip='Compartir en LinkedIn' rel=\"noopener\"><span class='avia_hidden_link_text'>Compartir en LinkedIn<\/span><\/a><\/li><li class='av-share-link av-social-link-mail' ><a  aria-label=\"Compartir por correo\" href='mailto:?subject=Cerca%20de%2090%20armas%20de%20fuego%20fueron%20recuperadas%20por%20Carabineros%20en%20Ays%C3%A9n%2C%20las%20que%20ser%C3%A1n%20eliminadas%20en%20el%20Dep%C3%B3sito%20Central%20de%20Armas&#038;body=https:\/\/radiorevelacionfm.cl\/?p=37639' aria-hidden='false' data-av_icon='\ue805' data-av_iconfont='entypo-fontello' title='' data-avia-related-tooltip='Compartir por correo'><span class='avia_hidden_link_text'>Compartir por correo<\/span><\/a><\/li><\/ul><\/div><\/div>\n<div  style='height:50px' class='hr hr-invisible   avia-builder-el-8  el_after_av_social_share  el_before_av_comments_list '><span class='hr-inner ' ><span class='hr-inner-style'><\/span><\/span><\/div>\n<div  class='av-buildercomment  av-blog-meta-html-info-disabled av-blog-meta-tag-disabled  '><\/div>\n","protected":false},"excerpt":{"rendered":"","protected":false},"author":1,"featured_media":37640,"comment_status":"open","ping_status":"open","sticky":false,"template":"","format":"standard","meta":{"footnotes":""},"categories":[38],"tags":[],"class_list":["post-37639","post","type-post","status-publish","format-standard","has-post-thumbnail","hentry","category-regional"],"jetpack_featured_media_url":"https:\/\/radiorevelacionfm.cl\/wp-content\/uploads\/2023\/12\/img_6176-1_optimized.jpg","_links":{"self":[{"href":"https:\/\/radiorevelacionfm.cl\/index.php?rest_route=\/wp\/v2\/posts\/37639","targetHints":{"allow":["GET"]}}],"collection":[{"href":"https:\/\/radiorevelacionfm.cl\/index.php?rest_route=\/wp\/v2\/posts"}],"about":[{"href":"https:\/\/radiorevelacionfm.cl\/index.php?rest_route=\/wp\/v2\/types\/post"}],"author":[{"embeddable":true,"href":"https:\/\/radiorevelacionfm.cl\/index.php?rest_route=\/wp\/v2\/users\/1"}],"replies":[{"embeddable":true,"href":"https:\/\/radiorevelacionfm.cl\/index.php?rest_route=%2Fwp%2Fv2%2Fcomments&post=37639"}],"version-history":[{"count":4,"href":"https:\/\/radiorevelacionfm.cl\/index.php?rest_route=\/wp\/v2\/posts\/37639\/revisions"}],"predecessor-version":[{"id":37644,"href":"https:\/\/radiorevelacionfm.cl\/index.php?rest_route=\/wp\/v2\/posts\/37639\/revisions\/37644"}],"wp:featuredmedia":[{"embeddable":true,"href":"https:\/\/radiorevelacionfm.cl\/index.php?rest_route=\/wp\/v2\/media\/37640"}],"wp:attachment":[{"href":"https:\/\/radiorevelacionfm.cl\/index.php?rest_route=%2Fwp%2Fv2%2Fmedia&parent=37639"}],"wp:term":[{"taxonomy":"category","embeddable":true,"href":"https:\/\/radiorevelacionfm.cl\/index.php?rest_route=%2Fwp%2Fv2%2Fcategories&post=37639"},{"taxonomy":"post_tag","embeddable":true,"href":"https:\/\/radiorevelacionfm.cl\/index.php?rest_route=%2Fwp%2Fv2%2Ftags&post=37639"}],"curies":[{"name":"wp","href":"https:\/\/api.w.org\/{rel}","templated":true}]}}