{"id":37633,"date":"2023-12-01T21:43:43","date_gmt":"2023-12-02T00:43:43","guid":{"rendered":"https:\/\/radiorevelacionfm.cl\/?p=37633"},"modified":"2023-12-01T21:43:43","modified_gmt":"2023-12-02T00:43:43","slug":"coloquio-para-el-desarrollo-del-litoral-de-aysen-un-impulso-decisivo-para-moldear-el-futuro-de-la-region","status":"publish","type":"post","link":"https:\/\/radiorevelacionfm.cl\/?p=37633","title":{"rendered":"\u00abColoquio para el Desarrollo del Litoral de Ays\u00e9n: un impulso decisivo para moldear el futuro de la regi\u00f3n\u00bb"},"content":{"rendered":"<div class=\"flex_column av_one_full  flex_column_div av-zero-column-padding first  avia-builder-el-0  el_before_av_one_full  avia-builder-el-first  \" style='border-radius:0px; '><div  class='avia-image-container  av-styling-    avia-builder-el-1  avia-builder-el-no-sibling  avia-align-center '  itemprop=\"image\" itemscope=\"itemscope\" itemtype=\"https:\/\/schema.org\/ImageObject\"  ><div class='avia-image-container-inner'><div class='avia-image-overlay-wrap'><img decoding=\"async\" class='wp-image-37634 avia-img-lazy-loading-not-37634 avia_image' src=\"https:\/\/radiorevelacionfm.cl\/wp-content\/uploads\/2023\/12\/20231123_163947-1_optimized-1.jpg\" alt='' title='20231123_163947-(1)_optimized (1)' height=\"630\" width=\"793\"  itemprop=\"thumbnailUrl\" srcset=\"https:\/\/radiorevelacionfm.cl\/wp-content\/uploads\/2023\/12\/20231123_163947-1_optimized-1.jpg 793w, https:\/\/radiorevelacionfm.cl\/wp-content\/uploads\/2023\/12\/20231123_163947-1_optimized-1-300x238.jpg 300w, https:\/\/radiorevelacionfm.cl\/wp-content\/uploads\/2023\/12\/20231123_163947-1_optimized-1-768x610.jpg 768w, https:\/\/radiorevelacionfm.cl\/wp-content\/uploads\/2023\/12\/20231123_163947-1_optimized-1-705x560.jpg 705w, https:\/\/radiorevelacionfm.cl\/wp-content\/uploads\/2023\/12\/20231123_163947-1_optimized-1-450x358.jpg 450w, https:\/\/radiorevelacionfm.cl\/wp-content\/uploads\/2023\/12\/20231123_163947-1_optimized-1-600x477.jpg 600w\" sizes=\"(max-width: 793px) 100vw, 793px\" \/><\/div><\/div><\/div><\/div><div class=\"flex_column av_one_full  flex_column_div av-zero-column-padding first  avia-builder-el-2  el_after_av_one_full  el_before_av_one_full  column-top-margin\" style='border-radius:0px; '><section class=\"av_textblock_section \"  itemscope=\"itemscope\" itemtype=\"https:\/\/schema.org\/BlogPosting\" itemprop=\"blogPost\" ><div class='avia_textblock  '   itemprop=\"text\" ><p style=\"text-align: center;\"><strong><span style=\"font-size: 18pt;\">\u00abColoquio para el Desarrollo del Litoral de Ays\u00e9n: un impulso decisivo para moldear el futuro de la regi\u00f3n\u00bb<\/span><\/strong><\/p>\n<div id=\"gtx-trans\" style=\"position: absolute; left: -50px; top: 4.31534px;\">\n<div class=\"gtx-trans-icon\"><\/div>\n<\/div>\n<\/div><\/section><\/div><div class=\"flex_column av_one_full  flex_column_div av-zero-column-padding first  avia-builder-el-4  el_after_av_one_full  el_before_av_hr  column-top-margin\" style='border-radius:0px; '><section class=\"av_textblock_section \"  itemscope=\"itemscope\" itemtype=\"https:\/\/schema.org\/BlogPosting\" itemprop=\"blogPost\" ><div class='avia_textblock  '   itemprop=\"text\" ><p class=\"v1MsoNormal\" style=\"text-align: justify;\">El \u00abColoquio para el Desarrollo del Litoral de Ays\u00e9n\u00bb, una iniciativa liderada por CorpAys\u00e9n junto con autoridades de Gobierno y representantes sindicales, ha alcanzado un hito importante, con la incorporaci\u00f3n de nuevos participantes claves en su coordinaci\u00f3n. La C\u00e1mara de Comercio, la C\u00e1mara de Turismo Puerto Ays\u00e9n Patagonia\u00a0A.G, el Consejo del Salm\u00f3n, Universidad Ays\u00e9n, EMPORCHA, Ecoterrano y la Consejera Regional de la Provincia de Ays\u00e9n, Mar\u00eda Loreta Villegas, se han sumado a este equipo, enriqueciendo la diversidad de perspectivas y experiencia.<\/p>\n<p class=\"v1MsoNormal\" style=\"text-align: justify;\">El prop\u00f3sito central de este coloquio, transversal, es desarrollar una comprensi\u00f3n integral del futuro de la Regi\u00f3n de Ays\u00e9n. Fernando Camiroaga, Representante de Salmon Chile, resalt\u00f3 la significancia del evento, expresando que \u00a0\u00abcomo Industria, hemos logrado un progreso notable en la interacci\u00f3n con colaboradores y proveedores, enfoc\u00e1ndonos en una mejora continua. La esencia de este coloquio, que re\u00fane a actores de los sectores p\u00fablico, privado y ONGs, radica en la necesidad vital de dialogar. Estas conversaciones son cruciales para avanzar en la formulaci\u00f3n de acuerdos que reflejen la contribuci\u00f3n continua de cada participante hacia el desarrollo sustentable de la regi\u00f3n\u00bb, agreg\u00f3.<\/p>\n<p class=\"v1MsoNormal\" style=\"text-align: justify;\">La participaci\u00f3n de estos nuevos actores subraya la importancia de un di\u00e1logo inclusivo sobre el desarrollo del litoral y las comunidades costeras, buscando construir consensos robustos y efectivos. \u00abEl coloquio, inicialmente visto como un evento clave para la formulaci\u00f3n de estrategias de desarrollo integral y sostenible, ahora se posiciona como un foro a\u00fan m\u00e1s representativo de las distintas voces y necesidades de la provincia\u00bb, relev\u00f3 el Delegado Presidencial Provincial de Ays\u00e9n, Jorge D\u00edaz Guzm\u00e1n.<\/p>\n<p class=\"v1MsoNormal\" style=\"text-align: justify;\">Mar\u00eda Loreta Villegas, Consejera Regional, expres\u00f3 su entusiasmo al manifestar que \u00a0\u00abeste coloquio ofrece una plataforma \u00fanica para que actores clave de nuestra Regi\u00f3n, exploren juntos las oportunidades existentes, con el fin de capitalizarlas para el bienestar comunitario. Esta conversaci\u00f3n promete ser enriquecedora y, por supuesto, mi agradecimiento a Corpaysen por impulsar esta valiosa iniciativa\u00bb, puntualiz\u00f3.<\/p>\n<p class=\"v1MsoNormal\" style=\"text-align: justify;\">Con el evento programado para el 11 y 12 de enero de 2024, los organizadores se enfocan en la fase de convocatoria y en ultimar los detalles log\u00edsticos. La Provincia de Ays\u00e9n, reconocida por su biodiversidad, impresionantes paisajes y contribuci\u00f3n esencial al desarrollo econ\u00f3mico, se prepara para albergar este di\u00e1logo estrat\u00e9gico, que se anticipa como un catalizador de cambio positivo para la regi\u00f3n, impulsado por su litoral y desarrollo productivo.<\/p>\n<\/div><\/section><\/div><div  style='height:50px' class='hr hr-invisible   avia-builder-el-6  el_after_av_one_full  el_before_av_social_share '><span class='hr-inner ' ><span class='hr-inner-style'><\/span><\/span><\/div><\/p>\n<div  class='av-social-sharing-box  avia-builder-el-7  el_after_av_hr  el_before_av_hr  '><div class='av-share-box'><h5 class='av-share-link-description av-no-toc '>Compartir esta noticia<\/h5><ul class='av-share-box-list noLightbox'><li class='av-share-link av-social-link-facebook' ><a target=\"_blank\" aria-label=\"Compartir en Facebook\" href='https:\/\/www.facebook.com\/sharer.php?u=https:\/\/radiorevelacionfm.cl\/?p=37633&#038;t=%C2%ABColoquio%20para%20el%20Desarrollo%20del%20Litoral%20de%20Ays%C3%A9n%3A%20un%20impulso%20decisivo%20para%20moldear%20el%20futuro%20de%20la%20regi%C3%B3n%C2%BB' aria-hidden='false' data-av_icon='\ue8f3' data-av_iconfont='entypo-fontello' title='' data-avia-related-tooltip='Compartir en Facebook' rel=\"noopener\"><span class='avia_hidden_link_text'>Compartir en Facebook<\/span><\/a><\/li><li class='av-share-link av-social-link-twitter' ><a target=\"_blank\" aria-label=\"Compartir en Twitter\" href='https:\/\/twitter.com\/share?text=%C2%ABColoquio%20para%20el%20Desarrollo%20del%20Litoral%20de%20Ays%C3%A9n%3A%20un%20impulso%20decisivo%20para%20moldear%20el%20futuro%20de%20la%20regi%C3%B3n%C2%BB&#038;url=https:\/\/radiorevelacionfm.cl\/?p=37633' aria-hidden='false' data-av_icon='\ue8f1' data-av_iconfont='entypo-fontello' title='' data-avia-related-tooltip='Compartir en Twitter' rel=\"noopener\"><span class='avia_hidden_link_text'>Compartir en Twitter<\/span><\/a><\/li><li class='av-share-link av-social-link-whatsapp' ><a target=\"_blank\" aria-label=\"Compartir en Whatsapp\" href='https:\/\/api.whatsapp.com\/send?text=https:\/\/radiorevelacionfm.cl\/?p=37633' aria-hidden='false' data-av_icon='\uf232' data-av_iconfont='entypo-fontello' title='' data-avia-related-tooltip='Compartir en Whatsapp' rel=\"noopener\"><span class='avia_hidden_link_text'>Compartir en Whatsapp<\/span><\/a><\/li><li class='av-share-link av-social-link-linkedin' ><a target=\"_blank\" aria-label=\"Compartir en LinkedIn\" href='https:\/\/linkedin.com\/shareArticle?mini=true&#038;title=%C2%ABColoquio%20para%20el%20Desarrollo%20del%20Litoral%20de%20Ays%C3%A9n%3A%20un%20impulso%20decisivo%20para%20moldear%20el%20futuro%20de%20la%20regi%C3%B3n%C2%BB&#038;url=https:\/\/radiorevelacionfm.cl\/?p=37633' aria-hidden='false' data-av_icon='\ue8fc' data-av_iconfont='entypo-fontello' title='' data-avia-related-tooltip='Compartir en LinkedIn' rel=\"noopener\"><span class='avia_hidden_link_text'>Compartir en LinkedIn<\/span><\/a><\/li><li class='av-share-link av-social-link-mail' ><a  aria-label=\"Compartir por correo\" href='mailto:?subject=%C2%ABColoquio%20para%20el%20Desarrollo%20del%20Litoral%20de%20Ays%C3%A9n%3A%20un%20impulso%20decisivo%20para%20moldear%20el%20futuro%20de%20la%20regi%C3%B3n%C2%BB&#038;body=https:\/\/radiorevelacionfm.cl\/?p=37633' aria-hidden='false' data-av_icon='\ue805' data-av_iconfont='entypo-fontello' title='' data-avia-related-tooltip='Compartir por correo'><span class='avia_hidden_link_text'>Compartir por correo<\/span><\/a><\/li><\/ul><\/div><\/div>\n<div  style='height:50px' class='hr hr-invisible   avia-builder-el-8  el_after_av_social_share  el_before_av_comments_list '><span class='hr-inner ' ><span class='hr-inner-style'><\/span><\/span><\/div>\n<div  class='av-buildercomment  av-blog-meta-html-info-disabled av-blog-meta-tag-disabled  '><\/div>\n","protected":false},"excerpt":{"rendered":"","protected":false},"author":1,"featured_media":37634,"comment_status":"open","ping_status":"open","sticky":false,"template":"","format":"standard","meta":{"footnotes":""},"categories":[38],"tags":[],"class_list":["post-37633","post","type-post","status-publish","format-standard","has-post-thumbnail","hentry","category-regional"],"jetpack_featured_media_url":"https:\/\/radiorevelacionfm.cl\/wp-content\/uploads\/2023\/12\/20231123_163947-1_optimized-1.jpg","_links":{"self":[{"href":"https:\/\/radiorevelacionfm.cl\/index.php?rest_route=\/wp\/v2\/posts\/37633","targetHints":{"allow":["GET"]}}],"collection":[{"href":"https:\/\/radiorevelacionfm.cl\/index.php?rest_route=\/wp\/v2\/posts"}],"about":[{"href":"https:\/\/radiorevelacionfm.cl\/index.php?rest_route=\/wp\/v2\/types\/post"}],"author":[{"embeddable":true,"href":"https:\/\/radiorevelacionfm.cl\/index.php?rest_route=\/wp\/v2\/users\/1"}],"replies":[{"embeddable":true,"href":"https:\/\/radiorevelacionfm.cl\/index.php?rest_route=%2Fwp%2Fv2%2Fcomments&post=37633"}],"version-history":[{"count":1,"href":"https:\/\/radiorevelacionfm.cl\/index.php?rest_route=\/wp\/v2\/posts\/37633\/revisions"}],"predecessor-version":[{"id":37635,"href":"https:\/\/radiorevelacionfm.cl\/index.php?rest_route=\/wp\/v2\/posts\/37633\/revisions\/37635"}],"wp:featuredmedia":[{"embeddable":true,"href":"https:\/\/radiorevelacionfm.cl\/index.php?rest_route=\/wp\/v2\/media\/37634"}],"wp:attachment":[{"href":"https:\/\/radiorevelacionfm.cl\/index.php?rest_route=%2Fwp%2Fv2%2Fmedia&parent=37633"}],"wp:term":[{"taxonomy":"category","embeddable":true,"href":"https:\/\/radiorevelacionfm.cl\/index.php?rest_route=%2Fwp%2Fv2%2Fcategories&post=37633"},{"taxonomy":"post_tag","embeddable":true,"href":"https:\/\/radiorevelacionfm.cl\/index.php?rest_route=%2Fwp%2Fv2%2Ftags&post=37633"}],"curies":[{"name":"wp","href":"https:\/\/api.w.org\/{rel}","templated":true}]}}