{"id":37606,"date":"2023-12-01T16:53:28","date_gmt":"2023-12-01T19:53:28","guid":{"rendered":"https:\/\/radiorevelacionfm.cl\/?p=37606"},"modified":"2023-12-01T16:53:28","modified_gmt":"2023-12-01T19:53:28","slug":"consejo-regional-de-seguridad-publica-sesiono-para-dar-a-conocer-avances-del-plan-2023","status":"publish","type":"post","link":"https:\/\/radiorevelacionfm.cl\/?p=37606","title":{"rendered":"Consejo Regional de Seguridad P\u00fablica sesion\u00f3 para dar a conocer avances del plan 2023"},"content":{"rendered":"<div class=\"flex_column av_one_full  flex_column_div av-zero-column-padding first  avia-builder-el-0  el_before_av_one_full  avia-builder-el-first  \" style='border-radius:0px; '><div  class='avia-image-container  av-styling-    avia-builder-el-1  avia-builder-el-no-sibling  avia-align-center '  itemprop=\"image\" itemscope=\"itemscope\" itemtype=\"https:\/\/schema.org\/ImageObject\"  ><div class='avia-image-container-inner'><div class='avia-image-overlay-wrap'><img decoding=\"async\" class='wp-image-37607 avia-img-lazy-loading-not-37607 avia_image' src=\"https:\/\/radiorevelacionfm.cl\/wp-content\/uploads\/2023\/11\/2-2023-11-30T174527.808-1-1.jpg\" alt='' title='2 - 2023-11-30T174527.808 (1) (1)' height=\"600\" width=\"900\"  itemprop=\"thumbnailUrl\" srcset=\"https:\/\/radiorevelacionfm.cl\/wp-content\/uploads\/2023\/11\/2-2023-11-30T174527.808-1-1.jpg 900w, https:\/\/radiorevelacionfm.cl\/wp-content\/uploads\/2023\/11\/2-2023-11-30T174527.808-1-1-300x200.jpg 300w, https:\/\/radiorevelacionfm.cl\/wp-content\/uploads\/2023\/11\/2-2023-11-30T174527.808-1-1-768x512.jpg 768w, https:\/\/radiorevelacionfm.cl\/wp-content\/uploads\/2023\/11\/2-2023-11-30T174527.808-1-1-705x470.jpg 705w, https:\/\/radiorevelacionfm.cl\/wp-content\/uploads\/2023\/11\/2-2023-11-30T174527.808-1-1-450x300.jpg 450w, https:\/\/radiorevelacionfm.cl\/wp-content\/uploads\/2023\/11\/2-2023-11-30T174527.808-1-1-600x400.jpg 600w\" sizes=\"(max-width: 900px) 100vw, 900px\" \/><\/div><\/div><\/div><\/div><div class=\"flex_column av_one_full  flex_column_div av-zero-column-padding first  avia-builder-el-2  el_after_av_one_full  el_before_av_one_full  column-top-margin\" style='border-radius:0px; '><section class=\"av_textblock_section \"  itemscope=\"itemscope\" itemtype=\"https:\/\/schema.org\/BlogPosting\" itemprop=\"blogPost\" ><div class='avia_textblock  '   itemprop=\"text\" ><p style=\"font-weight: 400; text-align: center;\"><span style=\"font-size: 18pt;\"><strong>Consejo Regional de Seguridad P\u00fablica sesion\u00f3 para dar a conocer avances del plan 2023<\/strong><\/span><\/p>\n<div id=\"gtx-trans\" style=\"position: absolute; left: -50px; top: 4.31534px;\">\n<div class=\"gtx-trans-icon\"><\/div>\n<\/div>\n<\/div><\/section><\/div><div class=\"flex_column av_one_full  flex_column_div av-zero-column-padding first  avia-builder-el-4  el_after_av_one_full  el_before_av_hr  column-top-margin\" style='border-radius:0px; '><section class=\"av_textblock_section \"  itemscope=\"itemscope\" itemtype=\"https:\/\/schema.org\/BlogPosting\" itemprop=\"blogPost\" ><div class='avia_textblock  '   itemprop=\"text\" ><p style=\"font-weight: 400; text-align: justify;\">En cuanto a las actividades, tareas y compromisos que contempla el Plan Regional de Seguridad P\u00fablica, un 8% se encuentran por iniciar, un 43% en desarrollo y un 49% finalizadas.<\/p>\n<p style=\"font-weight: 400; text-align: justify;\">Recientemente se desarroll\u00f3 el segundo Consejo Regional de Seguridad P\u00fablica de este a\u00f1o, en el que se dio cuenta de los avances que contempla a la fecha el Plan Regional de Seguridad P\u00fablica 2023, cuyos delitos priorizados son: Infracci\u00f3n a la Ley de Drogas, Infracci\u00f3n a la Ley de Armas y Violencia Intrafamiliar. Consumo de alcohol en la v\u00eda p\u00fablica se defini\u00f3 como incivilidad y Violencia Escolar como problema emergente.<\/p>\n<p style=\"font-weight: 400; text-align: justify;\">La instancia fue presidida por el Delegado Presidencial Regional, Rodrigo Araya Morales, y la Coordinadora Regional de Seguridad P\u00fablica, Camila Covarrubias, quien act\u00faa como Secretaria Ejecutiva del consejo. Adem\u00e1s, participaron alcaldes y representantes del Gobierno Regional, las jefaturas regionales de ambas polic\u00edas, fiscal\u00eda regional y directores de servicios p\u00fablicos, entre otros actores relevantes.<\/p>\n<p style=\"font-weight: 400; text-align: justify;\">\u201cHoy pudimos dar cuenta de un 92% de acciones que se encuentran en ejecuci\u00f3n y otras finalizadas. Ahora, los grandes desaf\u00edos radican en que todas las instituciones puedan trabajar de manera conjunta \u2013 que por cierto lo hemos venido haciendo \u2013 sumando nuevas oportunidades de trabajo y nuevos actores, centrados siempre en la prevenci\u00f3n de los delitos, la protecci\u00f3n de las v\u00edctimas y la victimizaci\u00f3n segundaria\u201d, sostuvo Camila Covarrubias.<\/p>\n<p style=\"font-weight: 400; text-align: justify;\">Por su parte, el DPR Ays\u00e9n Rodrigo Araya, destac\u00f3 el trabajo que se viene desarrollando a nivel comunal. \u201cActualmente, los municipios est\u00e1n en mejor pie para abordar la seguridad gracias a la inversi\u00f3n p\u00fablica que se ha realizado durante este \u00faltimo a\u00f1o y medio. Me refiero a los planes comunales de seguridad, a la llegada de veh\u00edculos, a los convenios OS-14 con carabineros, entre otros. Hay varias gestiones que nos tienen muy satisfechos, junto con el cumplimiento de las actividades y las labores preventivas que creemos se est\u00e1n haciendo de manera adecuada, adem\u00e1s de la investigaci\u00f3n de los delitos\u201d.<\/p>\n<p style=\"font-weight: 400; text-align: justify;\">El Plan Regional de Seguridad P\u00fablica &#8211; cuya puesta en marcha se inici\u00f3 en junio pasado &#8211; tiene como fecha l\u00edmite para la ejecuci\u00f3n de sus actividades, tareas y compromisos el mes de marzo del a\u00f1o entrante, por lo que sus cifras en materia de avance son bastante auspiciosas: tiene un 43% de tareas en desarrollo, un 49% finalizadas y solo un 8% que a\u00fan est\u00e1n por iniciarse.<\/p>\n<p style=\"font-weight: 400; text-align: justify;\">El alcalde de Coyhaique, Carlos Gatica, valor\u00f3 el trabajo interinstitucional. \u201cCon el trabajo conjunto y sistem\u00e1tico que venimos desarrollando con las polic\u00edas y el Ministerio del Interior a trav\u00e9s de la Subsecretaria de Prevenci\u00f3n del Delito, hemos podido robustecernos en materia de seguridad. Creamos el Departamento de Seguridad Comunitaria e Inspecci\u00f3n Municipal, fortalecimos la cantidad de patrullajes a trav\u00e9s del patrullaje mixto entre el municipio y carabineros y, por supuesto, aumentamos las labores de fiscalizaci\u00f3n con el doble de dotaci\u00f3n.<\/p>\n<p style=\"font-weight: 400; text-align: justify;\">Finalmente, destacar que el Consejo Regional de Seguridad P\u00fablica, es una instancia intersectorial que agrupa a las instituciones p\u00fablicas y servicios vinculados a la prevenci\u00f3n de la delincuencia y la violencia, la reinserci\u00f3n social, el estudio del fen\u00f3meno delictivo, sus consecuencias y el apoyo a personas que han sido v\u00edctimas de delito. El principal instrumento de su gesti\u00f3n es el Plan Regional de Seguridad P\u00fablica, el cual debe ser gestionado anualmente por este \u00f3rgano consultivo, buscando aportar a trav\u00e9s de un trabajo coordinado, acciones que permitan disminuir los \u00edndices delictivos e inseguridad existente en el territorio.<\/p>\n<\/div><\/section><\/div><div  style='height:50px' class='hr hr-invisible   avia-builder-el-6  el_after_av_one_full  el_before_av_social_share '><span class='hr-inner ' ><span class='hr-inner-style'><\/span><\/span><\/div><\/p>\n<div  class='av-social-sharing-box  avia-builder-el-7  el_after_av_hr  el_before_av_hr  '><div class='av-share-box'><h5 class='av-share-link-description av-no-toc '>Compartir esta noticia<\/h5><ul class='av-share-box-list noLightbox'><li class='av-share-link av-social-link-facebook' ><a target=\"_blank\" aria-label=\"Compartir en Facebook\" href='https:\/\/www.facebook.com\/sharer.php?u=https:\/\/radiorevelacionfm.cl\/?p=37606&#038;t=Consejo%20Regional%20de%20Seguridad%20P%C3%BAblica%20sesion%C3%B3%20para%20dar%20a%20conocer%20avances%20del%20plan%202023' aria-hidden='false' data-av_icon='\ue8f3' data-av_iconfont='entypo-fontello' title='' data-avia-related-tooltip='Compartir en Facebook' rel=\"noopener\"><span class='avia_hidden_link_text'>Compartir en Facebook<\/span><\/a><\/li><li class='av-share-link av-social-link-twitter' ><a target=\"_blank\" aria-label=\"Compartir en Twitter\" href='https:\/\/twitter.com\/share?text=Consejo%20Regional%20de%20Seguridad%20P%C3%BAblica%20sesion%C3%B3%20para%20dar%20a%20conocer%20avances%20del%20plan%202023&#038;url=https:\/\/radiorevelacionfm.cl\/?p=37606' aria-hidden='false' data-av_icon='\ue8f1' data-av_iconfont='entypo-fontello' title='' data-avia-related-tooltip='Compartir en Twitter' rel=\"noopener\"><span class='avia_hidden_link_text'>Compartir en Twitter<\/span><\/a><\/li><li class='av-share-link av-social-link-whatsapp' ><a target=\"_blank\" aria-label=\"Compartir en Whatsapp\" href='https:\/\/api.whatsapp.com\/send?text=https:\/\/radiorevelacionfm.cl\/?p=37606' aria-hidden='false' data-av_icon='\uf232' data-av_iconfont='entypo-fontello' title='' data-avia-related-tooltip='Compartir en Whatsapp' rel=\"noopener\"><span class='avia_hidden_link_text'>Compartir en Whatsapp<\/span><\/a><\/li><li class='av-share-link av-social-link-linkedin' ><a target=\"_blank\" aria-label=\"Compartir en LinkedIn\" href='https:\/\/linkedin.com\/shareArticle?mini=true&#038;title=Consejo%20Regional%20de%20Seguridad%20P%C3%BAblica%20sesion%C3%B3%20para%20dar%20a%20conocer%20avances%20del%20plan%202023&#038;url=https:\/\/radiorevelacionfm.cl\/?p=37606' aria-hidden='false' data-av_icon='\ue8fc' data-av_iconfont='entypo-fontello' title='' data-avia-related-tooltip='Compartir en LinkedIn' rel=\"noopener\"><span class='avia_hidden_link_text'>Compartir en LinkedIn<\/span><\/a><\/li><li class='av-share-link av-social-link-mail' ><a  aria-label=\"Compartir por correo\" href='mailto:?subject=Consejo%20Regional%20de%20Seguridad%20P%C3%BAblica%20sesion%C3%B3%20para%20dar%20a%20conocer%20avances%20del%20plan%202023&#038;body=https:\/\/radiorevelacionfm.cl\/?p=37606' aria-hidden='false' data-av_icon='\ue805' data-av_iconfont='entypo-fontello' title='' data-avia-related-tooltip='Compartir por correo'><span class='avia_hidden_link_text'>Compartir por correo<\/span><\/a><\/li><\/ul><\/div><\/div>\n<div  style='height:50px' class='hr hr-invisible   avia-builder-el-8  el_after_av_social_share  el_before_av_comments_list '><span class='hr-inner ' ><span class='hr-inner-style'><\/span><\/span><\/div>\n<div  class='av-buildercomment  av-blog-meta-html-info-disabled av-blog-meta-tag-disabled  '><\/div>\n","protected":false},"excerpt":{"rendered":"","protected":false},"author":1,"featured_media":37607,"comment_status":"open","ping_status":"open","sticky":false,"template":"","format":"standard","meta":{"footnotes":""},"categories":[38],"tags":[],"class_list":["post-37606","post","type-post","status-publish","format-standard","has-post-thumbnail","hentry","category-regional"],"jetpack_featured_media_url":"https:\/\/radiorevelacionfm.cl\/wp-content\/uploads\/2023\/11\/2-2023-11-30T174527.808-1-1.jpg","_links":{"self":[{"href":"https:\/\/radiorevelacionfm.cl\/index.php?rest_route=\/wp\/v2\/posts\/37606","targetHints":{"allow":["GET"]}}],"collection":[{"href":"https:\/\/radiorevelacionfm.cl\/index.php?rest_route=\/wp\/v2\/posts"}],"about":[{"href":"https:\/\/radiorevelacionfm.cl\/index.php?rest_route=\/wp\/v2\/types\/post"}],"author":[{"embeddable":true,"href":"https:\/\/radiorevelacionfm.cl\/index.php?rest_route=\/wp\/v2\/users\/1"}],"replies":[{"embeddable":true,"href":"https:\/\/radiorevelacionfm.cl\/index.php?rest_route=%2Fwp%2Fv2%2Fcomments&post=37606"}],"version-history":[{"count":1,"href":"https:\/\/radiorevelacionfm.cl\/index.php?rest_route=\/wp\/v2\/posts\/37606\/revisions"}],"predecessor-version":[{"id":37608,"href":"https:\/\/radiorevelacionfm.cl\/index.php?rest_route=\/wp\/v2\/posts\/37606\/revisions\/37608"}],"wp:featuredmedia":[{"embeddable":true,"href":"https:\/\/radiorevelacionfm.cl\/index.php?rest_route=\/wp\/v2\/media\/37607"}],"wp:attachment":[{"href":"https:\/\/radiorevelacionfm.cl\/index.php?rest_route=%2Fwp%2Fv2%2Fmedia&parent=37606"}],"wp:term":[{"taxonomy":"category","embeddable":true,"href":"https:\/\/radiorevelacionfm.cl\/index.php?rest_route=%2Fwp%2Fv2%2Fcategories&post=37606"},{"taxonomy":"post_tag","embeddable":true,"href":"https:\/\/radiorevelacionfm.cl\/index.php?rest_route=%2Fwp%2Fv2%2Ftags&post=37606"}],"curies":[{"name":"wp","href":"https:\/\/api.w.org\/{rel}","templated":true}]}}