{"id":3760,"date":"2021-05-03T20:31:14","date_gmt":"2021-05-03T23:31:14","guid":{"rendered":"https:\/\/radiorevelacionfm.cl\/?p=3760"},"modified":"2021-05-03T20:34:43","modified_gmt":"2021-05-03T23:34:43","slug":"carabineros-ha-detenido-a-129-personas-requeridas-por-los-tribunales-de-justicia-en-lo-que-va-del-ano-2021","status":"publish","type":"post","link":"https:\/\/radiorevelacionfm.cl\/?p=3760","title":{"rendered":"Carabineros ha detenido a 129 personas requeridas por los Tribunales de Justicia en lo que va del a\u00f1o 2021"},"content":{"rendered":"<div class=\"flex_column av_one_full  flex_column_div av-zero-column-padding first  avia-builder-el-0  el_before_av_one_full  avia-builder-el-first  \" style='border-radius:0px; '><div  class='avia-image-container  av-styling-    avia-builder-el-1  avia-builder-el-no-sibling  avia-align-center '  itemprop=\"image\" itemscope=\"itemscope\" itemtype=\"https:\/\/schema.org\/ImageObject\"  ><div class='avia-image-container-inner'><div class='avia-image-overlay-wrap'><img decoding=\"async\" class='wp-image-0 avia-img-lazy-loading-not-0 avia_image' src=\"https:\/\/radiorevelacionfm.cl\/wp-content\/uploads\/2021\/05\/1-87_optimized.jpg\" alt='' title=''   itemprop=\"thumbnailUrl\"  \/><\/div><\/div><\/div><\/div><div class=\"flex_column av_one_full  flex_column_div av-zero-column-padding first  avia-builder-el-2  el_after_av_one_full  el_before_av_one_full  column-top-margin\" style='border-radius:0px; '><section class=\"av_textblock_section \"  itemscope=\"itemscope\" itemtype=\"https:\/\/schema.org\/BlogPosting\" itemprop=\"blogPost\" ><div class='avia_textblock  '   itemprop=\"text\" ><p style=\"text-align: center;\"><strong><span style=\"font-size: 18pt;\">Carabineros ha detenido a 129 personas requeridas por los Tribunales de Justicia en lo que va del a\u00f1o 2021 <\/span><\/strong><\/p>\n<div id=\"gtx-trans\" style=\"position: absolute; left: -50px; top: 4.31534px;\">\n<div class=\"gtx-trans-icon\"><\/div>\n<\/div>\n<\/div><\/section><\/div><div class=\"flex_column av_one_full  flex_column_div av-zero-column-padding first  avia-builder-el-4  el_after_av_one_full  el_before_av_hr  column-top-margin\" style='border-radius:0px; '><section class=\"av_textblock_section \"  itemscope=\"itemscope\" itemtype=\"https:\/\/schema.org\/BlogPosting\" itemprop=\"blogPost\" ><div class='avia_textblock  '   itemprop=\"text\" ><p class=\"v1MsoNormal\" style=\"text-align: justify;\">Diligencias y controles efectuados por personal de Carabineros en la regi\u00f3n de Ays\u00e9n, han permitido desde enero a la fecha, la detenci\u00f3n de 129 personas, quienes manten\u00edan \u00f3rdenes de aprehensi\u00f3n pendientes emanadas desde los Tribunales de Justicia.<\/p>\n<p class=\"v1MsoNormal\" style=\"text-align: justify;\">En el contexto de la pandemia, el personal se encuentra desarrollando m\u00faltiples servicios de control y fiscalizaci\u00f3n en zonas urbanas, rutas y sectores rurales de la regi\u00f3n con la finalidad de verificar el cumplimiento del toque de queda, as\u00ed como las disposiciones sanitarias dispuestas por la autoridad.<\/p>\n<p class=\"v1MsoNormal\" style=\"text-align: justify;\">Dicha labor es efectuada de manera complementaria a los servicios de patrullajes, rondas preventivas, fiscalizaci\u00f3n, control y prevenci\u00f3n del delito, marcando presencia con la finalidad de disminuir la victimizaci\u00f3n e incrementar la percepci\u00f3n de seguridad.<\/p>\n<p class=\"v1MsoNormal\" style=\"text-align: justify;\">Del total de detenidos por requerimientos judiciales pendientes, 57 han sido aprehendidos por personal de dotaci\u00f3n de la Primera Comisar\u00eda Coyhaique, en tanto que similar cantidad ha sido localizada por Carabineros de la Segunda Comisar\u00eda de Puerto Ays\u00e9n.<\/p>\n<p class=\"v1MsoNormal\" style=\"text-align: justify;\">Por su parte personal de la Tercera Comisar\u00eda Chile Chico (F) ha detenido desde enero a la fecha a un total de 8 personas, en tanto que otras 7 han sido aprehendidas por Carabineros de la Cuarta Comisar\u00eda de Cochrane (F). Lo anterior se traduce en una variaci\u00f3n de un 26% m\u00e1s en comparaci\u00f3n a igual periodo del a\u00f1o 2020.<\/p>\n<p class=\"v1MsoNormal\" style=\"text-align: justify;\">Durante la \u00faltima semana (comprendida entre el 26 de abril al 2 de mayo), Carabineros de Coyhaique, detuvo a 4 personas requeridas por la justicia, en tanto que otras 2 fueron localizadas por personal de la Segunda Comisar\u00eda de Puerto Ays\u00e9n, mientras que los 2 restantes fueron ubicados por Carabineros de la Tercera Comisar\u00eda de Chile Chico (F) y Cuarta Comisar\u00eda de Cochrane (F) respectivamente, lo cual se traduce en una variaci\u00f3n de un 167% m\u00e1s en comparaci\u00f3n a igual periodo del a\u00f1o 2020, dando de esta manera cumplimiento a las disposiciones emanadas desde los Tribunales de Justicia.<\/p>\n<p class=\"v1MsoNormal\" style=\"text-align: justify;\">Carabineros est\u00e1 enfocado en continuar trabajando por el bien de la regi\u00f3n y cada una de sus comunas y sus territorios, toda vez que el enfoque va a estar siempre orientado a la prevenci\u00f3n y a hacer de Ays\u00e9n un territorio m\u00e1s seguro para vivir.<\/p>\n<\/div><\/section><\/div><div  style='height:50px' class='hr hr-invisible   avia-builder-el-6  el_after_av_one_full  el_before_av_social_share '><span class='hr-inner ' ><span class='hr-inner-style'><\/span><\/span><\/div><\/p>\n<div  class='av-social-sharing-box  avia-builder-el-7  el_after_av_hr  el_before_av_hr  '><div class='av-share-box'><h5 class='av-share-link-description av-no-toc '>Compartir esta noticia<\/h5><ul class='av-share-box-list noLightbox'><li class='av-share-link av-social-link-facebook' ><a target=\"_blank\" aria-label=\"Compartir en Facebook\" href='https:\/\/www.facebook.com\/sharer.php?u=https:\/\/radiorevelacionfm.cl\/?p=3760&#038;t=Carabineros%20ha%20detenido%20a%20129%20personas%20requeridas%20por%20los%20Tribunales%20de%20Justicia%20en%20lo%20que%20va%20del%20a%C3%B1o%202021' aria-hidden='false' data-av_icon='\ue8f3' data-av_iconfont='entypo-fontello' title='' data-avia-related-tooltip='Compartir en Facebook' rel=\"noopener\"><span class='avia_hidden_link_text'>Compartir en Facebook<\/span><\/a><\/li><li class='av-share-link av-social-link-twitter' ><a target=\"_blank\" aria-label=\"Compartir en Twitter\" href='https:\/\/twitter.com\/share?text=Carabineros%20ha%20detenido%20a%20129%20personas%20requeridas%20por%20los%20Tribunales%20de%20Justicia%20en%20lo%20que%20va%20del%20a%C3%B1o%202021&#038;url=https:\/\/radiorevelacionfm.cl\/?p=3760' aria-hidden='false' data-av_icon='\ue8f1' data-av_iconfont='entypo-fontello' title='' data-avia-related-tooltip='Compartir en Twitter' rel=\"noopener\"><span class='avia_hidden_link_text'>Compartir en Twitter<\/span><\/a><\/li><li class='av-share-link av-social-link-whatsapp' ><a target=\"_blank\" aria-label=\"Compartir en Whatsapp\" href='https:\/\/api.whatsapp.com\/send?text=https:\/\/radiorevelacionfm.cl\/?p=3760' aria-hidden='false' data-av_icon='\uf232' data-av_iconfont='entypo-fontello' title='' data-avia-related-tooltip='Compartir en Whatsapp' rel=\"noopener\"><span class='avia_hidden_link_text'>Compartir en Whatsapp<\/span><\/a><\/li><li class='av-share-link av-social-link-linkedin' ><a target=\"_blank\" aria-label=\"Compartir en LinkedIn\" href='https:\/\/linkedin.com\/shareArticle?mini=true&#038;title=Carabineros%20ha%20detenido%20a%20129%20personas%20requeridas%20por%20los%20Tribunales%20de%20Justicia%20en%20lo%20que%20va%20del%20a%C3%B1o%202021&#038;url=https:\/\/radiorevelacionfm.cl\/?p=3760' aria-hidden='false' data-av_icon='\ue8fc' data-av_iconfont='entypo-fontello' title='' data-avia-related-tooltip='Compartir en LinkedIn' rel=\"noopener\"><span class='avia_hidden_link_text'>Compartir en LinkedIn<\/span><\/a><\/li><li class='av-share-link av-social-link-mail' ><a  aria-label=\"Compartir por correo\" href='mailto:?subject=Carabineros%20ha%20detenido%20a%20129%20personas%20requeridas%20por%20los%20Tribunales%20de%20Justicia%20en%20lo%20que%20va%20del%20a%C3%B1o%202021&#038;body=https:\/\/radiorevelacionfm.cl\/?p=3760' aria-hidden='false' data-av_icon='\ue805' data-av_iconfont='entypo-fontello' title='' data-avia-related-tooltip='Compartir por correo'><span class='avia_hidden_link_text'>Compartir por correo<\/span><\/a><\/li><\/ul><\/div><\/div>\n<div  style='height:50px' class='hr hr-invisible   avia-builder-el-8  el_after_av_social_share  el_before_av_comments_list '><span class='hr-inner ' ><span class='hr-inner-style'><\/span><\/span><\/div>\n<div  class='av-buildercomment  av-blog-meta-html-info-disabled av-blog-meta-tag-disabled  '><\/div>\n","protected":false},"excerpt":{"rendered":"","protected":false},"author":1,"featured_media":3763,"comment_status":"open","ping_status":"open","sticky":false,"template":"","format":"standard","meta":{"footnotes":""},"categories":[36],"tags":[],"class_list":["post-3760","post","type-post","status-publish","format-standard","has-post-thumbnail","hentry","category-policial"],"jetpack_featured_media_url":"https:\/\/radiorevelacionfm.cl\/wp-content\/uploads\/2021\/05\/1-87_optimized1_optimized.jpg","_links":{"self":[{"href":"https:\/\/radiorevelacionfm.cl\/index.php?rest_route=\/wp\/v2\/posts\/3760","targetHints":{"allow":["GET"]}}],"collection":[{"href":"https:\/\/radiorevelacionfm.cl\/index.php?rest_route=\/wp\/v2\/posts"}],"about":[{"href":"https:\/\/radiorevelacionfm.cl\/index.php?rest_route=\/wp\/v2\/types\/post"}],"author":[{"embeddable":true,"href":"https:\/\/radiorevelacionfm.cl\/index.php?rest_route=\/wp\/v2\/users\/1"}],"replies":[{"embeddable":true,"href":"https:\/\/radiorevelacionfm.cl\/index.php?rest_route=%2Fwp%2Fv2%2Fcomments&post=3760"}],"version-history":[{"count":1,"href":"https:\/\/radiorevelacionfm.cl\/index.php?rest_route=\/wp\/v2\/posts\/3760\/revisions"}],"predecessor-version":[{"id":3762,"href":"https:\/\/radiorevelacionfm.cl\/index.php?rest_route=\/wp\/v2\/posts\/3760\/revisions\/3762"}],"wp:featuredmedia":[{"embeddable":true,"href":"https:\/\/radiorevelacionfm.cl\/index.php?rest_route=\/wp\/v2\/media\/3763"}],"wp:attachment":[{"href":"https:\/\/radiorevelacionfm.cl\/index.php?rest_route=%2Fwp%2Fv2%2Fmedia&parent=3760"}],"wp:term":[{"taxonomy":"category","embeddable":true,"href":"https:\/\/radiorevelacionfm.cl\/index.php?rest_route=%2Fwp%2Fv2%2Fcategories&post=3760"},{"taxonomy":"post_tag","embeddable":true,"href":"https:\/\/radiorevelacionfm.cl\/index.php?rest_route=%2Fwp%2Fv2%2Ftags&post=3760"}],"curies":[{"name":"wp","href":"https:\/\/api.w.org\/{rel}","templated":true}]}}