{"id":37599,"date":"2023-11-30T17:25:25","date_gmt":"2023-11-30T20:25:25","guid":{"rendered":"https:\/\/radiorevelacionfm.cl\/?p=37599"},"modified":"2023-11-30T17:25:25","modified_gmt":"2023-11-30T20:25:25","slug":"festival-locos-por-la-musica-una-instancia-para-atreverse-y-aventurarse-al-publico","status":"publish","type":"post","link":"https:\/\/radiorevelacionfm.cl\/?p=37599","title":{"rendered":"Festival \u201cLocos por la m\u00fasica\u201d una instancia para atreverse y aventurarse al p\u00fablico"},"content":{"rendered":"<div class=\"flex_column av_one_full  flex_column_div av-zero-column-padding first  avia-builder-el-0  el_before_av_one_full  avia-builder-el-first  \" style='border-radius:0px; '><div  class='avia-image-container  av-styling-    avia-builder-el-1  avia-builder-el-no-sibling  avia-align-center '  itemprop=\"image\" itemscope=\"itemscope\" itemtype=\"https:\/\/schema.org\/ImageObject\"  ><div class='avia-image-container-inner'><div class='avia-image-overlay-wrap'><img decoding=\"async\" class='wp-image-37600 avia-img-lazy-loading-not-37600 avia_image' src=\"https:\/\/radiorevelacionfm.cl\/wp-content\/uploads\/2023\/11\/Locos-por-la-musica3-1.jpg\" alt='' title='Locos por la m\u00fasica3 (1)' height=\"600\" width=\"800\"  itemprop=\"thumbnailUrl\" srcset=\"https:\/\/radiorevelacionfm.cl\/wp-content\/uploads\/2023\/11\/Locos-por-la-musica3-1.jpg 800w, https:\/\/radiorevelacionfm.cl\/wp-content\/uploads\/2023\/11\/Locos-por-la-musica3-1-300x225.jpg 300w, https:\/\/radiorevelacionfm.cl\/wp-content\/uploads\/2023\/11\/Locos-por-la-musica3-1-768x576.jpg 768w, https:\/\/radiorevelacionfm.cl\/wp-content\/uploads\/2023\/11\/Locos-por-la-musica3-1-705x529.jpg 705w, https:\/\/radiorevelacionfm.cl\/wp-content\/uploads\/2023\/11\/Locos-por-la-musica3-1-450x338.jpg 450w, https:\/\/radiorevelacionfm.cl\/wp-content\/uploads\/2023\/11\/Locos-por-la-musica3-1-600x450.jpg 600w\" sizes=\"(max-width: 800px) 100vw, 800px\" \/><\/div><\/div><\/div><\/div><div class=\"flex_column av_one_full  flex_column_div av-zero-column-padding first  avia-builder-el-2  el_after_av_one_full  el_before_av_one_full  column-top-margin\" style='border-radius:0px; '><section class=\"av_textblock_section \"  itemscope=\"itemscope\" itemtype=\"https:\/\/schema.org\/BlogPosting\" itemprop=\"blogPost\" ><div class='avia_textblock  '   itemprop=\"text\" ><p style=\"text-align: center;\"><strong><span style=\"font-size: 18pt;\">Festival \u201cLocos por la m\u00fasica\u201d una instancia para atreverse y aventurarse al p\u00fablico<\/span><\/strong><\/p>\n<div id=\"gtx-trans\" style=\"position: absolute; left: -50px; top: 4.31534px;\">\n<div class=\"gtx-trans-icon\"><\/div>\n<\/div>\n<\/div><\/section><\/div><div class=\"flex_column av_one_full  flex_column_div av-zero-column-padding first  avia-builder-el-4  el_after_av_one_full  el_before_av_hr  column-top-margin\" style='border-radius:0px; '><section class=\"av_textblock_section \"  itemscope=\"itemscope\" itemtype=\"https:\/\/schema.org\/BlogPosting\" itemprop=\"blogPost\" ><div class='avia_textblock  '   itemprop=\"text\" ><p style=\"text-align: justify;\">Un evento para conocer las nuevas voces ayseninas de nuestras escuelas locales, una competencia de dos d\u00edas realizados el s\u00e1bado 25 y domingo 26 de noviembre, que le dio oportunidad a los j\u00f3venes viajar a conocer las Islas Huichas.<\/p>\n<p style=\"text-align: justify;\">Primeramente, el festival se pudo dar gracias al proyecto del 8% del FNDR adjudicado por la asociaci\u00f3n ind\u00edgena Antulen Rain junto a la radio Brisas del Sur, que nace de la b\u00fasqueda de apoyar a liceo Pedro Aguirre Cerda de las Islas Huichas, darle promoci\u00f3n y motivar a sus estudiantes con una actividad extra program\u00e1tica atractiva.<\/p>\n<p style=\"text-align: justify;\">El nombre del evento \u201cLocos por la m\u00fasica\u201d viene del juego de palabras que se crea con uno de los moluscos m\u00e1s conocidos del lugar y que alguna vez le dio alto prestigio econ\u00f3mico a la zona.<\/p>\n<p style=\"text-align: justify;\">Nelson Millatureo, presidente de la asociaci\u00f3n ind\u00edgena Antulen Rain, coment\u00f3 acerca del esp\u00edritu del festival, \u201cmuchos adquirimos un compromiso con el liceo, de potenciarlo musicalmente, culturalmente, en todos los aspectos, es por eso que hoy cumplimos postulando a este proyecto y ejecut\u00e1ndolo con los pap\u00e1s, que son los que m\u00e1s han apoyado, adem\u00e1s los ni\u00f1os y el equipo acad\u00e9mico, que colaboraron a pesar del periodo acad\u00e9mico complicado, pero aunamos las fuerzas para que esto resulte\u201d.<\/p>\n<p style=\"text-align: justify;\">\u201cEl objetivo de esto, es que se haga todos los a\u00f1os y que sea parte de un hito para la comunidad\u201d concret\u00f3 Nelson Millatureo, mismas palabras utilizadas por Carina Oliva, la directora del liceo de Puerto Aguirre, que adem\u00e1s espera e incentiva a los j\u00f3venes de la regi\u00f3n a que se atrevan a llegar a las islas, conocer y disfrutar cantar en el escenario.<\/p>\n<p style=\"text-align: justify;\">\u201cLa principal idea es traer a estudiantes de la comuna, y tener una \u201cvitrina\u201d en relaci\u00f3n a los talentos que hay, que numerosas veces no tienen muchos espacios. Pero, la idea siempre fue compartir, que vengan a conocer nuestro territorio y que tambi\u00e9n que supieran hay un lugar muy cerca de Ays\u00e9n, hay un liceo que tiene reci\u00e9n un primero medio y el pr\u00f3ximo a\u00f1o un segundo medio, as\u00ed que estamos creciendo\u201d, concret\u00f3 la directora.<\/p>\n<p style=\"text-align: justify;\">La ganadora de la primera edici\u00f3n del festival fue Antonia Artiaga, representante del Liceo San Jos\u00e9 de Puerto Ays\u00e9n, que gan\u00f3 con una canci\u00f3n de su autor\u00eda, le siguieron Antonela De la Guarda, con su interpretaci\u00f3n de \u201cTormento\u201d de Mon Laferte y en tercer lugar qued\u00f3 Maura Descuvieres y la canci\u00f3n \u201cAmor Completo\u201d, igualmente de la artista nacional.<\/p>\n<p style=\"text-align: justify;\">Antonia Artiaga opin\u00f3 sobre su participaci\u00f3n y la organizaci\u00f3n del evento \u201cSe sinti\u00f3 bien, muchas gracias por la posibilidad de presentarme ac\u00e1, no es mi primera vez en un escenario, pero si la segunda vez cantando sola con la guitarra. Muy bien organizado todo, el sonido muy bueno y toda la decoraci\u00f3n est\u00e1 muy bonita, es la primera vez que vengo a Puerto Aguirre y creo que por eso hay que aumentar la participaci\u00f3n en este tipo de festivales, sobre todo que se hacen en islas tan lejanas, para que se sigan haciendo\u201d.<\/p>\n<\/div><\/section><\/div><div  style='height:50px' class='hr hr-invisible   avia-builder-el-6  el_after_av_one_full  el_before_av_social_share '><span class='hr-inner ' ><span class='hr-inner-style'><\/span><\/span><\/div><\/p>\n<div  class='av-social-sharing-box  avia-builder-el-7  el_after_av_hr  el_before_av_hr  '><div class='av-share-box'><h5 class='av-share-link-description av-no-toc '>Compartir esta noticia<\/h5><ul class='av-share-box-list noLightbox'><li class='av-share-link av-social-link-facebook' ><a target=\"_blank\" aria-label=\"Compartir en Facebook\" href='https:\/\/www.facebook.com\/sharer.php?u=https:\/\/radiorevelacionfm.cl\/?p=37599&#038;t=Festival%20%E2%80%9CLocos%20por%20la%20m%C3%BAsica%E2%80%9D%20una%20instancia%20para%20atreverse%20y%20aventurarse%20al%20p%C3%BAblico' aria-hidden='false' data-av_icon='\ue8f3' data-av_iconfont='entypo-fontello' title='' data-avia-related-tooltip='Compartir en Facebook' rel=\"noopener\"><span class='avia_hidden_link_text'>Compartir en Facebook<\/span><\/a><\/li><li class='av-share-link av-social-link-twitter' ><a target=\"_blank\" aria-label=\"Compartir en Twitter\" href='https:\/\/twitter.com\/share?text=Festival%20%E2%80%9CLocos%20por%20la%20m%C3%BAsica%E2%80%9D%20una%20instancia%20para%20atreverse%20y%20aventurarse%20al%20p%C3%BAblico&#038;url=https:\/\/radiorevelacionfm.cl\/?p=37599' aria-hidden='false' data-av_icon='\ue8f1' data-av_iconfont='entypo-fontello' title='' data-avia-related-tooltip='Compartir en Twitter' rel=\"noopener\"><span class='avia_hidden_link_text'>Compartir en Twitter<\/span><\/a><\/li><li class='av-share-link av-social-link-whatsapp' ><a target=\"_blank\" aria-label=\"Compartir en Whatsapp\" href='https:\/\/api.whatsapp.com\/send?text=https:\/\/radiorevelacionfm.cl\/?p=37599' aria-hidden='false' data-av_icon='\uf232' data-av_iconfont='entypo-fontello' title='' data-avia-related-tooltip='Compartir en Whatsapp' rel=\"noopener\"><span class='avia_hidden_link_text'>Compartir en Whatsapp<\/span><\/a><\/li><li class='av-share-link av-social-link-linkedin' ><a target=\"_blank\" aria-label=\"Compartir en LinkedIn\" href='https:\/\/linkedin.com\/shareArticle?mini=true&#038;title=Festival%20%E2%80%9CLocos%20por%20la%20m%C3%BAsica%E2%80%9D%20una%20instancia%20para%20atreverse%20y%20aventurarse%20al%20p%C3%BAblico&#038;url=https:\/\/radiorevelacionfm.cl\/?p=37599' aria-hidden='false' data-av_icon='\ue8fc' data-av_iconfont='entypo-fontello' title='' data-avia-related-tooltip='Compartir en LinkedIn' rel=\"noopener\"><span class='avia_hidden_link_text'>Compartir en LinkedIn<\/span><\/a><\/li><li class='av-share-link av-social-link-mail' ><a  aria-label=\"Compartir por correo\" href='mailto:?subject=Festival%20%E2%80%9CLocos%20por%20la%20m%C3%BAsica%E2%80%9D%20una%20instancia%20para%20atreverse%20y%20aventurarse%20al%20p%C3%BAblico&#038;body=https:\/\/radiorevelacionfm.cl\/?p=37599' aria-hidden='false' data-av_icon='\ue805' data-av_iconfont='entypo-fontello' title='' data-avia-related-tooltip='Compartir por correo'><span class='avia_hidden_link_text'>Compartir por correo<\/span><\/a><\/li><\/ul><\/div><\/div>\n<div  style='height:50px' class='hr hr-invisible   avia-builder-el-8  el_after_av_social_share  el_before_av_comments_list '><span class='hr-inner ' ><span class='hr-inner-style'><\/span><\/span><\/div>\n<div  class='av-buildercomment  av-blog-meta-html-info-disabled av-blog-meta-tag-disabled  '><\/div>\n","protected":false},"excerpt":{"rendered":"","protected":false},"author":1,"featured_media":37600,"comment_status":"open","ping_status":"open","sticky":false,"template":"","format":"standard","meta":{"footnotes":""},"categories":[43],"tags":[],"class_list":["post-37599","post","type-post","status-publish","format-standard","has-post-thumbnail","hentry","category-musica"],"jetpack_featured_media_url":"https:\/\/radiorevelacionfm.cl\/wp-content\/uploads\/2023\/11\/Locos-por-la-musica3-1.jpg","_links":{"self":[{"href":"https:\/\/radiorevelacionfm.cl\/index.php?rest_route=\/wp\/v2\/posts\/37599","targetHints":{"allow":["GET"]}}],"collection":[{"href":"https:\/\/radiorevelacionfm.cl\/index.php?rest_route=\/wp\/v2\/posts"}],"about":[{"href":"https:\/\/radiorevelacionfm.cl\/index.php?rest_route=\/wp\/v2\/types\/post"}],"author":[{"embeddable":true,"href":"https:\/\/radiorevelacionfm.cl\/index.php?rest_route=\/wp\/v2\/users\/1"}],"replies":[{"embeddable":true,"href":"https:\/\/radiorevelacionfm.cl\/index.php?rest_route=%2Fwp%2Fv2%2Fcomments&post=37599"}],"version-history":[{"count":1,"href":"https:\/\/radiorevelacionfm.cl\/index.php?rest_route=\/wp\/v2\/posts\/37599\/revisions"}],"predecessor-version":[{"id":37601,"href":"https:\/\/radiorevelacionfm.cl\/index.php?rest_route=\/wp\/v2\/posts\/37599\/revisions\/37601"}],"wp:featuredmedia":[{"embeddable":true,"href":"https:\/\/radiorevelacionfm.cl\/index.php?rest_route=\/wp\/v2\/media\/37600"}],"wp:attachment":[{"href":"https:\/\/radiorevelacionfm.cl\/index.php?rest_route=%2Fwp%2Fv2%2Fmedia&parent=37599"}],"wp:term":[{"taxonomy":"category","embeddable":true,"href":"https:\/\/radiorevelacionfm.cl\/index.php?rest_route=%2Fwp%2Fv2%2Fcategories&post=37599"},{"taxonomy":"post_tag","embeddable":true,"href":"https:\/\/radiorevelacionfm.cl\/index.php?rest_route=%2Fwp%2Fv2%2Ftags&post=37599"}],"curies":[{"name":"wp","href":"https:\/\/api.w.org\/{rel}","templated":true}]}}