{"id":37596,"date":"2023-12-01T21:31:20","date_gmt":"2023-12-02T00:31:20","guid":{"rendered":"https:\/\/radiorevelacionfm.cl\/?p=37596"},"modified":"2023-12-01T21:31:20","modified_gmt":"2023-12-02T00:31:20","slug":"las-claves-del-programa-a-convivir-se-aprende-para-promover-la-convivencia-en-las-aulas-de-la-region-de-aysen","status":"publish","type":"post","link":"https:\/\/radiorevelacionfm.cl\/?p=37596","title":{"rendered":"Las claves del Programa \u00abA Convivir se aprende\u00bb para promover la convivencia en las aulas de la regi\u00f3n de Ays\u00e9n"},"content":{"rendered":"<div class=\"flex_column av_one_full  flex_column_div av-zero-column-padding first  avia-builder-el-0  el_before_av_one_full  avia-builder-el-first  \" style='border-radius:0px; '><div  class='avia-image-container  av-styling-    avia-builder-el-1  avia-builder-el-no-sibling  avia-align-center '  itemprop=\"image\" itemscope=\"itemscope\" itemtype=\"https:\/\/schema.org\/ImageObject\"  ><div class='avia-image-container-inner'><div class='avia-image-overlay-wrap'><img decoding=\"async\" class='wp-image-37597 avia-img-lazy-loading-not-37597 avia_image' src=\"https:\/\/radiorevelacionfm.cl\/wp-content\/uploads\/2023\/11\/formacion-pacsa-2-1_optimized-1.jpeg\" alt='' title='formaci\u00f3n-pacsa-2-(1)_optimized (1)' height=\"600\" width=\"1075\"  itemprop=\"thumbnailUrl\" srcset=\"https:\/\/radiorevelacionfm.cl\/wp-content\/uploads\/2023\/11\/formacion-pacsa-2-1_optimized-1.jpeg 1075w, https:\/\/radiorevelacionfm.cl\/wp-content\/uploads\/2023\/11\/formacion-pacsa-2-1_optimized-1-300x167.jpeg 300w, https:\/\/radiorevelacionfm.cl\/wp-content\/uploads\/2023\/11\/formacion-pacsa-2-1_optimized-1-1030x575.jpeg 1030w, https:\/\/radiorevelacionfm.cl\/wp-content\/uploads\/2023\/11\/formacion-pacsa-2-1_optimized-1-768x429.jpeg 768w, https:\/\/radiorevelacionfm.cl\/wp-content\/uploads\/2023\/11\/formacion-pacsa-2-1_optimized-1-705x393.jpeg 705w, https:\/\/radiorevelacionfm.cl\/wp-content\/uploads\/2023\/11\/formacion-pacsa-2-1_optimized-1-450x251.jpeg 450w, https:\/\/radiorevelacionfm.cl\/wp-content\/uploads\/2023\/11\/formacion-pacsa-2-1_optimized-1-600x335.jpeg 600w\" sizes=\"(max-width: 1075px) 100vw, 1075px\" \/><\/div><\/div><\/div><\/div><div class=\"flex_column av_one_full  flex_column_div av-zero-column-padding first  avia-builder-el-2  el_after_av_one_full  el_before_av_one_full  column-top-margin\" style='border-radius:0px; '><section class=\"av_textblock_section \"  itemscope=\"itemscope\" itemtype=\"https:\/\/schema.org\/BlogPosting\" itemprop=\"blogPost\" ><div class='avia_textblock  '   itemprop=\"text\" ><p style=\"text-align: center;\"><span style=\"font-size: 18pt;\"><b><span lang=\"ES-TRAD\">Las claves del Programa \u00abA Convivir se aprende\u00bb para promover la convivencia en las aulas de la regi\u00f3n de Ays\u00e9n<\/span><\/b><\/span><\/p>\n<div id=\"gtx-trans\" style=\"position: absolute; left: -50px; top: 4.31534px;\">\n<div class=\"gtx-trans-icon\"><\/div>\n<\/div>\n<\/div><\/section><\/div><div class=\"flex_column av_one_full  flex_column_div av-zero-column-padding first  avia-builder-el-4  el_after_av_one_full  el_before_av_hr  column-top-margin\" style='border-radius:0px; '><section class=\"av_textblock_section \"  itemscope=\"itemscope\" itemtype=\"https:\/\/schema.org\/BlogPosting\" itemprop=\"blogPost\" ><div class='avia_textblock  '   itemprop=\"text\" ><p class=\"v1MsoNormal\" style=\"text-align: justify;\" align=\"center\"><i><span lang=\"ES-TRAD\">Dos jornadas de formaci\u00f3n realizadas en Coyhaique y La Junta fueron parte de las primeras acciones del programa, para abordar la importancia de la formaci\u00f3n\u00a0 a docentes y directivos de establecimientos educacionales.<\/span><\/i><\/p>\n<p class=\"v1MsoNormal\" style=\"text-align: justify;\" align=\"center\"><b><i><span lang=\"ES-TRAD\">\u00abEducar es potenciar el desarrollo integral de los otros, es entregar herramientas de desarrollo\u00bb,\u00a0<\/span><\/i><\/b><span lang=\"ES-TRAD\">fueron las palabras al cierre de la presentaci\u00f3n de Pablo Valdivieso, Acad\u00e9mico de la Universidad de Chile y uno de los expositores de esta primera instancia formativa del programa \u00abA Convivir se aprende\u00bb, realizada el 14 de noviembre en el Liceo San Felipe de la comuna de Coyhaique. Su presentaci\u00f3n, titulada \u00abPedagog\u00eda para la Convivencia Escolar: C\u00f3mo aprender y Ense\u00f1ar a Convivir\u00bb, favoreci\u00f3 un espacio de reflexi\u00f3n entre las y los asistentes, dando cierre a la jornada. Por su parte, el expositor<\/span><span lang=\"ES-TRAD\">\u00a0Choukri Ben Ayed, de la Universidad de Limoges, Francia, dio inicio a la actividad con una presentaci\u00f3n sobre desigualdades y discriminaci\u00f3n, dando el marco m\u00e1s amplio para pensar los desaf\u00edos de las intervenciones y las pol\u00edticas p\u00fablicas.<\/span><\/p>\n<p class=\"v1MsoNormal\" style=\"text-align: justify;\"><span lang=\"ES-TRAD\">Ambos expositores cuentan con una vasta trayectoria en el \u00e1mbito de la educaci\u00f3n. Choukri Ben Ayed<\/span><span lang=\"ES-TRAD\">, es miembro del Comit\u00e9 Cient\u00edfico para la experimentaci\u00f3n de medidas de diversidad social en las escuelas, en el Ministerio de Educaci\u00f3n franc\u00e9s, mientras que Pablo Valdivieso es Doctor en Psicolog\u00eda y Acad\u00e9mico del Departamento de Psicolog\u00eda de la Universidad de Chile, con amplia experiencia como asesor en Gesti\u00f3n Directiva y Convivencia Escolar.<\/span><\/p>\n<p class=\"v1MsoNormal\" style=\"text-align: justify;\"><span lang=\"ES-TRAD\">Romina Aranda, Coordinadora Regional del programa valor\u00f3 positivamente el encuentro, al que asistieron aproximadamente 50 personas, entre docentes, directivos y encargados de convivencia escolar de establecimientos educacionales de las comunas de Coyhaique y Puerto Ays\u00e9n. As\u00ed mismo, la jornada realizada el 15 de noviembre en la localidad de La Junta, comuna de Puerto Cisnes, a la que asistieron representantes de todos los establecimientos: \u00abTuvimos la posibilidad de reunirnos con las escuelas y liceos que participan del programa en la regi\u00f3n de Ays\u00e9n, con el objetivo de brindar el gran marco desde donde comprender el fen\u00f3meno de la convivencia escolar desde una mirada formativa y territorial, que nos permita ir construyendo un lenguaje com\u00fan. As\u00ed mismo, generar una instancia para compartir experiencias y reflexionar sobre el trabajo que est\u00e1n realizando los equipos en sus respectivas escuelas\u00bb.<\/span><\/p>\n<p class=\"v1MsoNormal\" style=\"text-align: justify;\"><span lang=\"ES-TRAD\">En este sentido, Pablo Valdivieso abord\u00f3 en profundidad y de manera participativa la importancia de generar un curr\u00edculum para la convivencia escolar en las escuelas, a partir de la creaci\u00f3n de planes de formaci\u00f3n. Esto implica un gran desaf\u00edo para las escuelas, puesto que implica\u00a0 pensar en un modelo de convivencia escolar, desde una mirada integral: \u00ab<i>Me quedo con la motivaci\u00f3n e importancia que los participantes demostraron en esta tem\u00e1tica. Hubo un buen di\u00e1logo de qu\u00e9 hacer y c\u00f3mo hacer, as\u00ed tambi\u00e9n, destaco la acogida de los profesores de abrir sus espacios, contar sus experiencias y\u00a0 valorar la instancia para abordar estos temas, pero sobre todo, quedarse\u00a0 con la inquietud de trabajar hacia el futuro<\/i>\u00ab, indic\u00f3.<\/span><\/p>\n<p class=\"v1MsoNormal\" style=\"text-align: justify;\"><span lang=\"ES-TRAD\">As\u00ed tambi\u00e9n Valdivieso indic\u00f3 que para los profesores esta tem\u00e1tica resulta un gran desaf\u00edo, puesto que no son contenidos que se abordan en el proceso inicial de sus estudios de pedagog\u00eda. El desarrollo de conocimientos y habilidades para el trabajo en grupos, la resoluci\u00f3n de conflictos, o el desarrollo socioemocional, no son parte de su formaci\u00f3n de pregrado sino que son aprendidas en su ejercicio profesional: \u00ab<i>hoy en d\u00eda habiendo procedimientos y normativas, se hace necesario que los profesores puedan incorporar estos conocimientos y herramientas para poder enfrentar los desaf\u00edos que tiene el proceso formativo de convivencia en las escuelas\u00bb,<\/i>\u00a0finaliz\u00f3.<\/span><\/p>\n<p class=\"v1MsoNormal\" style=\"text-align: justify;\"><span lang=\"ES-TRAD\">Es relevante enfatizar que estas iniciativas se realizan en el marco del componente de formaci\u00f3n del Programa \u00abA convivir se aprende\u00bb,<\/span><span lang=\"ES-TRAD\">\u00a0impulsado por el Ministerio de Educaci\u00f3n e implementado por UMAG y U de Ays\u00e9n. \u00c9ste, contempla una agenda de actividades programada hasta el a\u00f1o 2025, per\u00edodo en el que adem\u00e1s se acompa\u00f1ar\u00e1 focalizadamente a algunos establecimientos y se potenciar\u00e1 el trabajo de las redes territoriales en la materia.<\/span><\/p>\n<p class=\"v1MsoNormal\" style=\"text-align: justify;\"><span lang=\"ES-TRAD\">La Seremi de Educaci\u00f3n de la regi\u00f3n de Ays\u00e9n Isabel Garrido, puntualiz\u00f3: \u00abEl Programa A convivir se Aprende es parte relevante del Plan de Reactivaci\u00f3n Educativa que impulsamos como Gobierno, espec\u00edficamente para lograr el objetivo de mejorar la convivencia escolar. Se impulsa en 100 comunas a nivel nacional, y busca generar herramientas en los equipos de gesti\u00f3n de los establecimientos participantes, entendiendo que, si queremos generar soluciones duraderas y sostenibles, tenemos que trabajar estrechamente con quienes se vinculan con las y los estudiantes d\u00eda a d\u00eda.\u00bb<\/span><\/p>\n<\/div><\/section><\/div><div  style='height:50px' class='hr hr-invisible   avia-builder-el-6  el_after_av_one_full  el_before_av_social_share '><span class='hr-inner ' ><span class='hr-inner-style'><\/span><\/span><\/div><\/p>\n<div  class='av-social-sharing-box  avia-builder-el-7  el_after_av_hr  el_before_av_hr  '><div class='av-share-box'><h5 class='av-share-link-description av-no-toc '>Compartir esta noticia<\/h5><ul class='av-share-box-list noLightbox'><li class='av-share-link av-social-link-facebook' ><a target=\"_blank\" aria-label=\"Compartir en Facebook\" href='https:\/\/www.facebook.com\/sharer.php?u=https:\/\/radiorevelacionfm.cl\/?p=37596&#038;t=Las%20claves%20del%20Programa%20%C2%ABA%20Convivir%20se%20aprende%C2%BB%20para%20promover%20la%20convivencia%20en%20las%20aulas%20de%20la%20regi%C3%B3n%20de%20Ays%C3%A9n' aria-hidden='false' data-av_icon='\ue8f3' data-av_iconfont='entypo-fontello' title='' data-avia-related-tooltip='Compartir en Facebook' rel=\"noopener\"><span class='avia_hidden_link_text'>Compartir en Facebook<\/span><\/a><\/li><li class='av-share-link av-social-link-twitter' ><a target=\"_blank\" aria-label=\"Compartir en Twitter\" href='https:\/\/twitter.com\/share?text=Las%20claves%20del%20Programa%20%C2%ABA%20Convivir%20se%20aprende%C2%BB%20para%20promover%20la%20convivencia%20en%20las%20aulas%20de%20la%20regi%C3%B3n%20de%20Ays%C3%A9n&#038;url=https:\/\/radiorevelacionfm.cl\/?p=37596' aria-hidden='false' data-av_icon='\ue8f1' data-av_iconfont='entypo-fontello' title='' data-avia-related-tooltip='Compartir en Twitter' rel=\"noopener\"><span class='avia_hidden_link_text'>Compartir en Twitter<\/span><\/a><\/li><li class='av-share-link av-social-link-whatsapp' ><a target=\"_blank\" aria-label=\"Compartir en Whatsapp\" href='https:\/\/api.whatsapp.com\/send?text=https:\/\/radiorevelacionfm.cl\/?p=37596' aria-hidden='false' data-av_icon='\uf232' data-av_iconfont='entypo-fontello' title='' data-avia-related-tooltip='Compartir en Whatsapp' rel=\"noopener\"><span class='avia_hidden_link_text'>Compartir en Whatsapp<\/span><\/a><\/li><li class='av-share-link av-social-link-linkedin' ><a target=\"_blank\" aria-label=\"Compartir en LinkedIn\" href='https:\/\/linkedin.com\/shareArticle?mini=true&#038;title=Las%20claves%20del%20Programa%20%C2%ABA%20Convivir%20se%20aprende%C2%BB%20para%20promover%20la%20convivencia%20en%20las%20aulas%20de%20la%20regi%C3%B3n%20de%20Ays%C3%A9n&#038;url=https:\/\/radiorevelacionfm.cl\/?p=37596' aria-hidden='false' data-av_icon='\ue8fc' data-av_iconfont='entypo-fontello' title='' data-avia-related-tooltip='Compartir en LinkedIn' rel=\"noopener\"><span class='avia_hidden_link_text'>Compartir en LinkedIn<\/span><\/a><\/li><li class='av-share-link av-social-link-mail' ><a  aria-label=\"Compartir por correo\" href='mailto:?subject=Las%20claves%20del%20Programa%20%C2%ABA%20Convivir%20se%20aprende%C2%BB%20para%20promover%20la%20convivencia%20en%20las%20aulas%20de%20la%20regi%C3%B3n%20de%20Ays%C3%A9n&#038;body=https:\/\/radiorevelacionfm.cl\/?p=37596' aria-hidden='false' data-av_icon='\ue805' data-av_iconfont='entypo-fontello' title='' data-avia-related-tooltip='Compartir por correo'><span class='avia_hidden_link_text'>Compartir por correo<\/span><\/a><\/li><\/ul><\/div><\/div>\n<div  style='height:50px' class='hr hr-invisible   avia-builder-el-8  el_after_av_social_share  el_before_av_comments_list '><span class='hr-inner ' ><span class='hr-inner-style'><\/span><\/span><\/div>\n<div  class='av-buildercomment  av-blog-meta-html-info-disabled av-blog-meta-tag-disabled  '><\/div>\n","protected":false},"excerpt":{"rendered":"","protected":false},"author":1,"featured_media":37597,"comment_status":"open","ping_status":"open","sticky":false,"template":"","format":"standard","meta":{"footnotes":""},"categories":[49],"tags":[],"class_list":["post-37596","post","type-post","status-publish","format-standard","has-post-thumbnail","hentry","category-educacion"],"jetpack_featured_media_url":"https:\/\/radiorevelacionfm.cl\/wp-content\/uploads\/2023\/11\/formacion-pacsa-2-1_optimized-1.jpeg","_links":{"self":[{"href":"https:\/\/radiorevelacionfm.cl\/index.php?rest_route=\/wp\/v2\/posts\/37596","targetHints":{"allow":["GET"]}}],"collection":[{"href":"https:\/\/radiorevelacionfm.cl\/index.php?rest_route=\/wp\/v2\/posts"}],"about":[{"href":"https:\/\/radiorevelacionfm.cl\/index.php?rest_route=\/wp\/v2\/types\/post"}],"author":[{"embeddable":true,"href":"https:\/\/radiorevelacionfm.cl\/index.php?rest_route=\/wp\/v2\/users\/1"}],"replies":[{"embeddable":true,"href":"https:\/\/radiorevelacionfm.cl\/index.php?rest_route=%2Fwp%2Fv2%2Fcomments&post=37596"}],"version-history":[{"count":1,"href":"https:\/\/radiorevelacionfm.cl\/index.php?rest_route=\/wp\/v2\/posts\/37596\/revisions"}],"predecessor-version":[{"id":37598,"href":"https:\/\/radiorevelacionfm.cl\/index.php?rest_route=\/wp\/v2\/posts\/37596\/revisions\/37598"}],"wp:featuredmedia":[{"embeddable":true,"href":"https:\/\/radiorevelacionfm.cl\/index.php?rest_route=\/wp\/v2\/media\/37597"}],"wp:attachment":[{"href":"https:\/\/radiorevelacionfm.cl\/index.php?rest_route=%2Fwp%2Fv2%2Fmedia&parent=37596"}],"wp:term":[{"taxonomy":"category","embeddable":true,"href":"https:\/\/radiorevelacionfm.cl\/index.php?rest_route=%2Fwp%2Fv2%2Fcategories&post=37596"},{"taxonomy":"post_tag","embeddable":true,"href":"https:\/\/radiorevelacionfm.cl\/index.php?rest_route=%2Fwp%2Fv2%2Ftags&post=37596"}],"curies":[{"name":"wp","href":"https:\/\/api.w.org\/{rel}","templated":true}]}}