{"id":37593,"date":"2023-12-03T23:39:58","date_gmt":"2023-12-04T02:39:58","guid":{"rendered":"https:\/\/radiorevelacionfm.cl\/?p=37593"},"modified":"2023-12-03T23:39:58","modified_gmt":"2023-12-04T02:39:58","slug":"el-2024-ingresara-proyecto-de-ley-de-sistemas-aislados","status":"publish","type":"post","link":"https:\/\/radiorevelacionfm.cl\/?p=37593","title":{"rendered":"El 2024 ingresar\u00e1 proyecto de Ley de Sistemas Aislados"},"content":{"rendered":"<div class=\"flex_column av_one_full  flex_column_div av-zero-column-padding first  avia-builder-el-0  el_before_av_one_full  avia-builder-el-first  \" style='border-radius:0px; '><div  class='avia-image-container  av-styling-    avia-builder-el-1  avia-builder-el-no-sibling  avia-align-center '  itemprop=\"image\" itemscope=\"itemscope\" itemtype=\"https:\/\/schema.org\/ImageObject\"  ><div class='avia-image-container-inner'><div class='avia-image-overlay-wrap'><img decoding=\"async\" class='wp-image-37594 avia-img-lazy-loading-not-37594 avia_image' src=\"https:\/\/radiorevelacionfm.cl\/wp-content\/uploads\/2023\/11\/sistema-aislado-tortel-1_optimized-1-1.jpg\" alt='' title='sistema-aislado-tortel-(1)_optimized (1) (1)' height=\"600\" width=\"909\"  itemprop=\"thumbnailUrl\" srcset=\"https:\/\/radiorevelacionfm.cl\/wp-content\/uploads\/2023\/11\/sistema-aislado-tortel-1_optimized-1-1.jpg 909w, https:\/\/radiorevelacionfm.cl\/wp-content\/uploads\/2023\/11\/sistema-aislado-tortel-1_optimized-1-1-300x198.jpg 300w, https:\/\/radiorevelacionfm.cl\/wp-content\/uploads\/2023\/11\/sistema-aislado-tortel-1_optimized-1-1-768x507.jpg 768w, https:\/\/radiorevelacionfm.cl\/wp-content\/uploads\/2023\/11\/sistema-aislado-tortel-1_optimized-1-1-705x465.jpg 705w, https:\/\/radiorevelacionfm.cl\/wp-content\/uploads\/2023\/11\/sistema-aislado-tortel-1_optimized-1-1-450x297.jpg 450w, https:\/\/radiorevelacionfm.cl\/wp-content\/uploads\/2023\/11\/sistema-aislado-tortel-1_optimized-1-1-600x396.jpg 600w\" sizes=\"(max-width: 909px) 100vw, 909px\" \/><\/div><\/div><\/div><\/div><div class=\"flex_column av_one_full  flex_column_div av-zero-column-padding first  avia-builder-el-2  el_after_av_one_full  el_before_av_one_full  column-top-margin\" style='border-radius:0px; '><section class=\"av_textblock_section \"  itemscope=\"itemscope\" itemtype=\"https:\/\/schema.org\/BlogPosting\" itemprop=\"blogPost\" ><div class='avia_textblock  '   itemprop=\"text\" ><p style=\"text-align: center;\"><strong><span style=\"font-size: 18pt;\">El 2024 ingresar\u00e1 proyecto de Ley de Sistemas Aislados<\/span><\/strong><\/p>\n<div id=\"gtx-trans\" style=\"position: absolute; left: -50px; top: 4.31534px;\">\n<div class=\"gtx-trans-icon\"><\/div>\n<\/div>\n<\/div><\/section><\/div><div class=\"flex_column av_one_full  flex_column_div av-zero-column-padding first  avia-builder-el-4  el_after_av_one_full  el_before_av_hr  column-top-margin\" style='border-radius:0px; '><section class=\"av_textblock_section \"  itemscope=\"itemscope\" itemtype=\"https:\/\/schema.org\/BlogPosting\" itemprop=\"blogPost\" ><div class='avia_textblock  '   itemprop=\"text\" ><p style=\"text-align: justify;\">La regi\u00f3n de Ays\u00e9n cuenta con tres Sistemas Medianos (SSMM) que suministran energ\u00eda el\u00e9ctrica a las localidades de mayor concentraci\u00f3n de habitantes, pero producto de su tama\u00f1o y lejan\u00eda, algunos poblados e incluso comunas no pueden ser integrados a los SSMM, motivo por el cual son atendidos como Sistemas Aislados (SSAA). Estos generan mayoritariamente con di\u00e9sel, lo que se traduce en un alto costo de generaci\u00f3n. Estos sistemas adem\u00e1s no son regulados, por lo que no acceden a la misma calidad de suministro que los sistemas medianos, en t\u00e9rminos de la continuidad de suministro y tarifa, entre otros.<\/p>\n<p style=\"text-align: justify;\">De esta manera, desde el Ministerio de Energ\u00eda, se est\u00e1 impulsando una agenda para un segundo tiempo de la transici\u00f3n energ\u00e9tica, que considera la actualizaci\u00f3n de la normativa actual y la elaboraci\u00f3n de nuevas herramientas jur\u00eddicas que recojan las realidades de los distintos territorios.<\/p>\n<p style=\"text-align: justify;\">Al respecto el Seremi de Energ\u00eda de Ays\u00e9n, Carlos D\u00edaz, se\u00f1al\u00f3 que \u201cdestacar el trabajo que est\u00e1 impulsando el Ministro Pardow respecto de considerar las realidades de las regiones a trav\u00e9s de hechos concretos, como el tan esperado proyecto de Ley de Sistemas Medianos y m\u00e1s recientemente asumi\u00f3 tambi\u00e9n el compromiso de presentar durante el primer semestre del 2024 un proyecto de Ley de Sistemas Aislados. Estas iniciativas sin duda son las m\u00e1s importantes en los \u00faltimos 20 a\u00f1os, ya que nos permitir\u00e1n mejorar de manera estructural el funcionamiento de los sistemas el\u00e9ctricos regionales en materia de calidad, participaci\u00f3n de energ\u00edas renovables, equidad en la tarifa, acceso, permanencia del suministro, entre otros\u201d.<\/p>\n<p style=\"text-align: justify;\">Paralelamente a nivel regional en un trabajo colaborativo con el Centro de Investigaciones en Ecosistemas de la Patagonia (CIEP), se est\u00e1 ejecutando el Estudio Potencial Fotovoltaico y E\u00f3lico en cinco Sistemas Aislados \u201ctanto en los sistemas medianos como aislados de Ays\u00e9n, la matriz energ\u00e9tica regional depende significativamente de fuentes f\u00f3siles externas para la generaci\u00f3n el\u00e9ctrica y del uso de le\u00f1a para cubrir las demandas t\u00e9rmicas. En este aspecto, resultaba urgente impulsar un estudio respecto del potencial de recursos renovables disponibles en la regi\u00f3n que facilite el desarrollo de proyectos de energ\u00edas limpias y sostenibles\u201d explic\u00f3 D\u00edaz.<\/p>\n<p style=\"text-align: justify;\">El estudio aborda los sistemas aislados de Melimoyu, Tortel, Melinka-Repollal, Puerto Gaviota, y Puerto Gala y contempla tres partes; un estudio de consumos el\u00e9ctricos con perfiles horarios diarios y mensuales en los sistemas el\u00e9ctricos aislados seleccionados, la medici\u00f3n y an\u00e1lisis de recursos renovables disponibles en dichos sistemas el\u00e9ctricos con potencial de generar electricidad y conexi\u00f3n a la red existente, y el desarrollo de un estudio de potencial de generaci\u00f3n de energ\u00eda el\u00e9ctrica mediante energ\u00edas renovables.<\/p>\n<p style=\"text-align: justify;\">Finalmente, la autoridad de Energ\u00eda destac\u00f3 que \u201cel trabajo que estamos realizando desde el ministerio y de la seremi apunta a impulsar la descarbonizaci\u00f3n de la matriz de energ\u00e9tica regional, avanzar en la disminuci\u00f3n de la dependencia de di\u00e9sel mediante el uso de recursos energ\u00e9ticos renovables y locales, aumentar la seguridad, autonom\u00eda y capacidad de gesti\u00f3n energ\u00e9tica de nuestros sistemas el\u00e9ctricos y aporta a la disminuci\u00f3n de la vulnerabilidad energ\u00e9tica\u201d.<\/p>\n<\/div><\/section><\/div><div  style='height:50px' class='hr hr-invisible   avia-builder-el-6  el_after_av_one_full  el_before_av_social_share '><span class='hr-inner ' ><span class='hr-inner-style'><\/span><\/span><\/div><\/p>\n<div  class='av-social-sharing-box  avia-builder-el-7  el_after_av_hr  el_before_av_hr  '><div class='av-share-box'><h5 class='av-share-link-description av-no-toc '>Compartir esta noticia<\/h5><ul class='av-share-box-list noLightbox'><li class='av-share-link av-social-link-facebook' ><a target=\"_blank\" aria-label=\"Compartir en Facebook\" href='https:\/\/www.facebook.com\/sharer.php?u=https:\/\/radiorevelacionfm.cl\/?p=37593&#038;t=El%202024%20ingresar%C3%A1%20proyecto%20de%20Ley%20de%20Sistemas%20Aislados' aria-hidden='false' data-av_icon='\ue8f3' data-av_iconfont='entypo-fontello' title='' data-avia-related-tooltip='Compartir en Facebook' rel=\"noopener\"><span class='avia_hidden_link_text'>Compartir en Facebook<\/span><\/a><\/li><li class='av-share-link av-social-link-twitter' ><a target=\"_blank\" aria-label=\"Compartir en Twitter\" href='https:\/\/twitter.com\/share?text=El%202024%20ingresar%C3%A1%20proyecto%20de%20Ley%20de%20Sistemas%20Aislados&#038;url=https:\/\/radiorevelacionfm.cl\/?p=37593' aria-hidden='false' data-av_icon='\ue8f1' data-av_iconfont='entypo-fontello' title='' data-avia-related-tooltip='Compartir en Twitter' rel=\"noopener\"><span class='avia_hidden_link_text'>Compartir en Twitter<\/span><\/a><\/li><li class='av-share-link av-social-link-whatsapp' ><a target=\"_blank\" aria-label=\"Compartir en Whatsapp\" href='https:\/\/api.whatsapp.com\/send?text=https:\/\/radiorevelacionfm.cl\/?p=37593' aria-hidden='false' data-av_icon='\uf232' data-av_iconfont='entypo-fontello' title='' data-avia-related-tooltip='Compartir en Whatsapp' rel=\"noopener\"><span class='avia_hidden_link_text'>Compartir en Whatsapp<\/span><\/a><\/li><li class='av-share-link av-social-link-linkedin' ><a target=\"_blank\" aria-label=\"Compartir en LinkedIn\" href='https:\/\/linkedin.com\/shareArticle?mini=true&#038;title=El%202024%20ingresar%C3%A1%20proyecto%20de%20Ley%20de%20Sistemas%20Aislados&#038;url=https:\/\/radiorevelacionfm.cl\/?p=37593' aria-hidden='false' data-av_icon='\ue8fc' data-av_iconfont='entypo-fontello' title='' data-avia-related-tooltip='Compartir en LinkedIn' rel=\"noopener\"><span class='avia_hidden_link_text'>Compartir en LinkedIn<\/span><\/a><\/li><li class='av-share-link av-social-link-mail' ><a  aria-label=\"Compartir por correo\" href='mailto:?subject=El%202024%20ingresar%C3%A1%20proyecto%20de%20Ley%20de%20Sistemas%20Aislados&#038;body=https:\/\/radiorevelacionfm.cl\/?p=37593' aria-hidden='false' data-av_icon='\ue805' data-av_iconfont='entypo-fontello' title='' data-avia-related-tooltip='Compartir por correo'><span class='avia_hidden_link_text'>Compartir por correo<\/span><\/a><\/li><\/ul><\/div><\/div>\n<div  style='height:50px' class='hr hr-invisible   avia-builder-el-8  el_after_av_social_share  el_before_av_comments_list '><span class='hr-inner ' ><span class='hr-inner-style'><\/span><\/span><\/div>\n<div  class='av-buildercomment  av-blog-meta-html-info-disabled av-blog-meta-tag-disabled  '><\/div>\n","protected":false},"excerpt":{"rendered":"","protected":false},"author":1,"featured_media":37594,"comment_status":"open","ping_status":"open","sticky":false,"template":"","format":"standard","meta":{"footnotes":""},"categories":[38],"tags":[],"class_list":["post-37593","post","type-post","status-publish","format-standard","has-post-thumbnail","hentry","category-regional"],"jetpack_featured_media_url":"https:\/\/radiorevelacionfm.cl\/wp-content\/uploads\/2023\/11\/sistema-aislado-tortel-1_optimized-1-1.jpg","_links":{"self":[{"href":"https:\/\/radiorevelacionfm.cl\/index.php?rest_route=\/wp\/v2\/posts\/37593","targetHints":{"allow":["GET"]}}],"collection":[{"href":"https:\/\/radiorevelacionfm.cl\/index.php?rest_route=\/wp\/v2\/posts"}],"about":[{"href":"https:\/\/radiorevelacionfm.cl\/index.php?rest_route=\/wp\/v2\/types\/post"}],"author":[{"embeddable":true,"href":"https:\/\/radiorevelacionfm.cl\/index.php?rest_route=\/wp\/v2\/users\/1"}],"replies":[{"embeddable":true,"href":"https:\/\/radiorevelacionfm.cl\/index.php?rest_route=%2Fwp%2Fv2%2Fcomments&post=37593"}],"version-history":[{"count":1,"href":"https:\/\/radiorevelacionfm.cl\/index.php?rest_route=\/wp\/v2\/posts\/37593\/revisions"}],"predecessor-version":[{"id":37595,"href":"https:\/\/radiorevelacionfm.cl\/index.php?rest_route=\/wp\/v2\/posts\/37593\/revisions\/37595"}],"wp:featuredmedia":[{"embeddable":true,"href":"https:\/\/radiorevelacionfm.cl\/index.php?rest_route=\/wp\/v2\/media\/37594"}],"wp:attachment":[{"href":"https:\/\/radiorevelacionfm.cl\/index.php?rest_route=%2Fwp%2Fv2%2Fmedia&parent=37593"}],"wp:term":[{"taxonomy":"category","embeddable":true,"href":"https:\/\/radiorevelacionfm.cl\/index.php?rest_route=%2Fwp%2Fv2%2Fcategories&post=37593"},{"taxonomy":"post_tag","embeddable":true,"href":"https:\/\/radiorevelacionfm.cl\/index.php?rest_route=%2Fwp%2Fv2%2Ftags&post=37593"}],"curies":[{"name":"wp","href":"https:\/\/api.w.org\/{rel}","templated":true}]}}