{"id":37587,"date":"2023-12-01T10:20:59","date_gmt":"2023-12-01T13:20:59","guid":{"rendered":"https:\/\/radiorevelacionfm.cl\/?p=37587"},"modified":"2023-12-01T10:36:32","modified_gmt":"2023-12-01T13:36:32","slug":"este-01-de-diciembre-se-conmemora-el-dia-mundial-del-vih-sida","status":"publish","type":"post","link":"https:\/\/radiorevelacionfm.cl\/?p=37587","title":{"rendered":"Este 01 de diciembre se conmemora el D\u00eda Mundial del VIH\/SIDA"},"content":{"rendered":"<div class=\"flex_column av_one_full  flex_column_div av-zero-column-padding first  avia-builder-el-0  el_before_av_one_full  avia-builder-el-first  \" style='border-radius:0px; '><div  class='avia-image-container  av-styling-    avia-builder-el-1  avia-builder-el-no-sibling  avia-align-center '  itemprop=\"image\" itemscope=\"itemscope\" itemtype=\"https:\/\/schema.org\/ImageObject\"  ><div class='avia-image-container-inner'><div class='avia-image-overlay-wrap'><img decoding=\"async\" class='wp-image-37588 avia-img-lazy-loading-not-37588 avia_image' src=\"https:\/\/radiorevelacionfm.cl\/wp-content\/uploads\/2023\/11\/actividades-vih-1_optimized-1.jpeg\" alt='' title='actividades-vih-(1)_optimized (1)' height=\"600\" width=\"869\"  itemprop=\"thumbnailUrl\" srcset=\"https:\/\/radiorevelacionfm.cl\/wp-content\/uploads\/2023\/11\/actividades-vih-1_optimized-1.jpeg 869w, https:\/\/radiorevelacionfm.cl\/wp-content\/uploads\/2023\/11\/actividades-vih-1_optimized-1-300x207.jpeg 300w, https:\/\/radiorevelacionfm.cl\/wp-content\/uploads\/2023\/11\/actividades-vih-1_optimized-1-768x530.jpeg 768w, https:\/\/radiorevelacionfm.cl\/wp-content\/uploads\/2023\/11\/actividades-vih-1_optimized-1-705x487.jpeg 705w, https:\/\/radiorevelacionfm.cl\/wp-content\/uploads\/2023\/11\/actividades-vih-1_optimized-1-450x311.jpeg 450w, https:\/\/radiorevelacionfm.cl\/wp-content\/uploads\/2023\/11\/actividades-vih-1_optimized-1-600x414.jpeg 600w\" sizes=\"(max-width: 869px) 100vw, 869px\" \/><\/div><\/div><\/div><\/div>\n<div class=\"flex_column av_one_full  flex_column_div av-zero-column-padding first  avia-builder-el-2  el_after_av_one_full  el_before_av_one_full  column-top-margin\" style='border-radius:0px; '><section class=\"av_textblock_section \"  itemscope=\"itemscope\" itemtype=\"https:\/\/schema.org\/BlogPosting\" itemprop=\"blogPost\" ><div class='avia_textblock  '   itemprop=\"text\" ><p style=\"text-align: center;\"><span style=\"font-size: 18pt;\">Este 01 de diciembre se conmemora el D\u00eda Mundial del VIH\/SIDA<\/span><\/p>\n<div id=\"gtx-trans\" style=\"position: absolute; left: -50px; top: 4.31534px;\">\n<div class=\"gtx-trans-icon\"><\/div>\n<\/div>\n<\/div><\/section><\/div>\n<div class=\"flex_column av_one_full  flex_column_div av-zero-column-padding first  avia-builder-el-4  el_after_av_one_full  el_before_av_hr  column-top-margin\" style='border-radius:0px; '><section class=\"av_textblock_section \"  itemscope=\"itemscope\" itemtype=\"https:\/\/schema.org\/BlogPosting\" itemprop=\"blogPost\" ><div class='avia_textblock  '   itemprop=\"text\" ><p style=\"text-align: justify;\"><em>Actividades se centrar\u00e1n en la plaza de Coyhaique, con stand educativos, aplicaci\u00f3n de test r\u00e1pidos de VIH y m\u00fasica en vivo, entre otras iniciativas que buscan prevenir la transmisi\u00f3n de este virus.<\/em><\/p>\n<p style=\"text-align: justify;\">Este viernes 01 de diciembre, en la plaza de armas de Coyhaique, se conmemorar\u00e1 el D\u00eda Mundial de la lucha contra el VIH\/SIDA, ocasi\u00f3n en la que a nivel local organizaciones p\u00fablicas, sociales y privadas se han organizado por medio de diversas actividades tanto para reforzar medidas preventivas, como para generar conciencia social frente a esta enfermedad.<\/p>\n<p style=\"text-align: justify;\">As\u00ed lo dio a conocer la encargada del Programa VIH\/SIDA de la Seremi de Salud Ays\u00e9n, Gabriela Betanzo Campos, \u201ceste viernes, a partir de las tres de la tarde, estaremos en la plaza de armas de Coyhaique con stand educativos, al igual que lugares especiales para la toma de test r\u00e1pido del VIH, tambi\u00e9n tendremos m\u00fasica en vivo y batallas de rap, entre otras actividades por lo que esperamos una gran asistencia de la comunidad\u201d.<\/p>\n<p style=\"text-align: justify;\">A trav\u00e9s de estas acciones, insertas en el trabajo de la Mesa Intersectorial de respuesta regional Integrada para la Prevenci\u00f3n y Control del VIH e Infecciones de Transmisi\u00f3n Sexual, se busca informar y educar a la ciudadan\u00eda frente a los riesgos y tratamientos del VIH, ya que un diagn\u00f3stico precoz permite una atenci\u00f3n temprana e iniciar un tratamiento oportuno, el cual forma parte de las Garant\u00edas Estatales en Salud (GES).<\/p>\n<p style=\"text-align: justify;\"><strong>VIH en Ays\u00e9n<\/strong><\/p>\n<p style=\"text-align: justify;\">En Chile durante este a\u00f1o, desde el 01 de enero al 30 de junio se han diagnosticado 2.464 personas con el virus de VIH, mientras que en la regi\u00f3n de Ays\u00e9n, este 2023 han sido diagnosticados 19 casos confirmados de VIH hasta el 15 de noviembre. Asimismo, en todo el a\u00f1o 2022 se alcanz\u00f3 una cifra de 19 casos, esto indica que a un mes de terminar el a\u00f1o se ha igualado la cifra del a\u00f1o anterior, concentr\u00e1ndose los casos en las ciudades de Coyhaique y Ays\u00e9n.<\/p>\n<\/div><\/section><\/div><div  style='height:50px' class='hr hr-invisible   avia-builder-el-6  el_after_av_one_full  el_before_av_social_share '><span class='hr-inner ' ><span class='hr-inner-style'><\/span><\/span><\/div><\/p>\n<div  class='av-social-sharing-box  avia-builder-el-7  el_after_av_hr  el_before_av_hr  '><div class='av-share-box'><h5 class='av-share-link-description av-no-toc '>Compartir esta noticia<\/h5><ul class='av-share-box-list noLightbox'><li class='av-share-link av-social-link-facebook' ><a target=\"_blank\" aria-label=\"Compartir en Facebook\" href='https:\/\/www.facebook.com\/sharer.php?u=https:\/\/radiorevelacionfm.cl\/?p=37587&#038;t=Este%2001%20de%20diciembre%20se%20conmemora%20el%20D%C3%ADa%20Mundial%20del%20VIH%2FSIDA' aria-hidden='false' data-av_icon='\ue8f3' data-av_iconfont='entypo-fontello' title='' data-avia-related-tooltip='Compartir en Facebook' rel=\"noopener\"><span class='avia_hidden_link_text'>Compartir en Facebook<\/span><\/a><\/li><li class='av-share-link av-social-link-twitter' ><a target=\"_blank\" aria-label=\"Compartir en Twitter\" href='https:\/\/twitter.com\/share?text=Este%2001%20de%20diciembre%20se%20conmemora%20el%20D%C3%ADa%20Mundial%20del%20VIH%2FSIDA&#038;url=https:\/\/radiorevelacionfm.cl\/?p=37587' aria-hidden='false' data-av_icon='\ue8f1' data-av_iconfont='entypo-fontello' title='' data-avia-related-tooltip='Compartir en Twitter' rel=\"noopener\"><span class='avia_hidden_link_text'>Compartir en Twitter<\/span><\/a><\/li><li class='av-share-link av-social-link-whatsapp' ><a target=\"_blank\" aria-label=\"Compartir en Whatsapp\" href='https:\/\/api.whatsapp.com\/send?text=https:\/\/radiorevelacionfm.cl\/?p=37587' aria-hidden='false' data-av_icon='\uf232' data-av_iconfont='entypo-fontello' title='' data-avia-related-tooltip='Compartir en Whatsapp' rel=\"noopener\"><span class='avia_hidden_link_text'>Compartir en Whatsapp<\/span><\/a><\/li><li class='av-share-link av-social-link-linkedin' ><a target=\"_blank\" aria-label=\"Compartir en LinkedIn\" href='https:\/\/linkedin.com\/shareArticle?mini=true&#038;title=Este%2001%20de%20diciembre%20se%20conmemora%20el%20D%C3%ADa%20Mundial%20del%20VIH%2FSIDA&#038;url=https:\/\/radiorevelacionfm.cl\/?p=37587' aria-hidden='false' data-av_icon='\ue8fc' data-av_iconfont='entypo-fontello' title='' data-avia-related-tooltip='Compartir en LinkedIn' rel=\"noopener\"><span class='avia_hidden_link_text'>Compartir en LinkedIn<\/span><\/a><\/li><li class='av-share-link av-social-link-mail' ><a  aria-label=\"Compartir por correo\" href='mailto:?subject=Este%2001%20de%20diciembre%20se%20conmemora%20el%20D%C3%ADa%20Mundial%20del%20VIH%2FSIDA&#038;body=https:\/\/radiorevelacionfm.cl\/?p=37587' aria-hidden='false' data-av_icon='\ue805' data-av_iconfont='entypo-fontello' title='' data-avia-related-tooltip='Compartir por correo'><span class='avia_hidden_link_text'>Compartir por correo<\/span><\/a><\/li><\/ul><\/div><\/div>\n<div  style='height:50px' class='hr hr-invisible   avia-builder-el-8  el_after_av_social_share  el_before_av_comments_list '><span class='hr-inner ' ><span class='hr-inner-style'><\/span><\/span><\/div>\n<div  class='av-buildercomment  av-blog-meta-html-info-disabled av-blog-meta-tag-disabled  '><\/div>\n","protected":false},"excerpt":{"rendered":"","protected":false},"author":1,"featured_media":37588,"comment_status":"open","ping_status":"open","sticky":false,"template":"","format":"standard","meta":{"footnotes":""},"categories":[46],"tags":[],"class_list":["post-37587","post","type-post","status-publish","format-standard","has-post-thumbnail","hentry","category-salud"],"jetpack_featured_media_url":"https:\/\/radiorevelacionfm.cl\/wp-content\/uploads\/2023\/11\/actividades-vih-1_optimized-1.jpeg","_links":{"self":[{"href":"https:\/\/radiorevelacionfm.cl\/index.php?rest_route=\/wp\/v2\/posts\/37587","targetHints":{"allow":["GET"]}}],"collection":[{"href":"https:\/\/radiorevelacionfm.cl\/index.php?rest_route=\/wp\/v2\/posts"}],"about":[{"href":"https:\/\/radiorevelacionfm.cl\/index.php?rest_route=\/wp\/v2\/types\/post"}],"author":[{"embeddable":true,"href":"https:\/\/radiorevelacionfm.cl\/index.php?rest_route=\/wp\/v2\/users\/1"}],"replies":[{"embeddable":true,"href":"https:\/\/radiorevelacionfm.cl\/index.php?rest_route=%2Fwp%2Fv2%2Fcomments&post=37587"}],"version-history":[{"count":2,"href":"https:\/\/radiorevelacionfm.cl\/index.php?rest_route=\/wp\/v2\/posts\/37587\/revisions"}],"predecessor-version":[{"id":37625,"href":"https:\/\/radiorevelacionfm.cl\/index.php?rest_route=\/wp\/v2\/posts\/37587\/revisions\/37625"}],"wp:featuredmedia":[{"embeddable":true,"href":"https:\/\/radiorevelacionfm.cl\/index.php?rest_route=\/wp\/v2\/media\/37588"}],"wp:attachment":[{"href":"https:\/\/radiorevelacionfm.cl\/index.php?rest_route=%2Fwp%2Fv2%2Fmedia&parent=37587"}],"wp:term":[{"taxonomy":"category","embeddable":true,"href":"https:\/\/radiorevelacionfm.cl\/index.php?rest_route=%2Fwp%2Fv2%2Fcategories&post=37587"},{"taxonomy":"post_tag","embeddable":true,"href":"https:\/\/radiorevelacionfm.cl\/index.php?rest_route=%2Fwp%2Fv2%2Ftags&post=37587"}],"curies":[{"name":"wp","href":"https:\/\/api.w.org\/{rel}","templated":true}]}}