{"id":37582,"date":"2023-11-30T14:54:07","date_gmt":"2023-11-30T17:54:07","guid":{"rendered":"https:\/\/radiorevelacionfm.cl\/?p=37582"},"modified":"2023-11-30T14:54:07","modified_gmt":"2023-11-30T17:54:07","slug":"en-aysen-prochile-reconocio-a-paulina-retamal-de-friendly-wool-como-empresaria-exportadora-destacada-de-2023","status":"publish","type":"post","link":"https:\/\/radiorevelacionfm.cl\/?p=37582","title":{"rendered":"En Ays\u00e9n ProChile reconoci\u00f3 a Paulina Retamal de Friendly Wool como empresaria exportadora destacada de 2023"},"content":{"rendered":"<div class=\"flex_column av_one_full  flex_column_div av-zero-column-padding first  avia-builder-el-0  el_before_av_one_full  avia-builder-el-first  \" style='border-radius:0px; '><div  class='avia-image-container  av-styling-    avia-builder-el-1  avia-builder-el-no-sibling  avia-align-center '  itemprop=\"image\" itemscope=\"itemscope\" itemtype=\"https:\/\/schema.org\/ImageObject\"  ><div class='avia-image-container-inner'><div class='avia-image-overlay-wrap'><img decoding=\"async\" class='wp-image-37583 avia-img-lazy-loading-not-37583 avia_image' src=\"https:\/\/radiorevelacionfm.cl\/wp-content\/uploads\/2023\/11\/paulina-retamal-aysen-2-1_optimized.jpg\" alt='' title='paulina-retamal-ays\u00e9n-2-(1)_optimized' height=\"600\" width=\"906\"  itemprop=\"thumbnailUrl\" srcset=\"https:\/\/radiorevelacionfm.cl\/wp-content\/uploads\/2023\/11\/paulina-retamal-aysen-2-1_optimized.jpg 906w, https:\/\/radiorevelacionfm.cl\/wp-content\/uploads\/2023\/11\/paulina-retamal-aysen-2-1_optimized-300x199.jpg 300w, https:\/\/radiorevelacionfm.cl\/wp-content\/uploads\/2023\/11\/paulina-retamal-aysen-2-1_optimized-768x509.jpg 768w, https:\/\/radiorevelacionfm.cl\/wp-content\/uploads\/2023\/11\/paulina-retamal-aysen-2-1_optimized-705x467.jpg 705w, https:\/\/radiorevelacionfm.cl\/wp-content\/uploads\/2023\/11\/paulina-retamal-aysen-2-1_optimized-450x298.jpg 450w, https:\/\/radiorevelacionfm.cl\/wp-content\/uploads\/2023\/11\/paulina-retamal-aysen-2-1_optimized-600x397.jpg 600w\" sizes=\"(max-width: 906px) 100vw, 906px\" \/><\/div><\/div><\/div><\/div><div class=\"flex_column av_one_full  flex_column_div av-zero-column-padding first  avia-builder-el-2  el_after_av_one_full  el_before_av_one_full  column-top-margin\" style='border-radius:0px; '><section class=\"av_textblock_section \"  itemscope=\"itemscope\" itemtype=\"https:\/\/schema.org\/BlogPosting\" itemprop=\"blogPost\" ><div class='avia_textblock  '   itemprop=\"text\" ><p style=\"text-align: center;\"><strong><span style=\"font-size: 18pt;\">En Ays\u00e9n ProChile reconoci\u00f3 a Paulina Retamal de Friendly Wool como empresaria exportadora destacada de 2023<\/span><\/strong><\/p>\n<div id=\"gtx-trans\" style=\"position: absolute; left: -50px; top: 4.31534px;\">\n<div class=\"gtx-trans-icon\"><\/div>\n<\/div>\n<\/div><\/section><\/div><div class=\"flex_column av_one_full  flex_column_div av-zero-column-padding first  avia-builder-el-4  el_after_av_one_full  el_before_av_hr  column-top-margin\" style='border-radius:0px; '><section class=\"av_textblock_section \"  itemscope=\"itemscope\" itemtype=\"https:\/\/schema.org\/BlogPosting\" itemprop=\"blogPost\" ><div class='avia_textblock  '   itemprop=\"text\" ><p style=\"text-align: justify;\"><em>La Distinci\u00f3n \u201cMujer Exporta\u201d, en su segundo a\u00f1o de realizaci\u00f3n, destaca a una empresaria por regi\u00f3n, las que representan valores como: compromiso con la internacionalizaci\u00f3n, aporte al empleo femenino y relevancia en su territorio, entre otros.<\/em><u><\/u><u><\/u><\/p>\n<p style=\"text-align: justify;\">Por segundo a\u00f1o consecutivo, ProChile, a trav\u00e9s de su red de 16 oficinas regionales, eligi\u00f3 a las mujeres exportadoras m\u00e1s relevantes en su \u00e1rea. Estas empresarias fueron reconocidas por el trabajo que realizan en las regiones a las que representan y la importancia en el proceso de internacionalizaci\u00f3n, siendo distinguida Paulina Retamal, de Friendly Wool de la Regi\u00f3n de Ays\u00e9n.<u><\/u><u><\/u><\/p>\n<p style=\"text-align: justify;\">La empresa de Paulina Retamal comercializa ovillos de lana certificada y textiles tejidos a mano, que busca promover el respeto por el medioambiente, la protecci\u00f3n de la fauna nativa, las buenas pr\u00e1cticas ganaderas y de cuidado animal, el comercio justo y la puesta en valor de tradiciones y t\u00e9cnicas ancestrales desde el coraz\u00f3n de la Carretera Austral. Ha exportado a Europa y Estados Unidos con el apoyo de ProChile.\u00a0<u><\/u><u><\/u><\/p>\n<p style=\"text-align: justify;\">Para la elecci\u00f3n se tomaron en referencia categor\u00edas correspondientes a los objetivos de desarrollo sostenible 2030 propuestos por la Organizaci\u00f3n de Naciones Unidas y que ProChile ha asumido como desaf\u00edo para promover un comercio internacional m\u00e1s inclusivo, teniendo como uno de sus principales focos estrat\u00e9gicos el empoderamiento femenino en el \u00e1mbito exportador.\u00a0<u><\/u><u><\/u><\/p>\n<p style=\"text-align: justify;\">\u201cEsta distinci\u00f3n busca destacar a aquellas mujeres que desde sus \u00e1mbitos transforman el comercio exterior, creando, reinventando y consolidando proyectos que visibilizan las aptitudes y capacidades de la mujer para estimular nuevos negocios y estas 16 empresarias son un ejemplo de ello\u201d, se\u00f1al\u00f3 el Director General de ProChile, Ignacio Fern\u00e1ndez.<u><\/u><u><\/u><\/p>\n<p style=\"text-align: justify;\">Asimismo, Fern\u00e1ndez agreg\u00f3 que \u201c\u201cen ProChile estamos trabajando para seguir incentivando y aumentando la incorporaci\u00f3n de la mujer en el comercio exterior, abriendo nuevas puertas y promocionando sus negocios. Hace poco estuvimos en Irlanda mostrando vinos elaborados por mujeres en el Valle del Itata y seguiremos en 2024 focalizando acciones y generando espacios que den oportunidades de negocio y prospecci\u00f3n de mercados\u201d.<u><\/u><u><\/u><\/p>\n<p style=\"text-align: justify;\">La entrega de la distinci\u00f3n se llevar\u00e1 a cabo el 20 de diciembre en la Regi\u00f3n de Tarapac\u00e1, espec\u00edficamente en Humberstone, donde se reunir\u00e1 a todas las ganadoras y habr\u00e1, tambi\u00e9n, una muestra de gastronom\u00eda ancestral de la zona.\u00a0<u><\/u><u><\/u><\/p>\n<p style=\"text-align: justify;\"><strong>Mujeres destacadas 2023<\/strong><u><\/u><u><\/u><\/p>\n<p style=\"text-align: justify;\">Regi\u00f3n de Arica y Parinacota \u2013 Patricia Coria de Akapacha<br \/>\nRegi\u00f3n de Tarapac\u00e1 \u2013 Yenny Garc\u00eda de Cooperativa Aymar Sawuri<br \/>\nRegi\u00f3n de Antofagasta \u2013 Paola Quezada de Agencia Redes<br \/>\nRegi\u00f3n de Atacama \u2013 Pilar Uribe de Pisco Bramador<br \/>\nRegi\u00f3n de Coquimbo \u2013 Claudia Salazar de PVA Chile<br \/>\nRegi\u00f3n de Valpara\u00edso \u2013 Carolina Alvarado de Vi\u00f1a Herrera, Cooperativa Marga Marga<br \/>\nRegi\u00f3n de O\u2019Higgins \u2013 Carolina Buzeta de Bio Apply<br \/>\nRegi\u00f3n del Maule \u2013 Mar\u00eda P\u00eda Cornejo de Dise\u00f1o y Moda MPC<br \/>\nRegi\u00f3n de \u00d1uble \u2013 Sonja Ungar de Katankura<br \/>\nRegi\u00f3n del Biob\u00edo \u2013 Daniela Tapia de Agr\u00edcola Estaci\u00f3n Yumbel<br \/>\nRegi\u00f3n de La Araucan\u00eda \u2013 Paula Aguilera de Myconativa<br \/>\nRegi\u00f3n de Los R\u00edos \u2013 Marcela Ruiz de Ac\u00fastica Marina<br \/>\nRegi\u00f3n de Los Lagos \u2013 Gabriela Vera de Veterinary Histopathology Center<br \/>\nRegi\u00f3n de Ays\u00e9n \u2013 Paulina Retamal de Friendly Wool<br \/>\nRegi\u00f3n de Magallanes \u2013 Teresa Celed\u00f3n de Antartic Gate<br \/>\nRegi\u00f3n Metropolitana \u2013 Lorena Santana de Do Smart City<\/p>\n<\/div><\/section><\/div><div  style='height:50px' class='hr hr-invisible   avia-builder-el-6  el_after_av_one_full  el_before_av_social_share '><span class='hr-inner ' ><span class='hr-inner-style'><\/span><\/span><\/div><\/p>\n<div  class='av-social-sharing-box  avia-builder-el-7  el_after_av_hr  el_before_av_hr  '><div class='av-share-box'><h5 class='av-share-link-description av-no-toc '>Compartir esta noticia<\/h5><ul class='av-share-box-list noLightbox'><li class='av-share-link av-social-link-facebook' ><a target=\"_blank\" aria-label=\"Compartir en Facebook\" href='https:\/\/www.facebook.com\/sharer.php?u=https:\/\/radiorevelacionfm.cl\/?p=37582&#038;t=En%20Ays%C3%A9n%20ProChile%20reconoci%C3%B3%20a%20Paulina%20Retamal%20de%20Friendly%20Wool%20como%20empresaria%20exportadora%20destacada%20de%202023' aria-hidden='false' data-av_icon='\ue8f3' data-av_iconfont='entypo-fontello' title='' data-avia-related-tooltip='Compartir en Facebook' rel=\"noopener\"><span class='avia_hidden_link_text'>Compartir en Facebook<\/span><\/a><\/li><li class='av-share-link av-social-link-twitter' ><a target=\"_blank\" aria-label=\"Compartir en Twitter\" href='https:\/\/twitter.com\/share?text=En%20Ays%C3%A9n%20ProChile%20reconoci%C3%B3%20a%20Paulina%20Retamal%20de%20Friendly%20Wool%20como%20empresaria%20exportadora%20destacada%20de%202023&#038;url=https:\/\/radiorevelacionfm.cl\/?p=37582' aria-hidden='false' data-av_icon='\ue8f1' data-av_iconfont='entypo-fontello' title='' data-avia-related-tooltip='Compartir en Twitter' rel=\"noopener\"><span class='avia_hidden_link_text'>Compartir en Twitter<\/span><\/a><\/li><li class='av-share-link av-social-link-whatsapp' ><a target=\"_blank\" aria-label=\"Compartir en Whatsapp\" href='https:\/\/api.whatsapp.com\/send?text=https:\/\/radiorevelacionfm.cl\/?p=37582' aria-hidden='false' data-av_icon='\uf232' data-av_iconfont='entypo-fontello' title='' data-avia-related-tooltip='Compartir en Whatsapp' rel=\"noopener\"><span class='avia_hidden_link_text'>Compartir en Whatsapp<\/span><\/a><\/li><li class='av-share-link av-social-link-linkedin' ><a target=\"_blank\" aria-label=\"Compartir en LinkedIn\" href='https:\/\/linkedin.com\/shareArticle?mini=true&#038;title=En%20Ays%C3%A9n%20ProChile%20reconoci%C3%B3%20a%20Paulina%20Retamal%20de%20Friendly%20Wool%20como%20empresaria%20exportadora%20destacada%20de%202023&#038;url=https:\/\/radiorevelacionfm.cl\/?p=37582' aria-hidden='false' data-av_icon='\ue8fc' data-av_iconfont='entypo-fontello' title='' data-avia-related-tooltip='Compartir en LinkedIn' rel=\"noopener\"><span class='avia_hidden_link_text'>Compartir en LinkedIn<\/span><\/a><\/li><li class='av-share-link av-social-link-mail' ><a  aria-label=\"Compartir por correo\" href='mailto:?subject=En%20Ays%C3%A9n%20ProChile%20reconoci%C3%B3%20a%20Paulina%20Retamal%20de%20Friendly%20Wool%20como%20empresaria%20exportadora%20destacada%20de%202023&#038;body=https:\/\/radiorevelacionfm.cl\/?p=37582' aria-hidden='false' data-av_icon='\ue805' data-av_iconfont='entypo-fontello' title='' data-avia-related-tooltip='Compartir por correo'><span class='avia_hidden_link_text'>Compartir por correo<\/span><\/a><\/li><\/ul><\/div><\/div>\n<div  style='height:50px' class='hr hr-invisible   avia-builder-el-8  el_after_av_social_share  el_before_av_comments_list '><span class='hr-inner ' ><span class='hr-inner-style'><\/span><\/span><\/div>\n<div  class='av-buildercomment  av-blog-meta-html-info-disabled av-blog-meta-tag-disabled  '><\/div>\n","protected":false},"excerpt":{"rendered":"","protected":false},"author":1,"featured_media":37583,"comment_status":"open","ping_status":"open","sticky":false,"template":"","format":"standard","meta":{"footnotes":""},"categories":[38],"tags":[],"class_list":["post-37582","post","type-post","status-publish","format-standard","has-post-thumbnail","hentry","category-regional"],"jetpack_featured_media_url":"https:\/\/radiorevelacionfm.cl\/wp-content\/uploads\/2023\/11\/paulina-retamal-aysen-2-1_optimized.jpg","_links":{"self":[{"href":"https:\/\/radiorevelacionfm.cl\/index.php?rest_route=\/wp\/v2\/posts\/37582","targetHints":{"allow":["GET"]}}],"collection":[{"href":"https:\/\/radiorevelacionfm.cl\/index.php?rest_route=\/wp\/v2\/posts"}],"about":[{"href":"https:\/\/radiorevelacionfm.cl\/index.php?rest_route=\/wp\/v2\/types\/post"}],"author":[{"embeddable":true,"href":"https:\/\/radiorevelacionfm.cl\/index.php?rest_route=\/wp\/v2\/users\/1"}],"replies":[{"embeddable":true,"href":"https:\/\/radiorevelacionfm.cl\/index.php?rest_route=%2Fwp%2Fv2%2Fcomments&post=37582"}],"version-history":[{"count":1,"href":"https:\/\/radiorevelacionfm.cl\/index.php?rest_route=\/wp\/v2\/posts\/37582\/revisions"}],"predecessor-version":[{"id":37584,"href":"https:\/\/radiorevelacionfm.cl\/index.php?rest_route=\/wp\/v2\/posts\/37582\/revisions\/37584"}],"wp:featuredmedia":[{"embeddable":true,"href":"https:\/\/radiorevelacionfm.cl\/index.php?rest_route=\/wp\/v2\/media\/37583"}],"wp:attachment":[{"href":"https:\/\/radiorevelacionfm.cl\/index.php?rest_route=%2Fwp%2Fv2%2Fmedia&parent=37582"}],"wp:term":[{"taxonomy":"category","embeddable":true,"href":"https:\/\/radiorevelacionfm.cl\/index.php?rest_route=%2Fwp%2Fv2%2Fcategories&post=37582"},{"taxonomy":"post_tag","embeddable":true,"href":"https:\/\/radiorevelacionfm.cl\/index.php?rest_route=%2Fwp%2Fv2%2Ftags&post=37582"}],"curies":[{"name":"wp","href":"https:\/\/api.w.org\/{rel}","templated":true}]}}