{"id":37579,"date":"2023-11-30T15:34:07","date_gmt":"2023-11-30T18:34:07","guid":{"rendered":"https:\/\/radiorevelacionfm.cl\/?p=37579"},"modified":"2023-11-30T15:34:07","modified_gmt":"2023-11-30T18:34:07","slug":"inician-plan-de-construccion-de-cortafuegos-para-prevenir-incendios-forestales-en-region-de-aysen","status":"publish","type":"post","link":"https:\/\/radiorevelacionfm.cl\/?p=37579","title":{"rendered":"Inician plan de construcci\u00f3n de cortafuegos para prevenir incendios forestales en regi\u00f3n de Ays\u00e9n"},"content":{"rendered":"<div class=\"flex_column av_one_full  flex_column_div av-zero-column-padding first  avia-builder-el-0  el_before_av_one_full  avia-builder-el-first  \" style='border-radius:0px; '><div  class='avia-image-container  av-styling-    avia-builder-el-1  avia-builder-el-no-sibling  avia-align-center '  itemprop=\"image\" itemscope=\"itemscope\" itemtype=\"https:\/\/schema.org\/ImageObject\"  ><div class='avia-image-container-inner'><div class='avia-image-overlay-wrap'><img decoding=\"async\" class='wp-image-37580 avia-img-lazy-loading-not-37580 avia_image' src=\"https:\/\/radiorevelacionfm.cl\/wp-content\/uploads\/2023\/11\/cortafuegos-dos-1_optimized-1.jpg\" alt='' title='cortafuegos-dos-(1)_optimized (1)' height=\"600\" width=\"1069\"  itemprop=\"thumbnailUrl\" srcset=\"https:\/\/radiorevelacionfm.cl\/wp-content\/uploads\/2023\/11\/cortafuegos-dos-1_optimized-1.jpg 1069w, https:\/\/radiorevelacionfm.cl\/wp-content\/uploads\/2023\/11\/cortafuegos-dos-1_optimized-1-300x168.jpg 300w, https:\/\/radiorevelacionfm.cl\/wp-content\/uploads\/2023\/11\/cortafuegos-dos-1_optimized-1-1030x578.jpg 1030w, https:\/\/radiorevelacionfm.cl\/wp-content\/uploads\/2023\/11\/cortafuegos-dos-1_optimized-1-768x431.jpg 768w, https:\/\/radiorevelacionfm.cl\/wp-content\/uploads\/2023\/11\/cortafuegos-dos-1_optimized-1-705x396.jpg 705w, https:\/\/radiorevelacionfm.cl\/wp-content\/uploads\/2023\/11\/cortafuegos-dos-1_optimized-1-450x253.jpg 450w, https:\/\/radiorevelacionfm.cl\/wp-content\/uploads\/2023\/11\/cortafuegos-dos-1_optimized-1-600x337.jpg 600w\" sizes=\"(max-width: 1069px) 100vw, 1069px\" \/><\/div><\/div><\/div><\/div><div class=\"flex_column av_one_full  flex_column_div av-zero-column-padding first  avia-builder-el-2  el_after_av_one_full  el_before_av_one_full  column-top-margin\" style='border-radius:0px; '><section class=\"av_textblock_section \"  itemscope=\"itemscope\" itemtype=\"https:\/\/schema.org\/BlogPosting\" itemprop=\"blogPost\" ><div class='avia_textblock  '   itemprop=\"text\" ><p style=\"text-align: center;\"><strong><span style=\"font-size: 18pt;\">Inician plan de construcci\u00f3n de cortafuegos para prevenir incendios forestales en regi\u00f3n de Ays\u00e9n<\/span><\/strong><\/p>\n<div id=\"gtx-trans\" style=\"position: absolute; left: -50px; top: 4.31534px;\">\n<div class=\"gtx-trans-icon\"><\/div>\n<\/div>\n<\/div><\/section><\/div><div class=\"flex_column av_one_full  flex_column_div av-zero-column-padding first  avia-builder-el-4  el_after_av_one_full  el_before_av_hr  column-top-margin\" style='border-radius:0px; '><section class=\"av_textblock_section \"  itemscope=\"itemscope\" itemtype=\"https:\/\/schema.org\/BlogPosting\" itemprop=\"blogPost\" ><div class='avia_textblock  '   itemprop=\"text\" ><p style=\"text-align: justify;\"><em>Aumento de presupuesto impulsado por el \u00a0Gobierno para el combate y prevenci\u00f3n de incendios forestales considera la ejecuci\u00f3n cortafuegos en la regi\u00f3n.<\/em><\/p>\n<p style=\"text-align: justify;\">El Plan Nacional de Cortafuegos 2023-2024, acci\u00f3n conjunta entre el Ministerio de Obras P\u00fablicas y liderada por CONAF, surge por el riesgo de incendios forestales proyectados para los pr\u00f3ximos meses, considerando prioritario ejecutar un plan de obras de eliminaci\u00f3n de combustible vegetal con la construcci\u00f3n de cortafuegos preventivos, corta combustible y fajas libres de vegetaci\u00f3n.<\/p>\n<p style=\"text-align: justify;\">Para el logro de este objetivo, se han sumado importantes esfuerzos dentro del Ministerio de Obras P\u00fablicas desde Santiago la ministra Jessica L\u00f3pez junto a diversas autoridades efectuaba el lanzamiento de este Plan a nivel nacional y el subsecretario del MOP en su \u00faltima visita a la regi\u00f3n de Ays\u00e9n, aportaba dando gran relevancia a la ejecuci\u00f3n de las obras y a los equipos regionales a cargo de los trabajos, los que fueron visitados por \u00e9l para constatar sus avances, oportunidad en la que destac\u00f3: \u201cEn el transcurso del a\u00f1o 2023, Chile experiment\u00f3 una de sus temporadas m\u00e1s fuertes en materia de incendios forestales. Por esta raz\u00f3n, junto con CONAF y el Ministerio del Interior a trav\u00e9s de SENAPRED, hemos generado un gran Plan de Prevenci\u00f3n de Incendios Forestales que tiene en su coraz\u00f3n la generaci\u00f3n de grandes intervenciones de cortafuegos. Eso es lo que estamos viendo hoy en la regi\u00f3n de Ays\u00e9n como parte de este Plan\u201d.<\/p>\n<p style=\"text-align: justify;\">El Ministerio de Obras P\u00fablicas ejecutar\u00e1 2.196 de los 3.361 kil\u00f3metros de cortafuegos previstos para esta temporada a nivel nacional, mediante el despliegue en todo el pa\u00eds de m\u00e1s de 1.400 funcionarios y funcionarias de la Direcci\u00f3n de Vialidad, entre operadores de maquinaria, veh\u00edculos y cuadrillas, quienes contar\u00e1n con el respaldo de cerca de 1.100 m\u00e1quinas y veh\u00edculos de apoyo.<\/p>\n<p style=\"text-align: justify;\">Estas cifras son muy importantes, asegur\u00f3 Patricio Sanhueza, Secretario Regional Ministerial de Obras P\u00fablicas, quien refrend\u00f3 esta informaci\u00f3n, indicando que \u201cel presidente Gabriel Boric ha dado prioridad a este Plan y nosotros, como Ministerio de Obras P\u00fablicas, contribuimos en la regi\u00f3n de Ays\u00e9n con 43,1 km. Buscamos eliminar la vegetaci\u00f3n a trav\u00e9s de la ejecuci\u00f3n de obras con cortafuegos preventivos, zonas libres de vegetaci\u00f3n, como lo estamos haciendo en el camino Coyhaique-Puerto Ays\u00e9n y con corta combustibles. Estamos trabajando en cada una de estas tareas, tenemos importantes avances, los que inspeccionamos junto al subsecretario de Obras P\u00fablicas, dando con ello la importancia que requiere materializar estas obras, que suman esfuerzos para que podamos prevenir incendios forestales y con ello eventuales afectaciones a las personas y a la infraestructura p\u00fablica\u201d.<\/p>\n<p style=\"text-align: justify;\">En tanto, en otra \u00e1rea del gobierno, el Delegado Presidencial Regional Rodrigo Araya Morales ha destacado que en la regi\u00f3n de Ays\u00e9n se est\u00e1 trabajando en actividades concretas para evitar incendios forestales, recalcando labor intersectorial y coordinada en beneficio de la seguridad de las comunidades. \u00abLas limpiezas de las fajas fiscales, los espacios que est\u00e1n ubicados alrededor de las carreteras son muy importantes. Conaf, Municipios y Vialidad est\u00e1n trabajando activamente en eso. Hay puntos cr\u00edticos que ya se han pre definido, en donde Vialidad ya ha despejado una importante cantidad de kil\u00f3metros comprometidos, por lo tanto todos estamos trabajando por la seguridad p\u00fablica para que en esta regi\u00f3n no ocurran siniestros de este tipo\u201d<\/p>\n<p style=\"text-align: justify;\">Otro importante aporte realizan desde el Ministerio de Agricultura, quienes en la regi\u00f3n de Ays\u00e9n son representados por el Seremi de Agricultura, Alan Espinoza Ortiz, quien destac\u00f3 esta medida que se suma al aumento del presupuesto para abordar las actividades preventivas y de combate de incendios: \u201cAnte la emergencia clim\u00e1tica mundial, que tambi\u00e9n afecta a nuestra regi\u00f3n, debemos actuar con el m\u00e1ximo de recursos y voluntad. Como ha solicitado el presidente Boric, quien ha fortalecido el presupuesto de Conaf en incendios, es crucial promover la m\u00e1xima colaboraci\u00f3n entre los organismos p\u00fablicos, para optimizar y multiplicar los esfuerzos\u00bb, expres\u00f3.<\/p>\n<p style=\"text-align: justify;\">El gobierno del presidente Gabriel Boric present\u00f3 en septiembre de este a\u00f1o el Plan Nacional para la Prevenci\u00f3n, Mitigaci\u00f3n y Combate de Incendios 2023-2024. Anunciaron el aumento del presupuesto en un 47% en esta \u00e1rea, lo que implica la generaci\u00f3n de m\u00e1s cortafuegos, tareas de limpieza y recursos para el arriendo de aeronaves de vigilancia y para el combate del fuego. Contamos con 15 brigadas para prevenci\u00f3n y control de incendios forestales desde la Junta hasta Cochrane con una dotaci\u00f3n total de 100 Brigadistas, que integran la fuerza de combate presente en el territorio regional.<\/p>\n<p style=\"text-align: justify;\">Adem\u00e1s, se cuenta con el refuerzo de un helic\u00f3ptero institucional a partir del 10 de diciembre del presente a\u00f1o, con base en el Aer\u00f3dromo Teniente Vidal. La aeronave tiene una autonom\u00eda para el combate de dos horas de vuelo y efect\u00faa descargas de hasta mil litros. Desde el inicio del periodo de mayor exposici\u00f3n al riesgo de ocurrencia de incendios forestales, se han registrado 4 incendios: 2 en la comuna de Ib\u00e1\u00f1ez, 1 en la comuna de O\u2019Higgins y 1 en la comuna de Coyhaique, afectando una superficie total de 20 hect\u00e1reas.<\/p>\n<\/div><\/section><\/div><div  style='height:50px' class='hr hr-invisible   avia-builder-el-6  el_after_av_one_full  el_before_av_social_share '><span class='hr-inner ' ><span class='hr-inner-style'><\/span><\/span><\/div><\/p>\n<div  class='av-social-sharing-box  avia-builder-el-7  el_after_av_hr  el_before_av_hr  '><div class='av-share-box'><h5 class='av-share-link-description av-no-toc '>Compartir esta noticia<\/h5><ul class='av-share-box-list noLightbox'><li class='av-share-link av-social-link-facebook' ><a target=\"_blank\" aria-label=\"Compartir en Facebook\" href='https:\/\/www.facebook.com\/sharer.php?u=https:\/\/radiorevelacionfm.cl\/?p=37579&#038;t=Inician%20plan%20de%20construcci%C3%B3n%20de%20cortafuegos%20para%20prevenir%20incendios%20forestales%20en%20regi%C3%B3n%20de%20Ays%C3%A9n' aria-hidden='false' data-av_icon='\ue8f3' data-av_iconfont='entypo-fontello' title='' data-avia-related-tooltip='Compartir en Facebook' rel=\"noopener\"><span class='avia_hidden_link_text'>Compartir en Facebook<\/span><\/a><\/li><li class='av-share-link av-social-link-twitter' ><a target=\"_blank\" aria-label=\"Compartir en Twitter\" href='https:\/\/twitter.com\/share?text=Inician%20plan%20de%20construcci%C3%B3n%20de%20cortafuegos%20para%20prevenir%20incendios%20forestales%20en%20regi%C3%B3n%20de%20Ays%C3%A9n&#038;url=https:\/\/radiorevelacionfm.cl\/?p=37579' aria-hidden='false' data-av_icon='\ue8f1' data-av_iconfont='entypo-fontello' title='' data-avia-related-tooltip='Compartir en Twitter' rel=\"noopener\"><span class='avia_hidden_link_text'>Compartir en Twitter<\/span><\/a><\/li><li class='av-share-link av-social-link-whatsapp' ><a target=\"_blank\" aria-label=\"Compartir en Whatsapp\" href='https:\/\/api.whatsapp.com\/send?text=https:\/\/radiorevelacionfm.cl\/?p=37579' aria-hidden='false' data-av_icon='\uf232' data-av_iconfont='entypo-fontello' title='' data-avia-related-tooltip='Compartir en Whatsapp' rel=\"noopener\"><span class='avia_hidden_link_text'>Compartir en Whatsapp<\/span><\/a><\/li><li class='av-share-link av-social-link-linkedin' ><a target=\"_blank\" aria-label=\"Compartir en LinkedIn\" href='https:\/\/linkedin.com\/shareArticle?mini=true&#038;title=Inician%20plan%20de%20construcci%C3%B3n%20de%20cortafuegos%20para%20prevenir%20incendios%20forestales%20en%20regi%C3%B3n%20de%20Ays%C3%A9n&#038;url=https:\/\/radiorevelacionfm.cl\/?p=37579' aria-hidden='false' data-av_icon='\ue8fc' data-av_iconfont='entypo-fontello' title='' data-avia-related-tooltip='Compartir en LinkedIn' rel=\"noopener\"><span class='avia_hidden_link_text'>Compartir en LinkedIn<\/span><\/a><\/li><li class='av-share-link av-social-link-mail' ><a  aria-label=\"Compartir por correo\" href='mailto:?subject=Inician%20plan%20de%20construcci%C3%B3n%20de%20cortafuegos%20para%20prevenir%20incendios%20forestales%20en%20regi%C3%B3n%20de%20Ays%C3%A9n&#038;body=https:\/\/radiorevelacionfm.cl\/?p=37579' aria-hidden='false' data-av_icon='\ue805' data-av_iconfont='entypo-fontello' title='' data-avia-related-tooltip='Compartir por correo'><span class='avia_hidden_link_text'>Compartir por correo<\/span><\/a><\/li><\/ul><\/div><\/div>\n<div  style='height:50px' class='hr hr-invisible   avia-builder-el-8  el_after_av_social_share  el_before_av_comments_list '><span class='hr-inner ' ><span class='hr-inner-style'><\/span><\/span><\/div>\n<div  class='av-buildercomment  av-blog-meta-html-info-disabled av-blog-meta-tag-disabled  '><\/div>\n","protected":false},"excerpt":{"rendered":"","protected":false},"author":1,"featured_media":37580,"comment_status":"open","ping_status":"open","sticky":false,"template":"","format":"standard","meta":{"footnotes":""},"categories":[38],"tags":[],"class_list":["post-37579","post","type-post","status-publish","format-standard","has-post-thumbnail","hentry","category-regional"],"jetpack_featured_media_url":"https:\/\/radiorevelacionfm.cl\/wp-content\/uploads\/2023\/11\/cortafuegos-dos-1_optimized-1.jpg","_links":{"self":[{"href":"https:\/\/radiorevelacionfm.cl\/index.php?rest_route=\/wp\/v2\/posts\/37579","targetHints":{"allow":["GET"]}}],"collection":[{"href":"https:\/\/radiorevelacionfm.cl\/index.php?rest_route=\/wp\/v2\/posts"}],"about":[{"href":"https:\/\/radiorevelacionfm.cl\/index.php?rest_route=\/wp\/v2\/types\/post"}],"author":[{"embeddable":true,"href":"https:\/\/radiorevelacionfm.cl\/index.php?rest_route=\/wp\/v2\/users\/1"}],"replies":[{"embeddable":true,"href":"https:\/\/radiorevelacionfm.cl\/index.php?rest_route=%2Fwp%2Fv2%2Fcomments&post=37579"}],"version-history":[{"count":1,"href":"https:\/\/radiorevelacionfm.cl\/index.php?rest_route=\/wp\/v2\/posts\/37579\/revisions"}],"predecessor-version":[{"id":37581,"href":"https:\/\/radiorevelacionfm.cl\/index.php?rest_route=\/wp\/v2\/posts\/37579\/revisions\/37581"}],"wp:featuredmedia":[{"embeddable":true,"href":"https:\/\/radiorevelacionfm.cl\/index.php?rest_route=\/wp\/v2\/media\/37580"}],"wp:attachment":[{"href":"https:\/\/radiorevelacionfm.cl\/index.php?rest_route=%2Fwp%2Fv2%2Fmedia&parent=37579"}],"wp:term":[{"taxonomy":"category","embeddable":true,"href":"https:\/\/radiorevelacionfm.cl\/index.php?rest_route=%2Fwp%2Fv2%2Fcategories&post=37579"},{"taxonomy":"post_tag","embeddable":true,"href":"https:\/\/radiorevelacionfm.cl\/index.php?rest_route=%2Fwp%2Fv2%2Ftags&post=37579"}],"curies":[{"name":"wp","href":"https:\/\/api.w.org\/{rel}","templated":true}]}}