{"id":37576,"date":"2023-12-01T11:10:30","date_gmt":"2023-12-01T14:10:30","guid":{"rendered":"https:\/\/radiorevelacionfm.cl\/?p=37576"},"modified":"2023-12-01T11:10:30","modified_gmt":"2023-12-01T14:10:30","slug":"seremi-de-gobierno-aysen-destaca-aprobacion-del-presupuesto-2024","status":"publish","type":"post","link":"https:\/\/radiorevelacionfm.cl\/?p=37576","title":{"rendered":"Seremi de Gobierno Ays\u00e9n destaca aprobaci\u00f3n del Presupuesto 2024"},"content":{"rendered":"<div class=\"flex_column av_one_full  flex_column_div av-zero-column-padding first  avia-builder-el-0  el_before_av_one_full  avia-builder-el-first  \" style='border-radius:0px; '><div  class='avia-image-container  av-styling-    avia-builder-el-1  avia-builder-el-no-sibling  avia-align-center '  itemprop=\"image\" itemscope=\"itemscope\" itemtype=\"https:\/\/schema.org\/ImageObject\"  ><div class='avia-image-container-inner'><div class='avia-image-overlay-wrap'><img decoding=\"async\" class='wp-image-37577 avia-img-lazy-loading-not-37577 avia_image' src=\"https:\/\/radiorevelacionfm.cl\/wp-content\/uploads\/2023\/11\/presupuesto-2024-1_optimized.jpg\" alt='' title='presupuesto-2024-(1)_optimized' height=\"600\" width=\"1080\"  itemprop=\"thumbnailUrl\" srcset=\"https:\/\/radiorevelacionfm.cl\/wp-content\/uploads\/2023\/11\/presupuesto-2024-1_optimized.jpg 1080w, https:\/\/radiorevelacionfm.cl\/wp-content\/uploads\/2023\/11\/presupuesto-2024-1_optimized-300x167.jpg 300w, https:\/\/radiorevelacionfm.cl\/wp-content\/uploads\/2023\/11\/presupuesto-2024-1_optimized-1030x572.jpg 1030w, https:\/\/radiorevelacionfm.cl\/wp-content\/uploads\/2023\/11\/presupuesto-2024-1_optimized-768x427.jpg 768w, https:\/\/radiorevelacionfm.cl\/wp-content\/uploads\/2023\/11\/presupuesto-2024-1_optimized-705x392.jpg 705w, https:\/\/radiorevelacionfm.cl\/wp-content\/uploads\/2023\/11\/presupuesto-2024-1_optimized-450x250.jpg 450w, https:\/\/radiorevelacionfm.cl\/wp-content\/uploads\/2023\/11\/presupuesto-2024-1_optimized-600x333.jpg 600w\" sizes=\"(max-width: 1080px) 100vw, 1080px\" \/><\/div><\/div><\/div><\/div><div class=\"flex_column av_one_full  flex_column_div av-zero-column-padding first  avia-builder-el-2  el_after_av_one_full  el_before_av_one_full  column-top-margin\" style='border-radius:0px; '><section class=\"av_textblock_section \"  itemscope=\"itemscope\" itemtype=\"https:\/\/schema.org\/BlogPosting\" itemprop=\"blogPost\" ><div class='avia_textblock  '   itemprop=\"text\" ><p style=\"text-align: center;\"><strong><span style=\"font-size: 18pt;\">Seremi de Gobierno Ays\u00e9n destaca aprobaci\u00f3n del Presupuesto 2024<\/span><\/strong><\/p>\n<div id=\"gtx-trans\" style=\"position: absolute; left: -50px; top: 4.31534px;\">\n<div class=\"gtx-trans-icon\"><\/div>\n<\/div>\n<\/div><\/section><\/div><div class=\"flex_column av_one_full  flex_column_div av-zero-column-padding first  avia-builder-el-4  el_after_av_one_full  el_before_av_hr  column-top-margin\" style='border-radius:0px; '><section class=\"av_textblock_section \"  itemscope=\"itemscope\" itemtype=\"https:\/\/schema.org\/BlogPosting\" itemprop=\"blogPost\" ><div class='avia_textblock  '   itemprop=\"text\" ><p style=\"text-align: justify;\">El Presupuesto 2024, que fue ratificado por el Senado por 38 votos a favor y dos en contra, qued\u00f3 listo para ser promulgado por el Ejecutivo, despu\u00e9s de dos meses de discusi\u00f3n en el Congreso. La iniciativa fue visada por la C\u00e1mara de Diputadas y Diputados y por el Senado este martes 28 de noviembre, al aprobar el informe elaborado por la Comisi\u00f3n Mixta.<\/p>\n<p style=\"text-align: justify;\">Las principales \u00e1reas de incremento en el erario estatal son salud en 8,1%, vivienda en 11,9%, seguridad p\u00fablica en 5,7%, emergencias en 28%, cuidados en 20% y cultura en 6,8%.<\/p>\n<p style=\"text-align: justify;\">El Presupuesto 2024 representa la consolidaci\u00f3n de los avances logrados con el Presupuesto 2023, lo que implica que seguir\u00e1n materializ\u00e1ndose mejoras para la ciudadan\u00eda en aspectos tan relevantes y urgentes como seguridad p\u00fablica, seguridad econ\u00f3mica y seguridad social. El Presupuesto en 2024 crecer\u00e1 un 3,5% en comparaci\u00f3n con el Erario Fiscal de este a\u00f1o, reafirmando la senda de responsabilidad fiscal comprometida por este Gobierno.<\/p>\n<p style=\"text-align: justify;\">\u201cEl Gobierno logr\u00f3 consensuar un buen presupuesto, el segundo del Presidente Gabriel Boric, en el que se fortalecen los ejes comprometidos en materia de seguridad econ\u00f3mica, social y ciudadana junto con asegurar un mejor gasto p\u00fablico. El pr\u00f3ximo a\u00f1o estar\u00e1 marcado por la reactivaci\u00f3n econ\u00f3mica, donde buscaremos consolidar lo logrado con nuestra gesti\u00f3n, incluyendo el Presupuesto 2024, a trav\u00e9s de la expansi\u00f3n del gasto p\u00fablico en 3,5% para reforzar a nuestras polic\u00edas, seguir recuperando espacios p\u00fablicos, construir nuevos hospitales y aumentar el n\u00famero de cirug\u00edas y procedimientos para que m\u00e1s personas puedan operarse oportunamente. M\u00e1s viviendas, porque sabemos que una casa es m\u00e1s que un techo, es una vida. Por eso, el Presupuesto aumenta en 552 mil millones de pesos los recursos en inversi\u00f3n habitacional para avanzar hacia la meta de entregar 260 mil viviendas hacia el final de este Gobierno\u201d, indic\u00f3 Tatiana Pl\u00e1 \u00c1lvarez, seremi de Gobierno regi\u00f3n de Ays\u00e9n.<\/p>\n<p style=\"text-align: justify;\">Tambi\u00e9n destaca el aumento de recursos en un tema que preocupa a la ciudadan\u00eda, en el que se han hecho contundentes avances, a trav\u00e9s del Plan Nacional Contra el Crimen Organizado, el que incorpora 78 mil millones de pesos para fortalecer la coordinaci\u00f3n entre Carabineros, la PDI, Aduanas, la Direcci\u00f3n General del Territorio Mar\u00edtimo y Marina Mercante de Chile (Directemar) y la Direcci\u00f3n General de Aeron\u00e1utica Civil (DGAC).<\/p>\n<p style=\"text-align: justify;\">Se renovar\u00e1n 201 veh\u00edculos de la PDI y se adquirir\u00e1n m\u00e1s de mil nuevos veh\u00edculos para Carabineros. Para seguir avanzando en barrios m\u00e1s seguros, se destinar\u00e1n 24 mil 251 millones de pesos al Plan Calles Sin Violencia. El presupuesto para Carabineros se incrementar\u00e1 en 19 mil 153 millones de pesos, para aumentar la dotaci\u00f3n y adquirir equipamiento policial. Se incrementar\u00e1 en un 4,5% el presupuesto del Ministerio P\u00fablico, lo que permitir\u00e1, entre otras cosas, instalar tres nuevas fiscal\u00edas locales en el norte del pa\u00eds y en Puerto Williams.<\/p>\n<p style=\"text-align: justify;\">Se aumentar\u00e1n en hasta 3 mil 500 millones de pesos los recursos destinados para que el Servicio Nacional de Migraciones ejecute expulsiones administrativas, casi duplic\u00e1ndose el monto original, lo que permitir\u00e1 llevar a cabo 2 mil expulsiones durante 2024.<\/p>\n<p style=\"text-align: justify;\">\u201cEste es un presupuesto para avanzar en mayor seguridad y orden p\u00fablico, con un incremento del 5,7% de los recursos en este \u00e1mbito, lo que se traducir\u00e1 en m\u00e1s veh\u00edculos para Carabineros y PDI, m\u00e1s recursos para que el Ministerio P\u00fablico persiga los delitos, para potenciar el programa Plan Calles sin Violencia y combatir los homicidios en nuestro pa\u00eds. Adem\u00e1s, el Plan Nacional Contra el Crimen Organizado incorpora 78 mil millones de pesos. En fin, un presupuesto pensado para los grandes desaf\u00edos que tenemos en seguridad\u201d, a\u00f1adi\u00f3 la vocera de Gobierno.<\/p>\n<p style=\"text-align: justify;\">Cabe se\u00f1alar, que durante la discusi\u00f3n del proyecto varios de los exponentes agradecieron la capacidad de di\u00e1logo del ministro de Hacienda, Mario Marcel, y de su equipo. Valoraron, de igual modo, los acuerdos alcanzados durante todo el tr\u00e1mite, al tiempo que relevaron el rol del Congreso Nacional para mejorar la propuesta del Gobierno. En este contexto, resaltaron los avances en seguridad social y en apoyo a las mipymes. Tambi\u00e9n destacaron mejoras en transportes, salud primaria y en educaci\u00f3n p\u00fablica, entre otros temas.<\/p>\n<p style=\"text-align: justify;\">Para elaborar el Presupuesto 2024, el Ejecutivo recogi\u00f3 las recomendaciones de la Comisi\u00f3n Asesora Ministerial para regular la relaci\u00f3n entre las Instituciones Privadas sin fines de lucro y el Estado, y propuso m\u00e1s de 1.000 cambios normativos para elevar los est\u00e1ndares en el uso de los recursos p\u00fablicos. Estas modificaciones fueron respaldadas por el Congreso, y se tradujeron en la creaci\u00f3n y formulaci\u00f3n de cuatro art\u00edculos, 672 cambios en glosas y 336 cambios en asignaciones presupuestarias.<\/p>\n<\/div><\/section><\/div><div  style='height:50px' class='hr hr-invisible   avia-builder-el-6  el_after_av_one_full  el_before_av_social_share '><span class='hr-inner ' ><span class='hr-inner-style'><\/span><\/span><\/div><\/p>\n<div  class='av-social-sharing-box  avia-builder-el-7  el_after_av_hr  el_before_av_hr  '><div class='av-share-box'><h5 class='av-share-link-description av-no-toc '>Compartir esta noticia<\/h5><ul class='av-share-box-list noLightbox'><li class='av-share-link av-social-link-facebook' ><a target=\"_blank\" aria-label=\"Compartir en Facebook\" href='https:\/\/www.facebook.com\/sharer.php?u=https:\/\/radiorevelacionfm.cl\/?p=37576&#038;t=Seremi%20de%20Gobierno%20Ays%C3%A9n%20destaca%20aprobaci%C3%B3n%20del%20Presupuesto%202024' aria-hidden='false' data-av_icon='\ue8f3' data-av_iconfont='entypo-fontello' title='' data-avia-related-tooltip='Compartir en Facebook' rel=\"noopener\"><span class='avia_hidden_link_text'>Compartir en Facebook<\/span><\/a><\/li><li class='av-share-link av-social-link-twitter' ><a target=\"_blank\" aria-label=\"Compartir en Twitter\" href='https:\/\/twitter.com\/share?text=Seremi%20de%20Gobierno%20Ays%C3%A9n%20destaca%20aprobaci%C3%B3n%20del%20Presupuesto%202024&#038;url=https:\/\/radiorevelacionfm.cl\/?p=37576' aria-hidden='false' data-av_icon='\ue8f1' data-av_iconfont='entypo-fontello' title='' data-avia-related-tooltip='Compartir en Twitter' rel=\"noopener\"><span class='avia_hidden_link_text'>Compartir en Twitter<\/span><\/a><\/li><li class='av-share-link av-social-link-whatsapp' ><a target=\"_blank\" aria-label=\"Compartir en Whatsapp\" href='https:\/\/api.whatsapp.com\/send?text=https:\/\/radiorevelacionfm.cl\/?p=37576' aria-hidden='false' data-av_icon='\uf232' data-av_iconfont='entypo-fontello' title='' data-avia-related-tooltip='Compartir en Whatsapp' rel=\"noopener\"><span class='avia_hidden_link_text'>Compartir en Whatsapp<\/span><\/a><\/li><li class='av-share-link av-social-link-linkedin' ><a target=\"_blank\" aria-label=\"Compartir en LinkedIn\" href='https:\/\/linkedin.com\/shareArticle?mini=true&#038;title=Seremi%20de%20Gobierno%20Ays%C3%A9n%20destaca%20aprobaci%C3%B3n%20del%20Presupuesto%202024&#038;url=https:\/\/radiorevelacionfm.cl\/?p=37576' aria-hidden='false' data-av_icon='\ue8fc' data-av_iconfont='entypo-fontello' title='' data-avia-related-tooltip='Compartir en LinkedIn' rel=\"noopener\"><span class='avia_hidden_link_text'>Compartir en LinkedIn<\/span><\/a><\/li><li class='av-share-link av-social-link-mail' ><a  aria-label=\"Compartir por correo\" href='mailto:?subject=Seremi%20de%20Gobierno%20Ays%C3%A9n%20destaca%20aprobaci%C3%B3n%20del%20Presupuesto%202024&#038;body=https:\/\/radiorevelacionfm.cl\/?p=37576' aria-hidden='false' data-av_icon='\ue805' data-av_iconfont='entypo-fontello' title='' data-avia-related-tooltip='Compartir por correo'><span class='avia_hidden_link_text'>Compartir por correo<\/span><\/a><\/li><\/ul><\/div><\/div>\n<div  style='height:50px' class='hr hr-invisible   avia-builder-el-8  el_after_av_social_share  el_before_av_comments_list '><span class='hr-inner ' ><span class='hr-inner-style'><\/span><\/span><\/div>\n<div  class='av-buildercomment  av-blog-meta-html-info-disabled av-blog-meta-tag-disabled  '><\/div>\n","protected":false},"excerpt":{"rendered":"","protected":false},"author":1,"featured_media":37577,"comment_status":"open","ping_status":"open","sticky":false,"template":"","format":"standard","meta":{"footnotes":""},"categories":[38],"tags":[],"class_list":["post-37576","post","type-post","status-publish","format-standard","has-post-thumbnail","hentry","category-regional"],"jetpack_featured_media_url":"https:\/\/radiorevelacionfm.cl\/wp-content\/uploads\/2023\/11\/presupuesto-2024-1_optimized.jpg","_links":{"self":[{"href":"https:\/\/radiorevelacionfm.cl\/index.php?rest_route=\/wp\/v2\/posts\/37576","targetHints":{"allow":["GET"]}}],"collection":[{"href":"https:\/\/radiorevelacionfm.cl\/index.php?rest_route=\/wp\/v2\/posts"}],"about":[{"href":"https:\/\/radiorevelacionfm.cl\/index.php?rest_route=\/wp\/v2\/types\/post"}],"author":[{"embeddable":true,"href":"https:\/\/radiorevelacionfm.cl\/index.php?rest_route=\/wp\/v2\/users\/1"}],"replies":[{"embeddable":true,"href":"https:\/\/radiorevelacionfm.cl\/index.php?rest_route=%2Fwp%2Fv2%2Fcomments&post=37576"}],"version-history":[{"count":1,"href":"https:\/\/radiorevelacionfm.cl\/index.php?rest_route=\/wp\/v2\/posts\/37576\/revisions"}],"predecessor-version":[{"id":37578,"href":"https:\/\/radiorevelacionfm.cl\/index.php?rest_route=\/wp\/v2\/posts\/37576\/revisions\/37578"}],"wp:featuredmedia":[{"embeddable":true,"href":"https:\/\/radiorevelacionfm.cl\/index.php?rest_route=\/wp\/v2\/media\/37577"}],"wp:attachment":[{"href":"https:\/\/radiorevelacionfm.cl\/index.php?rest_route=%2Fwp%2Fv2%2Fmedia&parent=37576"}],"wp:term":[{"taxonomy":"category","embeddable":true,"href":"https:\/\/radiorevelacionfm.cl\/index.php?rest_route=%2Fwp%2Fv2%2Fcategories&post=37576"},{"taxonomy":"post_tag","embeddable":true,"href":"https:\/\/radiorevelacionfm.cl\/index.php?rest_route=%2Fwp%2Fv2%2Ftags&post=37576"}],"curies":[{"name":"wp","href":"https:\/\/api.w.org\/{rel}","templated":true}]}}