{"id":37567,"date":"2023-11-30T10:03:25","date_gmt":"2023-11-30T13:03:25","guid":{"rendered":"https:\/\/radiorevelacionfm.cl\/?p=37567"},"modified":"2023-11-30T10:03:25","modified_gmt":"2023-11-30T13:03:25","slug":"mop-capacita-a-150-dirigentes-y-operadores-de-comites-de-agua-potable-rural-de-la-region-de-aysen","status":"publish","type":"post","link":"https:\/\/radiorevelacionfm.cl\/?p=37567","title":{"rendered":"MOP capacita a 150 dirigentes y operadores de comit\u00e9s de Agua Potable Rural de la regi\u00f3n de Ays\u00e9n"},"content":{"rendered":"<div class=\"flex_column av_one_full  flex_column_div av-zero-column-padding first  avia-builder-el-0  el_before_av_one_full  avia-builder-el-first  \" style='border-radius:0px; '><div  class='avia-image-container  av-styling-    avia-builder-el-1  avia-builder-el-no-sibling  avia-align-center '  itemprop=\"image\" itemscope=\"itemscope\" itemtype=\"https:\/\/schema.org\/ImageObject\"  ><div class='avia-image-container-inner'><div class='avia-image-overlay-wrap'><img decoding=\"async\" class='wp-image-37568 avia-img-lazy-loading-not-37568 avia_image' src=\"https:\/\/radiorevelacionfm.cl\/wp-content\/uploads\/2023\/11\/uno-3-1_optimized-1_optimized.jpg\" alt='' title='uno-(3)-(1)_optimized-(1)_optimized' height=\"600\" width=\"900\"  itemprop=\"thumbnailUrl\" srcset=\"https:\/\/radiorevelacionfm.cl\/wp-content\/uploads\/2023\/11\/uno-3-1_optimized-1_optimized.jpg 900w, https:\/\/radiorevelacionfm.cl\/wp-content\/uploads\/2023\/11\/uno-3-1_optimized-1_optimized-300x200.jpg 300w, https:\/\/radiorevelacionfm.cl\/wp-content\/uploads\/2023\/11\/uno-3-1_optimized-1_optimized-768x512.jpg 768w, https:\/\/radiorevelacionfm.cl\/wp-content\/uploads\/2023\/11\/uno-3-1_optimized-1_optimized-705x470.jpg 705w, https:\/\/radiorevelacionfm.cl\/wp-content\/uploads\/2023\/11\/uno-3-1_optimized-1_optimized-450x300.jpg 450w, https:\/\/radiorevelacionfm.cl\/wp-content\/uploads\/2023\/11\/uno-3-1_optimized-1_optimized-600x400.jpg 600w\" sizes=\"(max-width: 900px) 100vw, 900px\" \/><\/div><\/div><\/div><\/div><div class=\"flex_column av_one_full  flex_column_div av-zero-column-padding first  avia-builder-el-2  el_after_av_one_full  el_before_av_one_full  column-top-margin\" style='border-radius:0px; '><section class=\"av_textblock_section \"  itemscope=\"itemscope\" itemtype=\"https:\/\/schema.org\/BlogPosting\" itemprop=\"blogPost\" ><div class='avia_textblock  '   itemprop=\"text\" ><p style=\"text-align: center;\"><strong><span style=\"font-size: 18pt;\">MOP capacita a 150 dirigentes y operadores de comit\u00e9s de Agua Potable Rural de la regi\u00f3n de Ays\u00e9n <\/span><\/strong><\/p>\n<div id=\"gtx-trans\" style=\"position: absolute; left: -50px; top: 4.31534px;\">\n<div class=\"gtx-trans-icon\"><\/div>\n<\/div>\n<\/div><\/section><\/div><div class=\"flex_column av_one_full  flex_column_div av-zero-column-padding first  avia-builder-el-4  el_after_av_one_full  el_before_av_hr  column-top-margin\" style='border-radius:0px; '><section class=\"av_textblock_section \"  itemscope=\"itemscope\" itemtype=\"https:\/\/schema.org\/BlogPosting\" itemprop=\"blogPost\" ><div class='avia_textblock  '   itemprop=\"text\" ><p style=\"text-align: justify;\"><em>En el Taller y Feria Regional de Servicios Sanitarios, el gobierno a trav\u00e9s del Ministerio de Obras P\u00fablicas destac\u00f3 especialmente a ocho Comit\u00e9s de Servicios Sanitarios Rurales por su capacidad y gesti\u00f3n administrativa, la que contribuye diariamente a entregar un mejor servicio a la comunidad.<\/em><\/p>\n<p style=\"text-align: justify;\">\u201cHemos trabajado s\u00faper bien con el MOP, hemos estado siempre muy bien informados de la Ley, de los art\u00edculos y se nos ha comunicado oportunamente. Para nosotros fue muy importante asistir al Taller para estar informados (\u2026) En este taller aprendimos sobre todo el uso del agua, las cloraciones para nosotros son muy importantes, los asuntos laborales para el operador, as\u00ed que esa informaci\u00f3n para nosotros es buena. Hay muchas cosas que uno ignora, pero gracias a esos talleres, uno se orienta un poquito\u201d, as\u00ed lo expres\u00f3 el presidente del Comit\u00e9 del Servicio Sanitario Rural de Puerto Guadal H\u00e9ctor Caimapo Gavil\u00e1n mientras participaba en el Taller y Feria Regional de Servicios Sanitarios, que se desarroll\u00f3 esta semana en dependencias del Hotel Dreams, en la ciudad de Coyhaique.<\/p>\n<p style=\"text-align: justify;\">Este Taller, organizado por la Subdirecci\u00f3n de Servicios Sanitarios Rurales de la Direcci\u00f3n Regional de Obras Hidr\u00e1ulicas del Ministerio de Obras P\u00fablicas, cont\u00f3 con la participaci\u00f3n de dirigentes y dirigentas de 38 Servicios Sanitarios Rurales provenientes de toda la regi\u00f3n de Ays\u00e9n, quienes ven en estas iniciativa una oportunidad de compartir conocimientos, experiencias, conversar acerca de sus requerimientos con otros integrantes de Comit\u00e9s de Agua Potable y con el Ministerio de Obras P\u00fablicas. Instancia en la que tambi\u00e9n fueron destacados ocho Comit\u00e9s de Servicios Sanitarios Rurales por su capacidad y gesti\u00f3n administrativa, como son los Comit\u00e9s de Puerto Guadal, Valle Simpson, La Junta, Villa Ma\u00f1ihuales, Alto Baguales, El Claro, Cerro Negro y Caleta Tortel.<\/p>\n<p style=\"text-align: justify;\">Elena Hermosilla Berrocal, tesorera del Comit\u00e9 de Agua Potable Rural de Mall\u00edn Grande, quien ha participado en estos Talleres desde hace muchos a\u00f1os, nos coment\u00f3 su experiencia. \u201cHe participado en varios talleres. Bien para nuestros Comit\u00e9s, porque uno se lleva aprendizaje de lo que se viene, de lo que hay y tambi\u00e9n aprendizaje de los otros Comit\u00e9s como est\u00e1n funcionando, as\u00ed que es muy positivo\u201d<\/p>\n<p style=\"text-align: justify;\">La finalidad de esta iniciativa gubernamental, fue fortalecer el conocimiento de quienes tienen la responsabilidad de administrar, operar y mantener los Servicios Sanitarios Rurales que existen en la regi\u00f3n, y que adem\u00e1s, hoy entregan agua potable en sus hogares a 27.300 personas.<\/p>\n<p style=\"text-align: justify;\">Marta Arias, secretaria del Comit\u00e9 del Servicio Sanitario Rural de Villa La Tapera enfatiz\u00f3 en la importancia de estos talleres, se\u00f1alando que le gust\u00f3 mucho participar. \u201cFue muy importante para nuestra organizaci\u00f3n, para m\u00ed especialmente como secretaria, ya que el tema legal de repente es muy importante en el Comit\u00e9. Adem\u00e1s, trabajar con personas es dif\u00edcil, entonces estas instancias a uno lo apoyan y sirven para seguir adelante. Agradezco la invitaci\u00f3n y la organizaci\u00f3n de este taller\u201d.<\/p>\n<p style=\"text-align: justify;\">En este Taller, Rodrigo Araya Morales, Delegado Presidencial de la Regi\u00f3n de Ays\u00e9n destac\u00f3 el trabajo de cada dirigente y operador que asisti\u00f3, se\u00f1alando que \u201clo m\u00e1s importante es el tremendo aporte que realiza cada operador y operadora para trabajar para sus vecinos y as\u00ed permitirles contar con agua potable\u201d, afirm\u00f3 la m\u00e1xima autoridad regional.<\/p>\n<p style=\"text-align: justify;\">Las instituciones y expositores que asistieron a esta jornada de trabajo entregaron a las personas usuarias\/os informaci\u00f3n, mayores conocimientos y nuevas herramientas que fortalecer\u00e1n a los integrantes de cada Comit\u00e9 en su gesti\u00f3n, en materias relevantes tales como la implementaci\u00f3n de la Ley 20.998 que regula actuar de los Servicios Sanitarios Rurales y los avances que a la fecha presenta la Mesa \u00danica Nacional del Agua, inscripci\u00f3n de derechos de agua; deberes administrativos de los Comit\u00e9s, los reajustes de tarifa; seguridad laboral, expropiaciones, fiscalizaci\u00f3n del Servicio de Salud; la toma de muestras, gesti\u00f3n comunitaria, la labor de la SISS; programaci\u00f3n de mejoramientos de los Sistemas para el a\u00f1o 2024; la realizaci\u00f3n de una actividad pr\u00e1ctica para los operadores del sistema con el objeto de que puedan instruirse en materias como electrofusi\u00f3n, mantenimiento de ventosas, revisi\u00f3n de bombas y cloraci\u00f3n. Este Taller tambi\u00e9n, consider\u00f3 la realizaci\u00f3n de\u00a0 una Feria Regional de Servicios Sanitarios para que los integrantes de los Comit\u00e9s puedan conocer a las empresas y proveedores disponibles en la regi\u00f3n de Ays\u00e9n y en el pa\u00eds, con productos para la mantenci\u00f3n, operaci\u00f3n y administraci\u00f3n de los Servicios Sanitarios Rurales.<\/p>\n<p style=\"text-align: justify;\">Consultado al respecto, Patricio Sanhueza Ulloa, Secretario Regional Ministerial de Obras P\u00fablicas, agradeci\u00f3 la gran convocatoria que tuvo el Taller e indic\u00f3 que \u201cgran parte de los Servicios Sanitarios Rurales de la regi\u00f3n estuvieron representados por cada dirigente, dirigenta y operador, y se realiz\u00f3 una actualizaci\u00f3n en temas normativos, administrativos y tambi\u00e9n t\u00e9cnicos\u201d, asimismo enfatiz\u00f3 en lo importante que son este tipo de iniciativas, indicando al respecto que \u201ces muy significativo para nosotros como Gobierno, porque es un tema prioritario tanto el acceso al agua como que el suministro del agua sea eficiente, tanto en cantidad como en calidad y esta jornada de trabajo contribuye a ello\u201d, afirm\u00f3.<\/p>\n<p style=\"text-align: justify;\">La autoridad regional de Obras P\u00fablicas concluy\u00f3 que \u201cen este momento como Ministerio de Obras P\u00fablicas junto a los y las representantes de las comunidades de todo el pa\u00eds, integramos la Mesa \u00danica Nacional del Agua, instancia en la que estamos aportando y discutiendo mejoras y modificaciones a la Ley que rige actuar de los Servicios Sanitarios Rurales, en donde tenemos un representante regional, por lo que en esta instancia de participaci\u00f3n tambi\u00e9n hemos propiciado la comunicaci\u00f3n entre los diversos dirigentes y dirigentas de los Servicios Sanitarios Rurales de la regi\u00f3n para que producto se este di\u00e1logo se generen propuestas para modificar esta \u00a0ley\u201d.<\/p>\n<\/div><\/section><\/div><div  style='height:50px' class='hr hr-invisible   avia-builder-el-6  el_after_av_one_full  el_before_av_social_share '><span class='hr-inner ' ><span class='hr-inner-style'><\/span><\/span><\/div><\/p>\n<div  class='av-social-sharing-box  avia-builder-el-7  el_after_av_hr  el_before_av_hr  '><div class='av-share-box'><h5 class='av-share-link-description av-no-toc '>Compartir esta noticia<\/h5><ul class='av-share-box-list noLightbox'><li class='av-share-link av-social-link-facebook' ><a target=\"_blank\" aria-label=\"Compartir en Facebook\" href='https:\/\/www.facebook.com\/sharer.php?u=https:\/\/radiorevelacionfm.cl\/?p=37567&#038;t=MOP%20capacita%20a%20150%20dirigentes%20y%20operadores%20de%20comit%C3%A9s%20de%20Agua%20Potable%20Rural%20de%20la%20regi%C3%B3n%20de%20Ays%C3%A9n' aria-hidden='false' data-av_icon='\ue8f3' data-av_iconfont='entypo-fontello' title='' data-avia-related-tooltip='Compartir en Facebook' rel=\"noopener\"><span class='avia_hidden_link_text'>Compartir en Facebook<\/span><\/a><\/li><li class='av-share-link av-social-link-twitter' ><a target=\"_blank\" aria-label=\"Compartir en Twitter\" href='https:\/\/twitter.com\/share?text=MOP%20capacita%20a%20150%20dirigentes%20y%20operadores%20de%20comit%C3%A9s%20de%20Agua%20Potable%20Rural%20de%20la%20regi%C3%B3n%20de%20Ays%C3%A9n&#038;url=https:\/\/radiorevelacionfm.cl\/?p=37567' aria-hidden='false' data-av_icon='\ue8f1' data-av_iconfont='entypo-fontello' title='' data-avia-related-tooltip='Compartir en Twitter' rel=\"noopener\"><span class='avia_hidden_link_text'>Compartir en Twitter<\/span><\/a><\/li><li class='av-share-link av-social-link-whatsapp' ><a target=\"_blank\" aria-label=\"Compartir en Whatsapp\" href='https:\/\/api.whatsapp.com\/send?text=https:\/\/radiorevelacionfm.cl\/?p=37567' aria-hidden='false' data-av_icon='\uf232' data-av_iconfont='entypo-fontello' title='' data-avia-related-tooltip='Compartir en Whatsapp' rel=\"noopener\"><span class='avia_hidden_link_text'>Compartir en Whatsapp<\/span><\/a><\/li><li class='av-share-link av-social-link-linkedin' ><a target=\"_blank\" aria-label=\"Compartir en LinkedIn\" href='https:\/\/linkedin.com\/shareArticle?mini=true&#038;title=MOP%20capacita%20a%20150%20dirigentes%20y%20operadores%20de%20comit%C3%A9s%20de%20Agua%20Potable%20Rural%20de%20la%20regi%C3%B3n%20de%20Ays%C3%A9n&#038;url=https:\/\/radiorevelacionfm.cl\/?p=37567' aria-hidden='false' data-av_icon='\ue8fc' data-av_iconfont='entypo-fontello' title='' data-avia-related-tooltip='Compartir en LinkedIn' rel=\"noopener\"><span class='avia_hidden_link_text'>Compartir en LinkedIn<\/span><\/a><\/li><li class='av-share-link av-social-link-mail' ><a  aria-label=\"Compartir por correo\" href='mailto:?subject=MOP%20capacita%20a%20150%20dirigentes%20y%20operadores%20de%20comit%C3%A9s%20de%20Agua%20Potable%20Rural%20de%20la%20regi%C3%B3n%20de%20Ays%C3%A9n&#038;body=https:\/\/radiorevelacionfm.cl\/?p=37567' aria-hidden='false' data-av_icon='\ue805' data-av_iconfont='entypo-fontello' title='' data-avia-related-tooltip='Compartir por correo'><span class='avia_hidden_link_text'>Compartir por correo<\/span><\/a><\/li><\/ul><\/div><\/div>\n<div  style='height:50px' class='hr hr-invisible   avia-builder-el-8  el_after_av_social_share  el_before_av_comments_list '><span class='hr-inner ' ><span class='hr-inner-style'><\/span><\/span><\/div>\n<div  class='av-buildercomment  av-blog-meta-html-info-disabled av-blog-meta-tag-disabled  '><\/div>\n","protected":false},"excerpt":{"rendered":"","protected":false},"author":1,"featured_media":37568,"comment_status":"open","ping_status":"open","sticky":false,"template":"","format":"standard","meta":{"footnotes":""},"categories":[38],"tags":[],"class_list":["post-37567","post","type-post","status-publish","format-standard","has-post-thumbnail","hentry","category-regional"],"jetpack_featured_media_url":"https:\/\/radiorevelacionfm.cl\/wp-content\/uploads\/2023\/11\/uno-3-1_optimized-1_optimized.jpg","_links":{"self":[{"href":"https:\/\/radiorevelacionfm.cl\/index.php?rest_route=\/wp\/v2\/posts\/37567","targetHints":{"allow":["GET"]}}],"collection":[{"href":"https:\/\/radiorevelacionfm.cl\/index.php?rest_route=\/wp\/v2\/posts"}],"about":[{"href":"https:\/\/radiorevelacionfm.cl\/index.php?rest_route=\/wp\/v2\/types\/post"}],"author":[{"embeddable":true,"href":"https:\/\/radiorevelacionfm.cl\/index.php?rest_route=\/wp\/v2\/users\/1"}],"replies":[{"embeddable":true,"href":"https:\/\/radiorevelacionfm.cl\/index.php?rest_route=%2Fwp%2Fv2%2Fcomments&post=37567"}],"version-history":[{"count":1,"href":"https:\/\/radiorevelacionfm.cl\/index.php?rest_route=\/wp\/v2\/posts\/37567\/revisions"}],"predecessor-version":[{"id":37569,"href":"https:\/\/radiorevelacionfm.cl\/index.php?rest_route=\/wp\/v2\/posts\/37567\/revisions\/37569"}],"wp:featuredmedia":[{"embeddable":true,"href":"https:\/\/radiorevelacionfm.cl\/index.php?rest_route=\/wp\/v2\/media\/37568"}],"wp:attachment":[{"href":"https:\/\/radiorevelacionfm.cl\/index.php?rest_route=%2Fwp%2Fv2%2Fmedia&parent=37567"}],"wp:term":[{"taxonomy":"category","embeddable":true,"href":"https:\/\/radiorevelacionfm.cl\/index.php?rest_route=%2Fwp%2Fv2%2Fcategories&post=37567"},{"taxonomy":"post_tag","embeddable":true,"href":"https:\/\/radiorevelacionfm.cl\/index.php?rest_route=%2Fwp%2Fv2%2Ftags&post=37567"}],"curies":[{"name":"wp","href":"https:\/\/api.w.org\/{rel}","templated":true}]}}