{"id":37562,"date":"2023-11-29T19:28:28","date_gmt":"2023-11-29T22:28:28","guid":{"rendered":"https:\/\/radiorevelacionfm.cl\/?p=37562"},"modified":"2023-11-29T19:32:12","modified_gmt":"2023-11-29T22:32:12","slug":"camaras-controladas-por-seguridad-publica-de-aysen-siguen-aportando-evidencias-ante-hechos-policiales","status":"publish","type":"post","link":"https:\/\/radiorevelacionfm.cl\/?p=37562","title":{"rendered":"C\u00e1maras de seguridad en Puerto Ays\u00e9n siguen aportando evidencias ante hechos policiales"},"content":{"rendered":"<div class=\"flex_column av_one_full  flex_column_div av-zero-column-padding first  avia-builder-el-0  el_before_av_one_full  avia-builder-el-first  \" style='border-radius:0px; '><div  class='avia-image-container  av-styling-    avia-builder-el-1  avia-builder-el-no-sibling  avia-align-center '  itemprop=\"image\" itemscope=\"itemscope\" itemtype=\"https:\/\/schema.org\/ImageObject\"  ><div class='avia-image-container-inner'><div class='avia-image-overlay-wrap'><img decoding=\"async\" class='wp-image-37563 avia-img-lazy-loading-not-37563 avia_image' src=\"https:\/\/radiorevelacionfm.cl\/wp-content\/uploads\/2023\/11\/camaras-2-1_optimized.jpg\" alt='' title='camaras-2-(1)_optimized' height=\"600\" width=\"1028\"  itemprop=\"thumbnailUrl\" srcset=\"https:\/\/radiorevelacionfm.cl\/wp-content\/uploads\/2023\/11\/camaras-2-1_optimized.jpg 1028w, https:\/\/radiorevelacionfm.cl\/wp-content\/uploads\/2023\/11\/camaras-2-1_optimized-300x175.jpg 300w, https:\/\/radiorevelacionfm.cl\/wp-content\/uploads\/2023\/11\/camaras-2-1_optimized-768x448.jpg 768w, https:\/\/radiorevelacionfm.cl\/wp-content\/uploads\/2023\/11\/camaras-2-1_optimized-705x411.jpg 705w, https:\/\/radiorevelacionfm.cl\/wp-content\/uploads\/2023\/11\/camaras-2-1_optimized-450x263.jpg 450w, https:\/\/radiorevelacionfm.cl\/wp-content\/uploads\/2023\/11\/camaras-2-1_optimized-600x350.jpg 600w\" sizes=\"(max-width: 1028px) 100vw, 1028px\" \/><\/div><\/div><\/div><\/div>\n<div class=\"flex_column av_one_full  flex_column_div av-zero-column-padding first  avia-builder-el-2  el_after_av_one_full  el_before_av_one_full  column-top-margin\" style='border-radius:0px; '><section class=\"av_textblock_section \"  itemscope=\"itemscope\" itemtype=\"https:\/\/schema.org\/BlogPosting\" itemprop=\"blogPost\" ><div class='avia_textblock  '   itemprop=\"text\" ><p style=\"text-align: center;\"><span style=\"font-size: 18pt;\"><strong>C\u00e1maras de seguridad en Puerto Ays\u00e9n siguen aportando evidencias ante hechos policiales<\/strong><\/span><\/p>\n<div id=\"gtx-trans\" style=\"position: absolute; left: -50px; top: 4.31534px;\">\n<div class=\"gtx-trans-icon\"><\/div>\n<\/div>\n<\/div><\/section><\/div><div class=\"flex_column av_one_full  flex_column_div av-zero-column-padding first  avia-builder-el-4  el_after_av_one_full  el_before_av_hr  column-top-margin\" style='border-radius:0px; '><section class=\"av_textblock_section \"  itemscope=\"itemscope\" itemtype=\"https:\/\/schema.org\/BlogPosting\" itemprop=\"blogPost\" ><div class='avia_textblock  '   itemprop=\"text\" ><p style=\"text-align: justify;\"><em><strong>Choque a un sem\u00e1foro y accidente en Sargento Aldea con Caupolic\u00e1n fueron los hechos m\u00e1s recientes captados por los equipos de vigilancia.<\/strong><\/em><\/p>\n<p style=\"text-align: justify;\">El \u00e1rea de Seguridad P\u00fablica de la Municipalidad de Ays\u00e9n, realiza un permanente trabajo buscando entregar mayor tranquilidad a los vecinos de la comuna, ante la ocurrencia de diversos hechos que puedan significar un delito.<\/p>\n<p style=\"text-align: justify;\">Adem\u00e1s, cuenta con una central de vigilancia, que permite captar en im\u00e1genes cualquier hecho que altere la tranquilidad en distintos puntos de la porte\u00f1a ciudad, convirti\u00e9ndose estos registros en importantes evidencias para esclarecer, por ejemplo, accidentes.<\/p>\n<p style=\"text-align: justify;\">Durante la madrugada de este mi\u00e9rcoles, un m\u00f3vil particular que transitaba desde Ribera Sur al centro de Puerto Ays\u00e9n en la esquina de Avenida Municipal con Sargento Aldea, impacto un sem\u00e1foro. Adem\u00e1s, alrededor de las 8 horas se registr\u00f3 el choque de un veh\u00edculo menor con un taxi, esta vez, en Caupolic\u00e1n con Sargento Aldea.<\/p>\n<p style=\"text-align: justify;\">Estos registros ya fueron puestos a disposici\u00f3n del ente investigador, para esclarecer lo sucedido, gracias a que la central de tele-vigilancia cuenta con turnos 24\/7. Tal como lo inform\u00f3 el director de seguridad p\u00fablica, Marco Co\u00f1uecar.<\/p>\n<p style=\"text-align: justify;\">\u201cEl equipo de tele-vigilantes se encuentra trabajando 24\/7, tenemos doble turno y a ra\u00edz de eso, hemos podido apoyar de buena forma a Carabineros, la PDI, entregando todo lo que es material probatorio. En ese sentido, este mi\u00e9rcoles hubo dos procedimientos, una colisi\u00f3n en Sargento Aldea y durante la madrugada un choque a un sem\u00e1foro. En el primer caso, se puso a disposici\u00f3n de las polic\u00edas para remitir al Ministerio Publico y en el segundo caso nos encontramos investigando la situaci\u00f3n para poder dar con el autor, hacer la denuncia y el cobro por el da\u00f1o que se caus\u00f3\u201d.<\/p>\n<p style=\"text-align: justify;\">Co\u00f1uecar, concluy\u00f3 manifestando que, de esta forma, se espera seguir aportando medios probatorios, \u201ccomprometidos con la ciudadan\u00eda y esperamos continuar trabajando por una mejor seguridad\u201d.<\/p>\n<\/div><\/section><\/div><\/p>\n<div  style='height:50px' class='hr hr-invisible   avia-builder-el-6  el_after_av_one_full  el_before_av_social_share '><span class='hr-inner ' ><span class='hr-inner-style'><\/span><\/span><\/div>\n<div  class='av-social-sharing-box  avia-builder-el-7  el_after_av_hr  el_before_av_hr  '><div class='av-share-box'><h5 class='av-share-link-description av-no-toc '>Compartir esta noticia<\/h5><ul class='av-share-box-list noLightbox'><li class='av-share-link av-social-link-facebook' ><a target=\"_blank\" aria-label=\"Compartir en Facebook\" href='https:\/\/www.facebook.com\/sharer.php?u=https:\/\/radiorevelacionfm.cl\/?p=37562&#038;t=C%C3%A1maras%20de%20seguridad%20en%20Puerto%20Ays%C3%A9n%20siguen%20aportando%20evidencias%20ante%20hechos%20policiales' aria-hidden='false' data-av_icon='\ue8f3' data-av_iconfont='entypo-fontello' title='' data-avia-related-tooltip='Compartir en Facebook' rel=\"noopener\"><span class='avia_hidden_link_text'>Compartir en Facebook<\/span><\/a><\/li><li class='av-share-link av-social-link-twitter' ><a target=\"_blank\" aria-label=\"Compartir en Twitter\" href='https:\/\/twitter.com\/share?text=C%C3%A1maras%20de%20seguridad%20en%20Puerto%20Ays%C3%A9n%20siguen%20aportando%20evidencias%20ante%20hechos%20policiales&#038;url=https:\/\/radiorevelacionfm.cl\/?p=37562' aria-hidden='false' data-av_icon='\ue8f1' data-av_iconfont='entypo-fontello' title='' data-avia-related-tooltip='Compartir en Twitter' rel=\"noopener\"><span class='avia_hidden_link_text'>Compartir en Twitter<\/span><\/a><\/li><li class='av-share-link av-social-link-whatsapp' ><a target=\"_blank\" aria-label=\"Compartir en Whatsapp\" href='https:\/\/api.whatsapp.com\/send?text=https:\/\/radiorevelacionfm.cl\/?p=37562' aria-hidden='false' data-av_icon='\uf232' data-av_iconfont='entypo-fontello' title='' data-avia-related-tooltip='Compartir en Whatsapp' rel=\"noopener\"><span class='avia_hidden_link_text'>Compartir en Whatsapp<\/span><\/a><\/li><li class='av-share-link av-social-link-linkedin' ><a target=\"_blank\" aria-label=\"Compartir en LinkedIn\" href='https:\/\/linkedin.com\/shareArticle?mini=true&#038;title=C%C3%A1maras%20de%20seguridad%20en%20Puerto%20Ays%C3%A9n%20siguen%20aportando%20evidencias%20ante%20hechos%20policiales&#038;url=https:\/\/radiorevelacionfm.cl\/?p=37562' aria-hidden='false' data-av_icon='\ue8fc' data-av_iconfont='entypo-fontello' title='' data-avia-related-tooltip='Compartir en LinkedIn' rel=\"noopener\"><span class='avia_hidden_link_text'>Compartir en LinkedIn<\/span><\/a><\/li><li class='av-share-link av-social-link-mail' ><a  aria-label=\"Compartir por correo\" href='mailto:?subject=C%C3%A1maras%20de%20seguridad%20en%20Puerto%20Ays%C3%A9n%20siguen%20aportando%20evidencias%20ante%20hechos%20policiales&#038;body=https:\/\/radiorevelacionfm.cl\/?p=37562' aria-hidden='false' data-av_icon='\ue805' data-av_iconfont='entypo-fontello' title='' data-avia-related-tooltip='Compartir por correo'><span class='avia_hidden_link_text'>Compartir por correo<\/span><\/a><\/li><\/ul><\/div><\/div>\n<div  style='height:50px' class='hr hr-invisible   avia-builder-el-8  el_after_av_social_share  el_before_av_comments_list '><span class='hr-inner ' ><span class='hr-inner-style'><\/span><\/span><\/div>\n<div  class='av-buildercomment  av-blog-meta-html-info-disabled av-blog-meta-tag-disabled  '><\/div>\n","protected":false},"excerpt":{"rendered":"","protected":false},"author":1,"featured_media":37563,"comment_status":"open","ping_status":"open","sticky":false,"template":"","format":"standard","meta":{"footnotes":""},"categories":[38],"tags":[],"class_list":["post-37562","post","type-post","status-publish","format-standard","has-post-thumbnail","hentry","category-regional"],"jetpack_featured_media_url":"https:\/\/radiorevelacionfm.cl\/wp-content\/uploads\/2023\/11\/camaras-2-1_optimized.jpg","_links":{"self":[{"href":"https:\/\/radiorevelacionfm.cl\/index.php?rest_route=\/wp\/v2\/posts\/37562","targetHints":{"allow":["GET"]}}],"collection":[{"href":"https:\/\/radiorevelacionfm.cl\/index.php?rest_route=\/wp\/v2\/posts"}],"about":[{"href":"https:\/\/radiorevelacionfm.cl\/index.php?rest_route=\/wp\/v2\/types\/post"}],"author":[{"embeddable":true,"href":"https:\/\/radiorevelacionfm.cl\/index.php?rest_route=\/wp\/v2\/users\/1"}],"replies":[{"embeddable":true,"href":"https:\/\/radiorevelacionfm.cl\/index.php?rest_route=%2Fwp%2Fv2%2Fcomments&post=37562"}],"version-history":[{"count":2,"href":"https:\/\/radiorevelacionfm.cl\/index.php?rest_route=\/wp\/v2\/posts\/37562\/revisions"}],"predecessor-version":[{"id":37565,"href":"https:\/\/radiorevelacionfm.cl\/index.php?rest_route=\/wp\/v2\/posts\/37562\/revisions\/37565"}],"wp:featuredmedia":[{"embeddable":true,"href":"https:\/\/radiorevelacionfm.cl\/index.php?rest_route=\/wp\/v2\/media\/37563"}],"wp:attachment":[{"href":"https:\/\/radiorevelacionfm.cl\/index.php?rest_route=%2Fwp%2Fv2%2Fmedia&parent=37562"}],"wp:term":[{"taxonomy":"category","embeddable":true,"href":"https:\/\/radiorevelacionfm.cl\/index.php?rest_route=%2Fwp%2Fv2%2Fcategories&post=37562"},{"taxonomy":"post_tag","embeddable":true,"href":"https:\/\/radiorevelacionfm.cl\/index.php?rest_route=%2Fwp%2Fv2%2Ftags&post=37562"}],"curies":[{"name":"wp","href":"https:\/\/api.w.org\/{rel}","templated":true}]}}