{"id":37559,"date":"2023-11-30T18:12:58","date_gmt":"2023-11-30T21:12:58","guid":{"rendered":"https:\/\/radiorevelacionfm.cl\/?p=37559"},"modified":"2023-11-30T18:12:58","modified_gmt":"2023-11-30T21:12:58","slug":"prepuesto-salud-2024-senadora-ordenes-logro-importantes-acuerdos-con-la-cartera","status":"publish","type":"post","link":"https:\/\/radiorevelacionfm.cl\/?p=37559","title":{"rendered":"Prepuesto Salud 2024: Senadora \u00d3rdenes logr\u00f3 importantes acuerdos con la cartera"},"content":{"rendered":"<div class=\"flex_column av_one_full  flex_column_div av-zero-column-padding first  avia-builder-el-0  el_before_av_one_full  avia-builder-el-first  \" style='border-radius:0px; '><div  class='avia-image-container  av-styling-    avia-builder-el-1  avia-builder-el-no-sibling  avia-align-center '  itemprop=\"image\" itemscope=\"itemscope\" itemtype=\"https:\/\/schema.org\/ImageObject\"  ><div class='avia-image-container-inner'><div class='avia-image-overlay-wrap'><img decoding=\"async\" class='wp-image-37560 avia-img-lazy-loading-not-37560 avia_image' src=\"https:\/\/radiorevelacionfm.cl\/wp-content\/uploads\/2023\/11\/Foto-4-4-1-1.jpeg\" alt='' title='Foto #4 (4) (1) (1)' height=\"600\" width=\"936\"  itemprop=\"thumbnailUrl\" srcset=\"https:\/\/radiorevelacionfm.cl\/wp-content\/uploads\/2023\/11\/Foto-4-4-1-1.jpeg 936w, https:\/\/radiorevelacionfm.cl\/wp-content\/uploads\/2023\/11\/Foto-4-4-1-1-300x192.jpeg 300w, https:\/\/radiorevelacionfm.cl\/wp-content\/uploads\/2023\/11\/Foto-4-4-1-1-768x492.jpeg 768w, https:\/\/radiorevelacionfm.cl\/wp-content\/uploads\/2023\/11\/Foto-4-4-1-1-705x452.jpeg 705w, https:\/\/radiorevelacionfm.cl\/wp-content\/uploads\/2023\/11\/Foto-4-4-1-1-450x288.jpeg 450w, https:\/\/radiorevelacionfm.cl\/wp-content\/uploads\/2023\/11\/Foto-4-4-1-1-600x385.jpeg 600w\" sizes=\"(max-width: 936px) 100vw, 936px\" \/><\/div><\/div><\/div><\/div><div class=\"flex_column av_one_full  flex_column_div av-zero-column-padding first  avia-builder-el-2  el_after_av_one_full  el_before_av_one_full  column-top-margin\" style='border-radius:0px; '><section class=\"av_textblock_section \"  itemscope=\"itemscope\" itemtype=\"https:\/\/schema.org\/BlogPosting\" itemprop=\"blogPost\" ><div class='avia_textblock  '   itemprop=\"text\" ><p style=\"text-align: center;\"><strong><span style=\"font-size: 18pt;\">Prepuesto Salud 2024: Senadora \u00d3rdenes logr\u00f3 importantes acuerdos con la cartera<\/span><\/strong><\/p>\n<div id=\"gtx-trans\" style=\"position: absolute; left: -50px; top: 4.31534px;\">\n<div class=\"gtx-trans-icon\"><\/div>\n<\/div>\n<\/div><\/section><\/div><div class=\"flex_column av_one_full  flex_column_div av-zero-column-padding first  avia-builder-el-4  el_after_av_one_full  el_before_av_hr  column-top-margin\" style='border-radius:0px; '><section class=\"av_textblock_section \"  itemscope=\"itemscope\" itemtype=\"https:\/\/schema.org\/BlogPosting\" itemprop=\"blogPost\" ><div class='avia_textblock  '   itemprop=\"text\" ><p style=\"text-align: justify;\">En medio de la discusi\u00f3n para aprobar la Ley de Presupuestos 2024, la senadora Ximena \u00d3rdenes tuvo un rol clave para lograr importantes acuerdos con la cartera de Salud. A la noticia de que ministra Aguilera, actual cabeza del Ministerio comprometi\u00f3 la materializaci\u00f3n de un angi\u00f3grafo para Ays\u00e9n, con la posibilidad de que la regi\u00f3n finalmente cuente con una Unidad de Hemodinamia, se suman nuevos recursos para la atenci\u00f3n primaria y un calendario de prioridad en leyes relevantes no solo para la regi\u00f3n, sino tambi\u00e9n para el pa\u00eds.<\/p>\n<p style=\"text-align: justify;\">\u201cDespachada la ley de presupuestos 2024 con un crecimiento importante, quiero destacar que se ha incrementado en un 8% las partidas y los presupuestos para el Ministerio de Salud. Esto va a permitir atender con mayor celeridad, en particular, las Listas de Espera GES y no GES\u201d, sostuvo la parlamentaria por la regi\u00f3n de Ays\u00e9n, quien, durante el 2023, manifest\u00f3 en reiteradas ocasiones su preocupaci\u00f3n por los retrasos en la atenci\u00f3n y tambi\u00e9n por los tiempos que distancian la etapa de diagn\u00f3stico, con los tratamientos necesarios para los pacientes, entre otros problemas que surgen como consecuencia de la falta de especialistas en la regi\u00f3n.<\/p>\n<p style=\"text-align: justify;\">\u201cNos hemos comprometido tambi\u00e9n con un calendario respecto de algunas leyes, como la Ley de Licencias M\u00e9dicas, la actualizaci\u00f3n de la Ley Ricarte Soto y otros aspectos\u201d, asegur\u00f3 \u00d3rdenes, mencionando algunos de los avances logrados en los constantes di\u00e1logos que tuvo con la ministra en el marco de la discusi\u00f3n sobre c\u00f3mo se destinar\u00e1 este porcentaje del presupuesto en el Ministerio de Salud.<\/p>\n<p style=\"text-align: justify;\"><strong>Una respuesta para los Honorarios COVID<\/strong><\/p>\n<p style=\"text-align: justify;\">Otra de las preocupaciones que la senadora por Ays\u00e9n mantuvo en su agenda parlamentaria fue la de que el Ejecutivo se diera cuenta de que los Honorarios Covid no solo fueron un aporte durante la pandemia, sino que lograron cerrar brechas en el Sistema de Salud que se arrastraban desde antes. Durante el 2023, la noticia de que cerca de 13 mil funcionarios ser\u00edan desvinculados de sus labores a lo largo del pa\u00eds, puso en alerta a varias organizaciones que manifestaron su preocupaci\u00f3n por esta medida.<\/p>\n<p style=\"text-align: justify;\">La senadora Ximena \u00d3rdenes hizo eco de este error desde su participaci\u00f3n en la Comisi\u00f3n de Salud del Senado y junto con otros senadores miembros, llamaron en reiteradas ocasiones al Ejecutivo a dar soluciones a este conflicto. En medio de la discusi\u00f3n del erario 2024, la parlamentaria por Ays\u00e9n tuvo un rol clave para conseguir una respuesta a los funcionarios desvinculados. \u201cPara nosotros es muy importante porque durante todo el a\u00f1o presenciamos la realidad que enfrentaron aquellos trabajadores que conocimos como Honorarios Covid, que al final del d\u00eda ya no estaban solo viendo temas de pandemia, sino que lograron a cerrar una brecha hist\u00f3rica que ten\u00edan los Sistemas de Salud a lo largo del pa\u00eds\u201d, enfatiz\u00f3 \u00d3rdenes.<\/p>\n<p style=\"text-align: justify;\">\u201cEs este sentido, quiero comentarles que hemos llegado a un acuerdo, logrando m\u00e1s de ocho mil cargos vacantes, que estar\u00e1n a disposici\u00f3n y tendr\u00e1n una postulaci\u00f3n preferente para aquellos trabajadores que se la jugaron en la pandemia\u201d, se\u00f1al\u00f3.<\/p>\n<p style=\"text-align: justify;\">Efectivamente, el acuerdo logr\u00f3 que el personal de refuerzo pueda acceder en forma preferencial a los cuatro mil cargos de expansi\u00f3n indicados en el Presupuesto, as\u00ed como tambi\u00e9n a dos mil cargos adicionales que quedar\u00e1n libres a ra\u00edz del proceso de incentivo al retiro, adem\u00e1s de los dos mil quinientos nuevos cargos, que inicialmente comprometi\u00f3 el gobierno. De esa forma, se abrir\u00edan ocho mil cargos potenciales para honorarios COVID durante el 2024.<\/p>\n<\/div><\/section><\/div><div  style='height:50px' class='hr hr-invisible   avia-builder-el-6  el_after_av_one_full  el_before_av_social_share '><span class='hr-inner ' ><span class='hr-inner-style'><\/span><\/span><\/div><\/p>\n<div  class='av-social-sharing-box  avia-builder-el-7  el_after_av_hr  el_before_av_hr  '><div class='av-share-box'><h5 class='av-share-link-description av-no-toc '>Compartir esta noticia<\/h5><ul class='av-share-box-list noLightbox'><li class='av-share-link av-social-link-facebook' ><a target=\"_blank\" aria-label=\"Compartir en Facebook\" href='https:\/\/www.facebook.com\/sharer.php?u=https:\/\/radiorevelacionfm.cl\/?p=37559&#038;t=Prepuesto%20Salud%202024%3A%20Senadora%20%C3%93rdenes%20logr%C3%B3%20importantes%20acuerdos%20con%20la%20cartera' aria-hidden='false' data-av_icon='\ue8f3' data-av_iconfont='entypo-fontello' title='' data-avia-related-tooltip='Compartir en Facebook' rel=\"noopener\"><span class='avia_hidden_link_text'>Compartir en Facebook<\/span><\/a><\/li><li class='av-share-link av-social-link-twitter' ><a target=\"_blank\" aria-label=\"Compartir en Twitter\" href='https:\/\/twitter.com\/share?text=Prepuesto%20Salud%202024%3A%20Senadora%20%C3%93rdenes%20logr%C3%B3%20importantes%20acuerdos%20con%20la%20cartera&#038;url=https:\/\/radiorevelacionfm.cl\/?p=37559' aria-hidden='false' data-av_icon='\ue8f1' data-av_iconfont='entypo-fontello' title='' data-avia-related-tooltip='Compartir en Twitter' rel=\"noopener\"><span class='avia_hidden_link_text'>Compartir en Twitter<\/span><\/a><\/li><li class='av-share-link av-social-link-whatsapp' ><a target=\"_blank\" aria-label=\"Compartir en Whatsapp\" href='https:\/\/api.whatsapp.com\/send?text=https:\/\/radiorevelacionfm.cl\/?p=37559' aria-hidden='false' data-av_icon='\uf232' data-av_iconfont='entypo-fontello' title='' data-avia-related-tooltip='Compartir en Whatsapp' rel=\"noopener\"><span class='avia_hidden_link_text'>Compartir en Whatsapp<\/span><\/a><\/li><li class='av-share-link av-social-link-linkedin' ><a target=\"_blank\" aria-label=\"Compartir en LinkedIn\" href='https:\/\/linkedin.com\/shareArticle?mini=true&#038;title=Prepuesto%20Salud%202024%3A%20Senadora%20%C3%93rdenes%20logr%C3%B3%20importantes%20acuerdos%20con%20la%20cartera&#038;url=https:\/\/radiorevelacionfm.cl\/?p=37559' aria-hidden='false' data-av_icon='\ue8fc' data-av_iconfont='entypo-fontello' title='' data-avia-related-tooltip='Compartir en LinkedIn' rel=\"noopener\"><span class='avia_hidden_link_text'>Compartir en LinkedIn<\/span><\/a><\/li><li class='av-share-link av-social-link-mail' ><a  aria-label=\"Compartir por correo\" href='mailto:?subject=Prepuesto%20Salud%202024%3A%20Senadora%20%C3%93rdenes%20logr%C3%B3%20importantes%20acuerdos%20con%20la%20cartera&#038;body=https:\/\/radiorevelacionfm.cl\/?p=37559' aria-hidden='false' data-av_icon='\ue805' data-av_iconfont='entypo-fontello' title='' data-avia-related-tooltip='Compartir por correo'><span class='avia_hidden_link_text'>Compartir por correo<\/span><\/a><\/li><\/ul><\/div><\/div>\n<div  style='height:50px' class='hr hr-invisible   avia-builder-el-8  el_after_av_social_share  el_before_av_comments_list '><span class='hr-inner ' ><span class='hr-inner-style'><\/span><\/span><\/div>\n<div  class='av-buildercomment  av-blog-meta-html-info-disabled av-blog-meta-tag-disabled  '><\/div>\n","protected":false},"excerpt":{"rendered":"","protected":false},"author":1,"featured_media":37560,"comment_status":"open","ping_status":"open","sticky":false,"template":"","format":"standard","meta":{"footnotes":""},"categories":[35],"tags":[],"class_list":["post-37559","post","type-post","status-publish","format-standard","has-post-thumbnail","hentry","category-politica"],"jetpack_featured_media_url":"https:\/\/radiorevelacionfm.cl\/wp-content\/uploads\/2023\/11\/Foto-4-4-1-1.jpeg","_links":{"self":[{"href":"https:\/\/radiorevelacionfm.cl\/index.php?rest_route=\/wp\/v2\/posts\/37559","targetHints":{"allow":["GET"]}}],"collection":[{"href":"https:\/\/radiorevelacionfm.cl\/index.php?rest_route=\/wp\/v2\/posts"}],"about":[{"href":"https:\/\/radiorevelacionfm.cl\/index.php?rest_route=\/wp\/v2\/types\/post"}],"author":[{"embeddable":true,"href":"https:\/\/radiorevelacionfm.cl\/index.php?rest_route=\/wp\/v2\/users\/1"}],"replies":[{"embeddable":true,"href":"https:\/\/radiorevelacionfm.cl\/index.php?rest_route=%2Fwp%2Fv2%2Fcomments&post=37559"}],"version-history":[{"count":1,"href":"https:\/\/radiorevelacionfm.cl\/index.php?rest_route=\/wp\/v2\/posts\/37559\/revisions"}],"predecessor-version":[{"id":37561,"href":"https:\/\/radiorevelacionfm.cl\/index.php?rest_route=\/wp\/v2\/posts\/37559\/revisions\/37561"}],"wp:featuredmedia":[{"embeddable":true,"href":"https:\/\/radiorevelacionfm.cl\/index.php?rest_route=\/wp\/v2\/media\/37560"}],"wp:attachment":[{"href":"https:\/\/radiorevelacionfm.cl\/index.php?rest_route=%2Fwp%2Fv2%2Fmedia&parent=37559"}],"wp:term":[{"taxonomy":"category","embeddable":true,"href":"https:\/\/radiorevelacionfm.cl\/index.php?rest_route=%2Fwp%2Fv2%2Fcategories&post=37559"},{"taxonomy":"post_tag","embeddable":true,"href":"https:\/\/radiorevelacionfm.cl\/index.php?rest_route=%2Fwp%2Fv2%2Ftags&post=37559"}],"curies":[{"name":"wp","href":"https:\/\/api.w.org\/{rel}","templated":true}]}}