{"id":37556,"date":"2023-11-29T18:34:10","date_gmt":"2023-11-29T21:34:10","guid":{"rendered":"https:\/\/radiorevelacionfm.cl\/?p=37556"},"modified":"2023-11-29T18:34:10","modified_gmt":"2023-11-29T21:34:10","slug":"coyhaique-tendra-buses-electricos-tras-ser-aprobado-por-mayoria-absoluta","status":"publish","type":"post","link":"https:\/\/radiorevelacionfm.cl\/?p=37556","title":{"rendered":"Coyhaique tendr\u00e1 buses el\u00e9ctricos tras ser aprobado por mayor\u00eda absoluta\u00a0"},"content":{"rendered":"<div class=\"flex_column av_one_full  flex_column_div av-zero-column-padding first  avia-builder-el-0  el_before_av_one_full  avia-builder-el-first  \" style='border-radius:0px; '><div  class='avia-image-container  av-styling-    avia-builder-el-1  avia-builder-el-no-sibling  avia-align-center '  itemprop=\"image\" itemscope=\"itemscope\" itemtype=\"https:\/\/schema.org\/ImageObject\"  ><div class='avia-image-container-inner'><div class='avia-image-overlay-wrap'><img decoding=\"async\" class='wp-image-37557 avia-img-lazy-loading-not-37557 avia_image' src=\"https:\/\/radiorevelacionfm.cl\/wp-content\/uploads\/2023\/11\/Buses-Electricos_aprobacion-2023-11-29-1-1.jpeg\" alt='' title='Buses Electricos_aprobacion 2023-11-29 (1) (1)' height=\"600\" width=\"1067\"  itemprop=\"thumbnailUrl\" srcset=\"https:\/\/radiorevelacionfm.cl\/wp-content\/uploads\/2023\/11\/Buses-Electricos_aprobacion-2023-11-29-1-1.jpeg 1067w, https:\/\/radiorevelacionfm.cl\/wp-content\/uploads\/2023\/11\/Buses-Electricos_aprobacion-2023-11-29-1-1-300x169.jpeg 300w, https:\/\/radiorevelacionfm.cl\/wp-content\/uploads\/2023\/11\/Buses-Electricos_aprobacion-2023-11-29-1-1-1030x579.jpeg 1030w, https:\/\/radiorevelacionfm.cl\/wp-content\/uploads\/2023\/11\/Buses-Electricos_aprobacion-2023-11-29-1-1-768x432.jpeg 768w, https:\/\/radiorevelacionfm.cl\/wp-content\/uploads\/2023\/11\/Buses-Electricos_aprobacion-2023-11-29-1-1-705x396.jpeg 705w, https:\/\/radiorevelacionfm.cl\/wp-content\/uploads\/2023\/11\/Buses-Electricos_aprobacion-2023-11-29-1-1-450x253.jpeg 450w, https:\/\/radiorevelacionfm.cl\/wp-content\/uploads\/2023\/11\/Buses-Electricos_aprobacion-2023-11-29-1-1-600x337.jpeg 600w\" sizes=\"(max-width: 1067px) 100vw, 1067px\" \/><\/div><\/div><\/div><\/div><div class=\"flex_column av_one_full  flex_column_div av-zero-column-padding first  avia-builder-el-2  el_after_av_one_full  el_before_av_one_full  column-top-margin\" style='border-radius:0px; '><section class=\"av_textblock_section \"  itemscope=\"itemscope\" itemtype=\"https:\/\/schema.org\/BlogPosting\" itemprop=\"blogPost\" ><div class='avia_textblock  '   itemprop=\"text\" ><p style=\"text-align: center;\"><strong><span style=\"font-size: 18pt;\">Coyhaique tendr\u00e1 buses el\u00e9ctricos tras ser aprobado por mayor\u00eda absoluta\u00a0<\/span><\/strong><\/p>\n<div id=\"gtx-trans\" style=\"position: absolute; left: -50px; top: 4.31534px;\">\n<div class=\"gtx-trans-icon\"><\/div>\n<\/div>\n<\/div><\/section><\/div><div class=\"flex_column av_one_full  flex_column_div av-zero-column-padding first  avia-builder-el-4  el_after_av_one_full  el_before_av_hr  column-top-margin\" style='border-radius:0px; '><section class=\"av_textblock_section \"  itemscope=\"itemscope\" itemtype=\"https:\/\/schema.org\/BlogPosting\" itemprop=\"blogPost\" ><div class='avia_textblock  '   itemprop=\"text\" ><p dir=\"ltr\" style=\"text-align: justify;\">Luego de encuentros informativos, reuniones, sesiones extraordinarias y un largo debate pol\u00edtico y social, el pleno del Consejo Regional de Ays\u00e9n aprob\u00f3 el proyecto de Transporte P\u00fablico Mayor para Coyhaique, iniciativa presentada por el Ministerio de Transportes y Telecomunicaciones (MTT).<\/p>\n<p dir=\"ltr\" style=\"text-align: justify;\">Finalmente, ser\u00e1n 40 mil millones de pesos de inversi\u00f3n, de los cuales m\u00e1s de 15 mil vendr\u00e1n desde el GORE y los restantes 25 mil corresponder\u00e1n a inversi\u00f3n sectorial desde el MTT.<\/p>\n<p dir=\"ltr\" style=\"text-align: justify;\">La Gobernadora Regional de Ays\u00e9n, Andrea Mac\u00edas Palma, destac\u00f3 el trabajo que se realiz\u00f3 durante 9 a\u00f1os que distintas autoridades y representantes han llevado a cabo para concluir en esta aprobaci\u00f3n, que finalmente dotar\u00e1 a la capital regional de un sistema de transporte seguro, que contribuir\u00e1 a la descontaminaci\u00f3n de Coyhaique y abarcar\u00e1 zonas m\u00e1s alejadas del radio urbano.<\/p>\n<p dir=\"ltr\" style=\"text-align: justify;\">Adem\u00e1s, la primera autoridad regional agradeci\u00f3 al Ministerio de Transporte, a trav\u00e9s de su seremi Hans Zimmermann Due\u00f1as por dar \u00abmayor claridad\u00bb para lograr la aprobaci\u00f3n del proyecto y tambi\u00e9n \u00aba la comunidad por haber estado detr\u00e1s de este proyecto, por haber estado en el proceso de participaci\u00f3n ciudadana y posteriormente en la defensa de este proyecto\u00bb.<\/p>\n<p dir=\"ltr\" style=\"text-align: justify;\">El subsecretario de Transportes, Jorge Daza lleg\u00f3 a Coyhaique para la votaci\u00f3n de esta iniciativa y al final de la sesi\u00f3n extraordinaria valor\u00f3 que en las conversaciones entre los consejeros, el Gobierno Regional y el sector \u00abhemos podido incorporar al resto de la regi\u00f3n en otros subsidios, para que no nos quedemos s\u00f3lo en Coyhaique y podamos avanzar a tener tambi\u00e9n una mejora en el transporte p\u00fablico en las otras provincias de la Regi\u00f3n de Ays\u00e9n. Estamos cumpliendo el mandato del presidente Gabriel Boric, hacer equidad territorial\u00bb, dijo.<\/p>\n<p dir=\"ltr\" style=\"text-align: justify;\">Por su parte el alcalde de la capital regional Carlos Gatica valor\u00f3 que \u00abesto va a ayudar significativamente a nuestros adultos mayores, personas en situaci\u00f3n de discapacidad que hoy tienen problemas de movilidad y por supuesto tambi\u00e9n a nuestros estudiantes. hoy d\u00eda gana Coyhaique, cada uno de sus habitantes\u00bb.<\/p>\n<p dir=\"ltr\" style=\"text-align: justify;\">El vicepresidente de la comisi\u00f3n de Infraestructura y Transportes del Consejo Regional, Ra\u00fal Rudolphi Altaner, uno de los consejeros que inicialmente hab\u00eda rechazado la iniciativa, destac\u00f3 a su vez que \u00ablo que es importante resaltar es que se aprueba la iniciativa. Destacar las voluntades de di\u00e1logo y el que el Consejo Regional a trav\u00e9s de la comisi\u00f3n de Infraestructura haya solicitado al ministerio de Transportes revisar los subsidios en distintos puntos de la regi\u00f3n\u00bb.<\/p>\n<p dir=\"ltr\" style=\"text-align: justify;\">En esa misma l\u00ednea, la presidenta de la Uni\u00f3n Comunal Pampas del Corral, Ver\u00f3nica Leg\u00fce, \u00abeste proyecto como vecinos y a las autoridades nos dio una visi\u00f3n de que trabajando en conjunto se pueden lograr muchas cosas para la regi\u00f3n\u00bb.<\/p>\n<p dir=\"ltr\" style=\"text-align: justify;\">Ser\u00e1n 37 los buses el\u00e9ctricos, de los que 19 ser\u00e1n del troncal urbano, 14 troncal rural y 4 de repuesto. Todo esto permitir\u00e1 implementar la regulaci\u00f3n del transporte p\u00fablico en la capital regional, dotando de herramientas al Ministerio de Transportes y Telecomunicaciones para fiscalizar el cumplimiento de par\u00e1metros de servicios que son relevantes para las personas como horarios, frecuencias y tarifas.<\/p>\n<p dir=\"ltr\" style=\"text-align: justify;\">En la negociaci\u00f3n entre el CORE, el Ejecutivo del Gobierno Regional y el Gobierno nacional se acord\u00f3 avanzar en una serie de subsidios de transporte para otros servicios en la regi\u00f3n, como los que cubren localidades al norte de la Provincia de Ays\u00e9n, servicios a\u00e9reos desde Coyhaique hacia Tortel y Cochrane, y estudios y medidas para conectividad lacustre y en fiordos; entre varios m\u00e1s.<\/p>\n<\/div><\/section><\/div><div  style='height:50px' class='hr hr-invisible   avia-builder-el-6  el_after_av_one_full  el_before_av_social_share '><span class='hr-inner ' ><span class='hr-inner-style'><\/span><\/span><\/div><\/p>\n<div  class='av-social-sharing-box  avia-builder-el-7  el_after_av_hr  el_before_av_hr  '><div class='av-share-box'><h5 class='av-share-link-description av-no-toc '>Compartir esta noticia<\/h5><ul class='av-share-box-list noLightbox'><li class='av-share-link av-social-link-facebook' ><a target=\"_blank\" aria-label=\"Compartir en Facebook\" href='https:\/\/www.facebook.com\/sharer.php?u=https:\/\/radiorevelacionfm.cl\/?p=37556&#038;t=Coyhaique%20tendr%C3%A1%20buses%20el%C3%A9ctricos%20tras%20ser%20aprobado%20por%20mayor%C3%ADa%20absoluta%C2%A0' aria-hidden='false' data-av_icon='\ue8f3' data-av_iconfont='entypo-fontello' title='' data-avia-related-tooltip='Compartir en Facebook' rel=\"noopener\"><span class='avia_hidden_link_text'>Compartir en Facebook<\/span><\/a><\/li><li class='av-share-link av-social-link-twitter' ><a target=\"_blank\" aria-label=\"Compartir en Twitter\" href='https:\/\/twitter.com\/share?text=Coyhaique%20tendr%C3%A1%20buses%20el%C3%A9ctricos%20tras%20ser%20aprobado%20por%20mayor%C3%ADa%20absoluta%C2%A0&#038;url=https:\/\/radiorevelacionfm.cl\/?p=37556' aria-hidden='false' data-av_icon='\ue8f1' data-av_iconfont='entypo-fontello' title='' data-avia-related-tooltip='Compartir en Twitter' rel=\"noopener\"><span class='avia_hidden_link_text'>Compartir en Twitter<\/span><\/a><\/li><li class='av-share-link av-social-link-whatsapp' ><a target=\"_blank\" aria-label=\"Compartir en Whatsapp\" href='https:\/\/api.whatsapp.com\/send?text=https:\/\/radiorevelacionfm.cl\/?p=37556' aria-hidden='false' data-av_icon='\uf232' data-av_iconfont='entypo-fontello' title='' data-avia-related-tooltip='Compartir en Whatsapp' rel=\"noopener\"><span class='avia_hidden_link_text'>Compartir en Whatsapp<\/span><\/a><\/li><li class='av-share-link av-social-link-linkedin' ><a target=\"_blank\" aria-label=\"Compartir en LinkedIn\" href='https:\/\/linkedin.com\/shareArticle?mini=true&#038;title=Coyhaique%20tendr%C3%A1%20buses%20el%C3%A9ctricos%20tras%20ser%20aprobado%20por%20mayor%C3%ADa%20absoluta%C2%A0&#038;url=https:\/\/radiorevelacionfm.cl\/?p=37556' aria-hidden='false' data-av_icon='\ue8fc' data-av_iconfont='entypo-fontello' title='' data-avia-related-tooltip='Compartir en LinkedIn' rel=\"noopener\"><span class='avia_hidden_link_text'>Compartir en LinkedIn<\/span><\/a><\/li><li class='av-share-link av-social-link-mail' ><a  aria-label=\"Compartir por correo\" href='mailto:?subject=Coyhaique%20tendr%C3%A1%20buses%20el%C3%A9ctricos%20tras%20ser%20aprobado%20por%20mayor%C3%ADa%20absoluta%C2%A0&#038;body=https:\/\/radiorevelacionfm.cl\/?p=37556' aria-hidden='false' data-av_icon='\ue805' data-av_iconfont='entypo-fontello' title='' data-avia-related-tooltip='Compartir por correo'><span class='avia_hidden_link_text'>Compartir por correo<\/span><\/a><\/li><\/ul><\/div><\/div>\n<div  style='height:50px' class='hr hr-invisible   avia-builder-el-8  el_after_av_social_share  el_before_av_comments_list '><span class='hr-inner ' ><span class='hr-inner-style'><\/span><\/span><\/div>\n<div  class='av-buildercomment  av-blog-meta-html-info-disabled av-blog-meta-tag-disabled  '><\/div>\n","protected":false},"excerpt":{"rendered":"","protected":false},"author":1,"featured_media":37557,"comment_status":"open","ping_status":"open","sticky":false,"template":"","format":"standard","meta":{"footnotes":""},"categories":[38],"tags":[],"class_list":["post-37556","post","type-post","status-publish","format-standard","has-post-thumbnail","hentry","category-regional"],"jetpack_featured_media_url":"https:\/\/radiorevelacionfm.cl\/wp-content\/uploads\/2023\/11\/Buses-Electricos_aprobacion-2023-11-29-1-1.jpeg","_links":{"self":[{"href":"https:\/\/radiorevelacionfm.cl\/index.php?rest_route=\/wp\/v2\/posts\/37556","targetHints":{"allow":["GET"]}}],"collection":[{"href":"https:\/\/radiorevelacionfm.cl\/index.php?rest_route=\/wp\/v2\/posts"}],"about":[{"href":"https:\/\/radiorevelacionfm.cl\/index.php?rest_route=\/wp\/v2\/types\/post"}],"author":[{"embeddable":true,"href":"https:\/\/radiorevelacionfm.cl\/index.php?rest_route=\/wp\/v2\/users\/1"}],"replies":[{"embeddable":true,"href":"https:\/\/radiorevelacionfm.cl\/index.php?rest_route=%2Fwp%2Fv2%2Fcomments&post=37556"}],"version-history":[{"count":1,"href":"https:\/\/radiorevelacionfm.cl\/index.php?rest_route=\/wp\/v2\/posts\/37556\/revisions"}],"predecessor-version":[{"id":37558,"href":"https:\/\/radiorevelacionfm.cl\/index.php?rest_route=\/wp\/v2\/posts\/37556\/revisions\/37558"}],"wp:featuredmedia":[{"embeddable":true,"href":"https:\/\/radiorevelacionfm.cl\/index.php?rest_route=\/wp\/v2\/media\/37557"}],"wp:attachment":[{"href":"https:\/\/radiorevelacionfm.cl\/index.php?rest_route=%2Fwp%2Fv2%2Fmedia&parent=37556"}],"wp:term":[{"taxonomy":"category","embeddable":true,"href":"https:\/\/radiorevelacionfm.cl\/index.php?rest_route=%2Fwp%2Fv2%2Fcategories&post=37556"},{"taxonomy":"post_tag","embeddable":true,"href":"https:\/\/radiorevelacionfm.cl\/index.php?rest_route=%2Fwp%2Fv2%2Ftags&post=37556"}],"curies":[{"name":"wp","href":"https:\/\/api.w.org\/{rel}","templated":true}]}}