{"id":37553,"date":"2023-11-30T13:09:30","date_gmt":"2023-11-30T16:09:30","guid":{"rendered":"https:\/\/radiorevelacionfm.cl\/?p=37553"},"modified":"2023-11-30T13:09:30","modified_gmt":"2023-11-30T16:09:30","slug":"ministerio-del-deporte-inicia-encuesta-nacional-de-habitos-y-condiciones-de-actividad-fisica-en-la-primera-infancia","status":"publish","type":"post","link":"https:\/\/radiorevelacionfm.cl\/?p=37553","title":{"rendered":"Ministerio del Deporte inicia encuesta Nacional de H\u00e1bitos y Condiciones de Actividad F\u00edsica en la primera infancia"},"content":{"rendered":"<div class=\"flex_column av_one_full  flex_column_div av-zero-column-padding first  avia-builder-el-0  el_before_av_one_full  avia-builder-el-first  \" style='border-radius:0px; '><div  class='avia-image-container  av-styling-    avia-builder-el-1  avia-builder-el-no-sibling  avia-align-center '  itemprop=\"image\" itemscope=\"itemscope\" itemtype=\"https:\/\/schema.org\/ImageObject\"  ><div class='avia-image-container-inner'><div class='avia-image-overlay-wrap'><img decoding=\"async\" class='wp-image-37554 avia-img-lazy-loading-not-37554 avia_image' src=\"https:\/\/radiorevelacionfm.cl\/wp-content\/uploads\/2023\/11\/2-2023-11-29t182433_optimized.941.jpg\" alt='' title='2---2023-11-29t182433_optimized.941' height=\"640\" width=\"812\"  itemprop=\"thumbnailUrl\" srcset=\"https:\/\/radiorevelacionfm.cl\/wp-content\/uploads\/2023\/11\/2-2023-11-29t182433_optimized.941.jpg 812w, https:\/\/radiorevelacionfm.cl\/wp-content\/uploads\/2023\/11\/2-2023-11-29t182433_optimized.941-300x236.jpg 300w, https:\/\/radiorevelacionfm.cl\/wp-content\/uploads\/2023\/11\/2-2023-11-29t182433_optimized.941-768x605.jpg 768w, https:\/\/radiorevelacionfm.cl\/wp-content\/uploads\/2023\/11\/2-2023-11-29t182433_optimized.941-705x556.jpg 705w, https:\/\/radiorevelacionfm.cl\/wp-content\/uploads\/2023\/11\/2-2023-11-29t182433_optimized.941-450x355.jpg 450w, https:\/\/radiorevelacionfm.cl\/wp-content\/uploads\/2023\/11\/2-2023-11-29t182433_optimized.941-600x473.jpg 600w\" sizes=\"(max-width: 812px) 100vw, 812px\" \/><\/div><\/div><\/div><\/div><div class=\"flex_column av_one_full  flex_column_div av-zero-column-padding first  avia-builder-el-2  el_after_av_one_full  el_before_av_one_full  column-top-margin\" style='border-radius:0px; '><section class=\"av_textblock_section \"  itemscope=\"itemscope\" itemtype=\"https:\/\/schema.org\/BlogPosting\" itemprop=\"blogPost\" ><div class='avia_textblock  '   itemprop=\"text\" ><p style=\"text-align: center;\"><span style=\"font-size: 18pt;\"><b>Ministerio del Deporte inicia encuesta Nacional de H\u00e1bitos y Condiciones de Actividad F\u00edsica en la primera infancia<\/b><\/span><\/p>\n<div id=\"gtx-trans\" style=\"position: absolute; left: -50px; top: 4.31534px;\">\n<div class=\"gtx-trans-icon\"><\/div>\n<\/div>\n<\/div><\/section><\/div><div class=\"flex_column av_one_full  flex_column_div av-zero-column-padding first  avia-builder-el-4  el_after_av_one_full  el_before_av_hr  column-top-margin\" style='border-radius:0px; '><section class=\"av_textblock_section \"  itemscope=\"itemscope\" itemtype=\"https:\/\/schema.org\/BlogPosting\" itemprop=\"blogPost\" ><div class='avia_textblock  '   itemprop=\"text\" ><div class=\"v1gmail_quote\">\n<div dir=\"ltr\">\n<div>\n<p class=\"v1MsoNormal\" style=\"text-align: justify;\"><em>Este\u00a0levantamiento, se realizar\u00e1 a nivel nacional a trav\u00e9s de encuestas en terreno y se desarrollar\u00e1 hasta diciembre.<\/em><\/p>\n<p class=\"v1MsoNormal\" style=\"text-align: justify;\">En un esfuerzo por promover un estilo de vida activo desde una edad temprana, el Ministerio del Deporte liderar\u00e1, a nivel nacional, el levantamiento de informaci\u00f3n para la\u00a0Encuesta Nacional de H\u00e1bitos y Condiciones de Actividad F\u00edsica en Poblaci\u00f3n Menor de 5 a\u00f1os,\u00a0iniciativa pionera y crucial para la salud y el bienestar de las personas m\u00e1s j\u00f3venes del pa\u00eds.<\/p>\n<p class=\"v1MsoNormal\" style=\"text-align: justify;\">En Chile, a nivel nacional, 2 de cada 10 personas cumplen las recomendaciones de la Organizaci\u00f3n Mundial de Salud, que proponen realizar por lo menos de 150 a 300 minutos de actividad f\u00edsica aer\u00f3bica de intensidad moderada o vigorosa por semana para todos los adultos, incluidas las personas que viven con afecciones cr\u00f3nicas o discapacidad, y un promedio de 60 minutos al d\u00eda para los ni\u00f1os y adolescentes. En el caso de \u00a0este ciclo etario entre edades de \u00a05 a 17 a\u00f1os alcanza el 16,5% y en la poblaci\u00f3n mayor de 18 a\u00f1os un 18,7%. De acuerdo con datos entregados por la OMS, la actividad f\u00edsica en ni\u00f1os menores de 5 a\u00f1os tiene un impacto significativo en su crecimiento y desarrollo adecuado. Jugar y moverse de manera regular no solo promueve la salud f\u00edsica, sino tambi\u00e9n la cognitiva, la emocional y la social. Contribuyendo estas actividades en la adquisici\u00f3n de habilidades motoras esenciales y, consecuentemente, ayudando a prevenir enfermedades a lo largo de la vida. Adem\u00e1s, la actividad f\u00edsica en la primera infancia fomenta una mayor integraci\u00f3n social y una mejor calidad de vida en general.<\/p>\n<p class=\"v1MsoNormal\" style=\"text-align: justify;\">En sinton\u00eda con esta recomendaci\u00f3n de la OMS, el Ministerio del Deporte est\u00e1 llevando a cabo esta iniciativa pionera en el pa\u00eds, con la que buscar\u00e1 recopilar informaci\u00f3n valiosa sobre los h\u00e1bitos de actividad f\u00edsica y las condiciones que afectan la participaci\u00f3n en estas instancias durante la primera infancia.<\/p>\n<p class=\"v1MsoNormal\" style=\"text-align: justify;\">Para llevarla a cabo, la cartera ha contratado a la consultora Cliodin\u00e1mica, a trav\u00e9s de un proceso licitatorio, lo que permite que el proceso de informaci\u00f3n se despliegue por todo el pa\u00eds en los plazos establecidos por el Mindep.<\/p>\n<p class=\"v1MsoNormal\" style=\"text-align: justify;\"><b>\u00ab<\/b>Como \u00a0Gobierno y Serem\u00eda del Deporte, queremos relevar que estamos desarrollando una investigaci\u00f3n in\u00e9dita en Chile, pues esta Encuesta nunca antes se hab\u00eda aplicado para obtener informaci\u00f3n de ni\u00f1as y ni\u00f1os menores de 5 a\u00f1os, lo que cobra real importancia, pues tenemos un compromiso con nuestra infancia y sabemos que para comprender los h\u00e1bitos de actividad f\u00edsica en la poblaci\u00f3n menor de 5 a\u00f1os, este estudio es fundamental para tomar decisiones informadas en la formulaci\u00f3n de pol\u00edticas p\u00fablicas destinadas a mejorar la salud y el bienestar de nuestras ni\u00f1eces, a\u00fan m\u00e1s cuando estamos iniciando el proceso de evaluaci\u00f3n y actualizaci\u00f3n de nuestra actual Pol\u00edtica de Actividad F\u00edsica y Deporte en el pa\u00eds. As\u00ed que hago un llamado especialmente a padres, madres y educadoras a que nos puedan colaborar en esta encuesta, que sin duda nos ayudar\u00e1 a planificar nuestro trabajo futuro\u00bb, declar\u00f3 la secretaria regional ministerial de Ays\u00e9n, Mar\u00eda Eugenia Dur\u00e1n Jara.<\/p>\n<p class=\"v1MsoNormal\" style=\"text-align: justify;\">Finalmente, y dado que esta iniciativa implica entrevistar a un alto volumen de cuidadoras\/es, madres, padres y educadoras\/es de p\u00e1rvulos. La seremi del Deporte complement\u00f3:\u00a0\u00abaseguramos a la comunidad que la privacidad y la confidencialidad de la informaci\u00f3n de los y las participantes estar\u00e1n resguardadas en todo momento. Los procedimientos de recopilaci\u00f3n de datos estar\u00e1n protegidos por el secreto estad\u00edstico, garantizando as\u00ed la protecci\u00f3n de la identidad de los y las encuestadas\u00bb.<\/p>\n<div style=\"text-align: justify;\">\n<div><\/div>\n<div class=\"v1gmail_signature\" dir=\"ltr\">\n<div dir=\"ltr\"><\/div>\n<\/div>\n<\/div>\n<\/div>\n<\/div>\n<\/div>\n<div class=\"v1gmail_signature\" dir=\"ltr\">\n<div dir=\"ltr\">\n<div style=\"text-align: justify;\"><\/div>\n<\/div>\n<\/div>\n<\/div><\/section><\/div><div  style='height:50px' class='hr hr-invisible   avia-builder-el-6  el_after_av_one_full  el_before_av_social_share '><span class='hr-inner ' ><span class='hr-inner-style'><\/span><\/span><\/div><\/p>\n<div  class='av-social-sharing-box  avia-builder-el-7  el_after_av_hr  el_before_av_hr  '><div class='av-share-box'><h5 class='av-share-link-description av-no-toc '>Compartir esta noticia<\/h5><ul class='av-share-box-list noLightbox'><li class='av-share-link av-social-link-facebook' ><a target=\"_blank\" aria-label=\"Compartir en Facebook\" href='https:\/\/www.facebook.com\/sharer.php?u=https:\/\/radiorevelacionfm.cl\/?p=37553&#038;t=Ministerio%20del%20Deporte%20inicia%20encuesta%20Nacional%20de%20H%C3%A1bitos%20y%20Condiciones%20de%20Actividad%20F%C3%ADsica%20en%20la%20primera%20infancia' aria-hidden='false' data-av_icon='\ue8f3' data-av_iconfont='entypo-fontello' title='' data-avia-related-tooltip='Compartir en Facebook' rel=\"noopener\"><span class='avia_hidden_link_text'>Compartir en Facebook<\/span><\/a><\/li><li class='av-share-link av-social-link-twitter' ><a target=\"_blank\" aria-label=\"Compartir en Twitter\" href='https:\/\/twitter.com\/share?text=Ministerio%20del%20Deporte%20inicia%20encuesta%20Nacional%20de%20H%C3%A1bitos%20y%20Condiciones%20de%20Actividad%20F%C3%ADsica%20en%20la%20primera%20infancia&#038;url=https:\/\/radiorevelacionfm.cl\/?p=37553' aria-hidden='false' data-av_icon='\ue8f1' data-av_iconfont='entypo-fontello' title='' data-avia-related-tooltip='Compartir en Twitter' rel=\"noopener\"><span class='avia_hidden_link_text'>Compartir en Twitter<\/span><\/a><\/li><li class='av-share-link av-social-link-whatsapp' ><a target=\"_blank\" aria-label=\"Compartir en Whatsapp\" href='https:\/\/api.whatsapp.com\/send?text=https:\/\/radiorevelacionfm.cl\/?p=37553' aria-hidden='false' data-av_icon='\uf232' data-av_iconfont='entypo-fontello' title='' data-avia-related-tooltip='Compartir en Whatsapp' rel=\"noopener\"><span class='avia_hidden_link_text'>Compartir en Whatsapp<\/span><\/a><\/li><li class='av-share-link av-social-link-linkedin' ><a target=\"_blank\" aria-label=\"Compartir en LinkedIn\" href='https:\/\/linkedin.com\/shareArticle?mini=true&#038;title=Ministerio%20del%20Deporte%20inicia%20encuesta%20Nacional%20de%20H%C3%A1bitos%20y%20Condiciones%20de%20Actividad%20F%C3%ADsica%20en%20la%20primera%20infancia&#038;url=https:\/\/radiorevelacionfm.cl\/?p=37553' aria-hidden='false' data-av_icon='\ue8fc' data-av_iconfont='entypo-fontello' title='' data-avia-related-tooltip='Compartir en LinkedIn' rel=\"noopener\"><span class='avia_hidden_link_text'>Compartir en LinkedIn<\/span><\/a><\/li><li class='av-share-link av-social-link-mail' ><a  aria-label=\"Compartir por correo\" href='mailto:?subject=Ministerio%20del%20Deporte%20inicia%20encuesta%20Nacional%20de%20H%C3%A1bitos%20y%20Condiciones%20de%20Actividad%20F%C3%ADsica%20en%20la%20primera%20infancia&#038;body=https:\/\/radiorevelacionfm.cl\/?p=37553' aria-hidden='false' data-av_icon='\ue805' data-av_iconfont='entypo-fontello' title='' data-avia-related-tooltip='Compartir por correo'><span class='avia_hidden_link_text'>Compartir por correo<\/span><\/a><\/li><\/ul><\/div><\/div>\n<div  style='height:50px' class='hr hr-invisible   avia-builder-el-8  el_after_av_social_share  el_before_av_comments_list '><span class='hr-inner ' ><span class='hr-inner-style'><\/span><\/span><\/div>\n<div  class='av-buildercomment  av-blog-meta-html-info-disabled av-blog-meta-tag-disabled  '><\/div>\n","protected":false},"excerpt":{"rendered":"","protected":false},"author":1,"featured_media":37554,"comment_status":"open","ping_status":"open","sticky":false,"template":"","format":"standard","meta":{"footnotes":""},"categories":[40],"tags":[],"class_list":["post-37553","post","type-post","status-publish","format-standard","has-post-thumbnail","hentry","category-deportes"],"jetpack_featured_media_url":"https:\/\/radiorevelacionfm.cl\/wp-content\/uploads\/2023\/11\/2-2023-11-29t182433_optimized.941.jpg","_links":{"self":[{"href":"https:\/\/radiorevelacionfm.cl\/index.php?rest_route=\/wp\/v2\/posts\/37553","targetHints":{"allow":["GET"]}}],"collection":[{"href":"https:\/\/radiorevelacionfm.cl\/index.php?rest_route=\/wp\/v2\/posts"}],"about":[{"href":"https:\/\/radiorevelacionfm.cl\/index.php?rest_route=\/wp\/v2\/types\/post"}],"author":[{"embeddable":true,"href":"https:\/\/radiorevelacionfm.cl\/index.php?rest_route=\/wp\/v2\/users\/1"}],"replies":[{"embeddable":true,"href":"https:\/\/radiorevelacionfm.cl\/index.php?rest_route=%2Fwp%2Fv2%2Fcomments&post=37553"}],"version-history":[{"count":1,"href":"https:\/\/radiorevelacionfm.cl\/index.php?rest_route=\/wp\/v2\/posts\/37553\/revisions"}],"predecessor-version":[{"id":37555,"href":"https:\/\/radiorevelacionfm.cl\/index.php?rest_route=\/wp\/v2\/posts\/37553\/revisions\/37555"}],"wp:featuredmedia":[{"embeddable":true,"href":"https:\/\/radiorevelacionfm.cl\/index.php?rest_route=\/wp\/v2\/media\/37554"}],"wp:attachment":[{"href":"https:\/\/radiorevelacionfm.cl\/index.php?rest_route=%2Fwp%2Fv2%2Fmedia&parent=37553"}],"wp:term":[{"taxonomy":"category","embeddable":true,"href":"https:\/\/radiorevelacionfm.cl\/index.php?rest_route=%2Fwp%2Fv2%2Fcategories&post=37553"},{"taxonomy":"post_tag","embeddable":true,"href":"https:\/\/radiorevelacionfm.cl\/index.php?rest_route=%2Fwp%2Fv2%2Ftags&post=37553"}],"curies":[{"name":"wp","href":"https:\/\/api.w.org\/{rel}","templated":true}]}}