{"id":37550,"date":"2023-12-03T23:30:25","date_gmt":"2023-12-04T02:30:25","guid":{"rendered":"https:\/\/radiorevelacionfm.cl\/?p=37550"},"modified":"2023-12-03T23:30:25","modified_gmt":"2023-12-04T02:30:25","slug":"censo-2024-carabineros-y-el-ine-firman-convenio-de-colaboracion-para-reforzar-la-prevencion-y-la-seguridad","status":"publish","type":"post","link":"https:\/\/radiorevelacionfm.cl\/?p=37550","title":{"rendered":"CENSO 2024: Carabineros y el INE firman convenio de colaboraci\u00f3n para reforzar la prevenci\u00f3n y la seguridad"},"content":{"rendered":"<div class=\"flex_column av_one_full  flex_column_div av-zero-column-padding first  avia-builder-el-0  el_before_av_one_full  avia-builder-el-first  \" style='border-radius:0px; '><div  class='avia-image-container  av-styling-    avia-builder-el-1  avia-builder-el-no-sibling  avia-align-center '  itemprop=\"image\" itemscope=\"itemscope\" itemtype=\"https:\/\/schema.org\/ImageObject\"  ><div class='avia-image-container-inner'><div class='avia-image-overlay-wrap'><img decoding=\"async\" class='wp-image-37551 avia-img-lazy-loading-not-37551 avia_image' src=\"https:\/\/radiorevelacionfm.cl\/wp-content\/uploads\/2023\/11\/a7a4ee55-9307-434b-9849-a8fa3ddf3e38-1-1.jpg\" alt='' title='a7a4ee55-9307-434b-9849-a8fa3ddf3e38 (1) (1)' height=\"600\" width=\"886\"  itemprop=\"thumbnailUrl\" srcset=\"https:\/\/radiorevelacionfm.cl\/wp-content\/uploads\/2023\/11\/a7a4ee55-9307-434b-9849-a8fa3ddf3e38-1-1.jpg 886w, https:\/\/radiorevelacionfm.cl\/wp-content\/uploads\/2023\/11\/a7a4ee55-9307-434b-9849-a8fa3ddf3e38-1-1-300x203.jpg 300w, https:\/\/radiorevelacionfm.cl\/wp-content\/uploads\/2023\/11\/a7a4ee55-9307-434b-9849-a8fa3ddf3e38-1-1-768x520.jpg 768w, https:\/\/radiorevelacionfm.cl\/wp-content\/uploads\/2023\/11\/a7a4ee55-9307-434b-9849-a8fa3ddf3e38-1-1-705x477.jpg 705w, https:\/\/radiorevelacionfm.cl\/wp-content\/uploads\/2023\/11\/a7a4ee55-9307-434b-9849-a8fa3ddf3e38-1-1-450x305.jpg 450w, https:\/\/radiorevelacionfm.cl\/wp-content\/uploads\/2023\/11\/a7a4ee55-9307-434b-9849-a8fa3ddf3e38-1-1-600x406.jpg 600w\" sizes=\"(max-width: 886px) 100vw, 886px\" \/><\/div><\/div><\/div><\/div><div class=\"flex_column av_one_full  flex_column_div av-zero-column-padding first  avia-builder-el-2  el_after_av_one_full  el_before_av_one_full  column-top-margin\" style='border-radius:0px; '><section class=\"av_textblock_section \"  itemscope=\"itemscope\" itemtype=\"https:\/\/schema.org\/BlogPosting\" itemprop=\"blogPost\" ><div class='avia_textblock  '   itemprop=\"text\" ><p style=\"text-align: center;\"><span style=\"font-size: 18pt;\"><b>CENSO\u00a0<\/b><b>2024:\u00a0<\/b><b>C<\/b><b>arabineros y el\u00a0<\/b><b>INE<\/b><b>\u00a0firman convenio de colaboraci\u00f3n para reforzar la prevenci\u00f3n y la seguridad<\/b><\/span><\/p>\n<div id=\"gtx-trans\" style=\"position: absolute; left: -50px; top: 4.31534px;\">\n<div class=\"gtx-trans-icon\"><\/div>\n<\/div>\n<\/div><\/section><\/div><div class=\"flex_column av_one_full  flex_column_div av-zero-column-padding first  avia-builder-el-4  el_after_av_one_full  el_before_av_hr  column-top-margin\" style='border-radius:0px; '><section class=\"av_textblock_section \"  itemscope=\"itemscope\" itemtype=\"https:\/\/schema.org\/BlogPosting\" itemprop=\"blogPost\" ><div class='avia_textblock  '   itemprop=\"text\" ><p style=\"text-align: justify;\">Durante esta ma\u00f1ana, Carabineros de Chile y el Instituto Nacional de Estad\u00edsticas (INE) firmaron un convenio de colaboraci\u00f3n mutua, orientado a contribuir a la disminuci\u00f3n del riesgo que el personal recolector de datos del CENSO 2024 pueda tener durante las jornadas que se llevar\u00e1n a cabo entre los meses de marzo y junio del pr\u00f3ximo a\u00f1o.<\/p>\n<p style=\"text-align: justify;\">El principal objetivo de este trabajo coordinado es facilitar la entrega de informaci\u00f3n de car\u00e1cter geogr\u00e1fico y estad\u00edstico entre ambas instituciones, a fin de realizar una correcta planificaci\u00f3n en el \u00e1mbito de la seguridad para el desarrollo del proceso de empadronamiento nacional, adem\u00e1s de optimizar los procesos de georreferenciaci\u00f3n de datos de ambas instituciones.<\/p>\n<p style=\"text-align: justify;\">\u00abEs un privilegio firmar este convenio y constituye un hito muy importante sin ninguna duda. En el \u00faltimo tiempo uno de los pilares fundamentales del trabajo desarrollado por Carabineros ha sido estrechar y fortalecer nuestros lazos de colaboraci\u00f3n con las m\u00e1s variadas instituciones y organizaciones, con el prop\u00f3sito de seguir avanzando hacia el futuro con mayores y mejores herramientas para entregar m\u00e1s tranquilidad y seguridad a nuestros compatriotas\u00bb, enfatiz\u00f3 el General Director, Ricardo Y\u00e1\u00f1ez.<\/p>\n<p style=\"text-align: justify;\">Cabe resaltar que esta labor tiene por finalidad la transferencia mutua de informaci\u00f3n oficial de car\u00e1cter espacial, tanto de delitos, distribuci\u00f3n de poblaci\u00f3n, distribuci\u00f3n demogr\u00e1fica o de infraestructura, adem\u00e1s de aumentar el enriquecimiento de las plataformas geoespaciales de Carabineros con informaci\u00f3n y capas de origen estad\u00edstico, orientadas a mejorar el an\u00e1lisis criminal y la planificaci\u00f3n de servicios policiales.<\/p>\n<p style=\"text-align: justify;\">Entre estos acuerdos destacan la entrega de informaci\u00f3n con delitos de mayor connotaci\u00f3n social, de ejes viales con lugares que registran altas concentraciones delictuales y la ubicaci\u00f3n de comisar\u00edas y su \u00e1rea de acci\u00f3n por parte de la polic\u00eda uniformada, mientras que por parte del INE existir\u00e1 el traspaso de informaci\u00f3n estad\u00edstica, metodolog\u00edas y bases de datos de p\u00fablico conocimiento y la entrega de bases cartogr\u00e1ficas del CENSO 2017, entre otros.<\/p>\n<p style=\"text-align: justify;\">\u00abA nombre del INE queremos agradecer la firma de este convenio. Los datos entregados por Carabineros nos ayudar\u00e1n a resguardar a nuestro personal que estar\u00e1 en el territorio levantando informaci\u00f3n a trav\u00e9s de encuestas. Para nosotros es muy importante sentir el apoyo de la instituci\u00f3n en el desarrollo de nuestra misi\u00f3n\u00bb, subray\u00f3 el director de la entidad, Ricardo Vicu\u00f1a.<\/p>\n<p style=\"text-align: justify;\">Con este acuerdo Carabineros reafirma su permanente compromiso con la seguridad de todos, generando instancias que van en directo beneficio no s\u00f3lo de los funcionarios p\u00fablicos que recolectar\u00e1n los datos para el CENSO 2024, sino que tambi\u00e9n de todos los chilenos, ya que permitir\u00e1 planificar y coordinar el trabajo preventivo a trav\u00e9s del an\u00e1lisis policial y delictual, generando una labor profesional con alta efectividad operativa para el buen desarrollo de este acto c\u00edvico.<\/p>\n<\/div><\/section><\/div><div  style='height:50px' class='hr hr-invisible   avia-builder-el-6  el_after_av_one_full  el_before_av_social_share '><span class='hr-inner ' ><span class='hr-inner-style'><\/span><\/span><\/div><\/p>\n<div  class='av-social-sharing-box  avia-builder-el-7  el_after_av_hr  el_before_av_hr  '><div class='av-share-box'><h5 class='av-share-link-description av-no-toc '>Compartir esta noticia<\/h5><ul class='av-share-box-list noLightbox'><li class='av-share-link av-social-link-facebook' ><a target=\"_blank\" aria-label=\"Compartir en Facebook\" href='https:\/\/www.facebook.com\/sharer.php?u=https:\/\/radiorevelacionfm.cl\/?p=37550&#038;t=CENSO%202024%3A%20Carabineros%20y%20el%20INE%20firman%20convenio%20de%20colaboraci%C3%B3n%20para%20reforzar%20la%20prevenci%C3%B3n%20y%20la%20seguridad' aria-hidden='false' data-av_icon='\ue8f3' data-av_iconfont='entypo-fontello' title='' data-avia-related-tooltip='Compartir en Facebook' rel=\"noopener\"><span class='avia_hidden_link_text'>Compartir en Facebook<\/span><\/a><\/li><li class='av-share-link av-social-link-twitter' ><a target=\"_blank\" aria-label=\"Compartir en Twitter\" href='https:\/\/twitter.com\/share?text=CENSO%202024%3A%20Carabineros%20y%20el%20INE%20firman%20convenio%20de%20colaboraci%C3%B3n%20para%20reforzar%20la%20prevenci%C3%B3n%20y%20la%20seguridad&#038;url=https:\/\/radiorevelacionfm.cl\/?p=37550' aria-hidden='false' data-av_icon='\ue8f1' data-av_iconfont='entypo-fontello' title='' data-avia-related-tooltip='Compartir en Twitter' rel=\"noopener\"><span class='avia_hidden_link_text'>Compartir en Twitter<\/span><\/a><\/li><li class='av-share-link av-social-link-whatsapp' ><a target=\"_blank\" aria-label=\"Compartir en Whatsapp\" href='https:\/\/api.whatsapp.com\/send?text=https:\/\/radiorevelacionfm.cl\/?p=37550' aria-hidden='false' data-av_icon='\uf232' data-av_iconfont='entypo-fontello' title='' data-avia-related-tooltip='Compartir en Whatsapp' rel=\"noopener\"><span class='avia_hidden_link_text'>Compartir en Whatsapp<\/span><\/a><\/li><li class='av-share-link av-social-link-linkedin' ><a target=\"_blank\" aria-label=\"Compartir en LinkedIn\" href='https:\/\/linkedin.com\/shareArticle?mini=true&#038;title=CENSO%202024%3A%20Carabineros%20y%20el%20INE%20firman%20convenio%20de%20colaboraci%C3%B3n%20para%20reforzar%20la%20prevenci%C3%B3n%20y%20la%20seguridad&#038;url=https:\/\/radiorevelacionfm.cl\/?p=37550' aria-hidden='false' data-av_icon='\ue8fc' data-av_iconfont='entypo-fontello' title='' data-avia-related-tooltip='Compartir en LinkedIn' rel=\"noopener\"><span class='avia_hidden_link_text'>Compartir en LinkedIn<\/span><\/a><\/li><li class='av-share-link av-social-link-mail' ><a  aria-label=\"Compartir por correo\" href='mailto:?subject=CENSO%202024%3A%20Carabineros%20y%20el%20INE%20firman%20convenio%20de%20colaboraci%C3%B3n%20para%20reforzar%20la%20prevenci%C3%B3n%20y%20la%20seguridad&#038;body=https:\/\/radiorevelacionfm.cl\/?p=37550' aria-hidden='false' data-av_icon='\ue805' data-av_iconfont='entypo-fontello' title='' data-avia-related-tooltip='Compartir por correo'><span class='avia_hidden_link_text'>Compartir por correo<\/span><\/a><\/li><\/ul><\/div><\/div>\n<div  style='height:50px' class='hr hr-invisible   avia-builder-el-8  el_after_av_social_share  el_before_av_comments_list '><span class='hr-inner ' ><span class='hr-inner-style'><\/span><\/span><\/div>\n<div  class='av-buildercomment  av-blog-meta-html-info-disabled av-blog-meta-tag-disabled  '><\/div>\n","protected":false},"excerpt":{"rendered":"","protected":false},"author":1,"featured_media":37551,"comment_status":"open","ping_status":"open","sticky":false,"template":"","format":"standard","meta":{"footnotes":""},"categories":[61],"tags":[],"class_list":["post-37550","post","type-post","status-publish","format-standard","has-post-thumbnail","hentry","category-nacional"],"jetpack_featured_media_url":"https:\/\/radiorevelacionfm.cl\/wp-content\/uploads\/2023\/11\/a7a4ee55-9307-434b-9849-a8fa3ddf3e38-1-1.jpg","_links":{"self":[{"href":"https:\/\/radiorevelacionfm.cl\/index.php?rest_route=\/wp\/v2\/posts\/37550","targetHints":{"allow":["GET"]}}],"collection":[{"href":"https:\/\/radiorevelacionfm.cl\/index.php?rest_route=\/wp\/v2\/posts"}],"about":[{"href":"https:\/\/radiorevelacionfm.cl\/index.php?rest_route=\/wp\/v2\/types\/post"}],"author":[{"embeddable":true,"href":"https:\/\/radiorevelacionfm.cl\/index.php?rest_route=\/wp\/v2\/users\/1"}],"replies":[{"embeddable":true,"href":"https:\/\/radiorevelacionfm.cl\/index.php?rest_route=%2Fwp%2Fv2%2Fcomments&post=37550"}],"version-history":[{"count":1,"href":"https:\/\/radiorevelacionfm.cl\/index.php?rest_route=\/wp\/v2\/posts\/37550\/revisions"}],"predecessor-version":[{"id":37552,"href":"https:\/\/radiorevelacionfm.cl\/index.php?rest_route=\/wp\/v2\/posts\/37550\/revisions\/37552"}],"wp:featuredmedia":[{"embeddable":true,"href":"https:\/\/radiorevelacionfm.cl\/index.php?rest_route=\/wp\/v2\/media\/37551"}],"wp:attachment":[{"href":"https:\/\/radiorevelacionfm.cl\/index.php?rest_route=%2Fwp%2Fv2%2Fmedia&parent=37550"}],"wp:term":[{"taxonomy":"category","embeddable":true,"href":"https:\/\/radiorevelacionfm.cl\/index.php?rest_route=%2Fwp%2Fv2%2Fcategories&post=37550"},{"taxonomy":"post_tag","embeddable":true,"href":"https:\/\/radiorevelacionfm.cl\/index.php?rest_route=%2Fwp%2Fv2%2Ftags&post=37550"}],"curies":[{"name":"wp","href":"https:\/\/api.w.org\/{rel}","templated":true}]}}