{"id":37546,"date":"2023-11-30T16:38:28","date_gmt":"2023-11-30T19:38:28","guid":{"rendered":"https:\/\/radiorevelacionfm.cl\/?p=37546"},"modified":"2023-11-30T16:38:28","modified_gmt":"2023-11-30T19:38:28","slug":"delegado-regional-destaca-aprobacion-en-el-congreso-de-la-segunda-ley-de-presupuestos","status":"publish","type":"post","link":"https:\/\/radiorevelacionfm.cl\/?p=37546","title":{"rendered":"Delegado regional destaca aprobaci\u00f3n en el congreso de la segunda Ley de Presupuestos"},"content":{"rendered":"<div class=\"flex_column av_one_full  flex_column_div av-zero-column-padding first  avia-builder-el-0  el_before_av_one_full  avia-builder-el-first  \" style='border-radius:0px; '><div  class='avia-image-container  av-styling-    avia-builder-el-1  avia-builder-el-no-sibling  avia-align-center '  itemprop=\"image\" itemscope=\"itemscope\" itemtype=\"https:\/\/schema.org\/ImageObject\"  ><div class='avia-image-container-inner'><div class='avia-image-overlay-wrap'><img decoding=\"async\" class='wp-image-37547 avia-img-lazy-loading-not-37547 avia_image' src=\"https:\/\/radiorevelacionfm.cl\/wp-content\/uploads\/2023\/11\/2-46-1_optimized-1.jpeg\" alt='' title='2-(46)-(1)_optimized (1)' height=\"600\" width=\"791\"  itemprop=\"thumbnailUrl\" srcset=\"https:\/\/radiorevelacionfm.cl\/wp-content\/uploads\/2023\/11\/2-46-1_optimized-1.jpeg 791w, https:\/\/radiorevelacionfm.cl\/wp-content\/uploads\/2023\/11\/2-46-1_optimized-1-300x228.jpeg 300w, https:\/\/radiorevelacionfm.cl\/wp-content\/uploads\/2023\/11\/2-46-1_optimized-1-768x583.jpeg 768w, https:\/\/radiorevelacionfm.cl\/wp-content\/uploads\/2023\/11\/2-46-1_optimized-1-705x535.jpeg 705w, https:\/\/radiorevelacionfm.cl\/wp-content\/uploads\/2023\/11\/2-46-1_optimized-1-450x341.jpeg 450w, https:\/\/radiorevelacionfm.cl\/wp-content\/uploads\/2023\/11\/2-46-1_optimized-1-600x455.jpeg 600w\" sizes=\"(max-width: 791px) 100vw, 791px\" \/><\/div><\/div><\/div><\/div><div class=\"flex_column av_one_full  flex_column_div av-zero-column-padding first  avia-builder-el-2  el_after_av_one_full  el_before_av_one_full  column-top-margin\" style='border-radius:0px; '><section class=\"av_textblock_section \"  itemscope=\"itemscope\" itemtype=\"https:\/\/schema.org\/BlogPosting\" itemprop=\"blogPost\" ><div class='avia_textblock  '   itemprop=\"text\" ><p style=\"text-align: center;\"><strong><span style=\"font-size: 18pt;\">Delegado regional destaca aprobaci\u00f3n en el congreso de la segunda Ley de Presupuestos<\/span><\/strong><\/p>\n<div id=\"gtx-trans\" style=\"position: absolute; left: -50px; top: 4.31534px;\">\n<div class=\"gtx-trans-icon\"><\/div>\n<\/div>\n<\/div><\/section><\/div><div class=\"flex_column av_one_full  flex_column_div av-zero-column-padding first  avia-builder-el-4  el_after_av_one_full  el_before_av_hr  column-top-margin\" style='border-radius:0px; '><section class=\"av_textblock_section \"  itemscope=\"itemscope\" itemtype=\"https:\/\/schema.org\/BlogPosting\" itemprop=\"blogPost\" ><div class='avia_textblock  '   itemprop=\"text\" ><p style=\"font-weight: 400; text-align: justify;\">El delegado regional Rodrigo Araya, destac\u00f3 que la segunda Ley de Presupuesto del mandato del presidente Gabriel Boric, qued\u00f3 lista para ser promulgada, tras ser aprobada por la C\u00e1mara de Diputadas y Diputados y el Senado, el martes 28.<\/p>\n<p style=\"font-weight: 400; text-align: justify;\">La autoridad regional indic\u00f3 que la C\u00e1mara de Diputadas y Diputados aprob\u00f3 el informe emanado desde la Comisi\u00f3n Mixta con 115 votos a favor, 3 abstenciones y 18 en contra, mientras que el Senado vis\u00f3 el informe con 38 votos a favor y 2 votos en contra.<\/p>\n<p style=\"font-weight: 400; text-align: justify;\">\u201cEstamos muy contentos porque ha sido aprobado el presupuesto 2024, con una mayor\u00eda importante en la C\u00e1mara, en el Senado y en la Comisi\u00f3n Mixta. Y es importante porque tiene un aumento presupuestario para resolver los problemas m\u00e1s urgentes que ha determinado nuestro presidente, como el Sistema Nacional de Cuidados, la seguridad p\u00fablica y la prevenci\u00f3n de incendios forestales\u201d, indic\u00f3 el delegado Rodrigo Araya.<\/p>\n<p style=\"font-weight: 400; text-align: justify;\">La Ley de Presupuestos 2024 considera un incremento en los recursos destinados a Orden P\u00fablico y Seguridad (+5,7%), Salud (+8,1%), Educaci\u00f3n (+4,2%), Vivienda (+11,9%), Cuidados (+20%), Emergencias, espec\u00edficamente incendios (+ 28%) y Cultura (6,8%).<\/p>\n<p style=\"font-weight: 400; text-align: justify;\">Tras la aprobaci\u00f3n en el Congreso, el Ministro de Hacienda, Mario Marcel, valor\u00f3 el di\u00e1logo y los acuerdos que permitieron el despacho definitivo de la ley, mientras la directora de presupuestos, Javiera Mart\u00ednez, destac\u00f3 que la mayor contribuci\u00f3n del Presupuesto 2024 es que se est\u00e1 mejorando sustantivamente la forma en que se usan los recursos del Estado, elevando los est\u00e1ndares de transparencia y rendici\u00f3n de cuentas.<\/p>\n<p style=\"font-weight: 400; text-align: justify;\">Por otra parte, uno de los aspectos m\u00e1s valorados por el delegado regional fue la responsabilidad fiscal comprometida por el Gobierno en esta tarea. \u201cEl presupuesto 2024 total crecer\u00e1 un 3,5%, en comparaci\u00f3n con el de este a\u00f1o. Lo m\u00e1s importante es que est\u00e1 hecho con responsabilidad fiscal y con \u00e9nfasis en la transparencia, en mejorar todos los mecanismos con los cuales nos aseguramos que los recursos p\u00fablicos van a ser bien utilizados por todos los servicios y ministerios que conforman nuestro gobierno\u201d, se\u00f1al\u00f3.<\/p>\n<p style=\"font-weight: 400; text-align: justify;\"><strong>Cambios normativos<\/strong><\/p>\n<p style=\"font-weight: 400; text-align: justify;\">Para elaborar el Presupuesto 2024, el Ejecutivo recogi\u00f3 las recomendaciones de la Comisi\u00f3n Asesora Ministerial para regular la relaci\u00f3n entre las Instituciones Privadas sin fines de lucro y el Estado, y propuso m\u00e1s de 1.000 cambios normativos para elevar los est\u00e1ndares en el uso de los recursos p\u00fablicos. Estas modificaciones fueron respaldadas por el Congreso, y se tradujeron en la creaci\u00f3n y formulaci\u00f3n de cuatro art\u00edculos, 672 cambios en glosas y 336 cambios en asignaciones presupuestarias.<\/p>\n<p style=\"font-weight: 400; text-align: justify;\">El Presupuesto 2024 establece que el concurso ser\u00e1 obligatorio para la asignaci\u00f3n de recursos mediante transferencias corrientes a instituciones privadas, a excepci\u00f3n de las explicitadas en la ley, define los requisitos que deber\u00e1n cumplir los convenios de transferencias, donde a los ejecutores directos estar\u00e1n obligados a presentar garant\u00eda, contar con dos a\u00f1os de antig\u00fcedad m\u00ednimo, cumplir hitos para las transferencias y prohibici\u00f3n de fraccionamiento, entre otros.<\/p>\n<p style=\"font-weight: 400; text-align: justify;\">Tambi\u00e9n se sigue la recomendaci\u00f3n de la Comisi\u00f3n antes mencionada para asimilar los procesos a la Ley de Compras que mandata las licitaciones competitivas, procesos abiertos, transparentes. Asimismo, se abordan las situaciones de inhabilitaci\u00f3n de funcionarios p\u00fablicos en concursos, entre otras modificaciones.<\/p>\n<\/div><\/section><\/div><div  style='height:50px' class='hr hr-invisible   avia-builder-el-6  el_after_av_one_full  el_before_av_social_share '><span class='hr-inner ' ><span class='hr-inner-style'><\/span><\/span><\/div><\/p>\n<div  class='av-social-sharing-box  avia-builder-el-7  el_after_av_hr  el_before_av_hr  '><div class='av-share-box'><h5 class='av-share-link-description av-no-toc '>Compartir esta noticia<\/h5><ul class='av-share-box-list noLightbox'><li class='av-share-link av-social-link-facebook' ><a target=\"_blank\" aria-label=\"Compartir en Facebook\" href='https:\/\/www.facebook.com\/sharer.php?u=https:\/\/radiorevelacionfm.cl\/?p=37546&#038;t=Delegado%20regional%20destaca%20aprobaci%C3%B3n%20en%20el%20congreso%20de%20la%20segunda%20Ley%20de%20Presupuestos' aria-hidden='false' data-av_icon='\ue8f3' data-av_iconfont='entypo-fontello' title='' data-avia-related-tooltip='Compartir en Facebook' rel=\"noopener\"><span class='avia_hidden_link_text'>Compartir en Facebook<\/span><\/a><\/li><li class='av-share-link av-social-link-twitter' ><a target=\"_blank\" aria-label=\"Compartir en Twitter\" href='https:\/\/twitter.com\/share?text=Delegado%20regional%20destaca%20aprobaci%C3%B3n%20en%20el%20congreso%20de%20la%20segunda%20Ley%20de%20Presupuestos&#038;url=https:\/\/radiorevelacionfm.cl\/?p=37546' aria-hidden='false' data-av_icon='\ue8f1' data-av_iconfont='entypo-fontello' title='' data-avia-related-tooltip='Compartir en Twitter' rel=\"noopener\"><span class='avia_hidden_link_text'>Compartir en Twitter<\/span><\/a><\/li><li class='av-share-link av-social-link-whatsapp' ><a target=\"_blank\" aria-label=\"Compartir en Whatsapp\" href='https:\/\/api.whatsapp.com\/send?text=https:\/\/radiorevelacionfm.cl\/?p=37546' aria-hidden='false' data-av_icon='\uf232' data-av_iconfont='entypo-fontello' title='' data-avia-related-tooltip='Compartir en Whatsapp' rel=\"noopener\"><span class='avia_hidden_link_text'>Compartir en Whatsapp<\/span><\/a><\/li><li class='av-share-link av-social-link-linkedin' ><a target=\"_blank\" aria-label=\"Compartir en LinkedIn\" href='https:\/\/linkedin.com\/shareArticle?mini=true&#038;title=Delegado%20regional%20destaca%20aprobaci%C3%B3n%20en%20el%20congreso%20de%20la%20segunda%20Ley%20de%20Presupuestos&#038;url=https:\/\/radiorevelacionfm.cl\/?p=37546' aria-hidden='false' data-av_icon='\ue8fc' data-av_iconfont='entypo-fontello' title='' data-avia-related-tooltip='Compartir en LinkedIn' rel=\"noopener\"><span class='avia_hidden_link_text'>Compartir en LinkedIn<\/span><\/a><\/li><li class='av-share-link av-social-link-mail' ><a  aria-label=\"Compartir por correo\" href='mailto:?subject=Delegado%20regional%20destaca%20aprobaci%C3%B3n%20en%20el%20congreso%20de%20la%20segunda%20Ley%20de%20Presupuestos&#038;body=https:\/\/radiorevelacionfm.cl\/?p=37546' aria-hidden='false' data-av_icon='\ue805' data-av_iconfont='entypo-fontello' title='' data-avia-related-tooltip='Compartir por correo'><span class='avia_hidden_link_text'>Compartir por correo<\/span><\/a><\/li><\/ul><\/div><\/div>\n<div  style='height:50px' class='hr hr-invisible   avia-builder-el-8  el_after_av_social_share  el_before_av_comments_list '><span class='hr-inner ' ><span class='hr-inner-style'><\/span><\/span><\/div>\n<div  class='av-buildercomment  av-blog-meta-html-info-disabled av-blog-meta-tag-disabled  '><\/div>\n","protected":false},"excerpt":{"rendered":"","protected":false},"author":1,"featured_media":37547,"comment_status":"open","ping_status":"open","sticky":false,"template":"","format":"standard","meta":{"footnotes":""},"categories":[38],"tags":[],"class_list":["post-37546","post","type-post","status-publish","format-standard","has-post-thumbnail","hentry","category-regional"],"jetpack_featured_media_url":"https:\/\/radiorevelacionfm.cl\/wp-content\/uploads\/2023\/11\/2-46-1_optimized-1.jpeg","_links":{"self":[{"href":"https:\/\/radiorevelacionfm.cl\/index.php?rest_route=\/wp\/v2\/posts\/37546","targetHints":{"allow":["GET"]}}],"collection":[{"href":"https:\/\/radiorevelacionfm.cl\/index.php?rest_route=\/wp\/v2\/posts"}],"about":[{"href":"https:\/\/radiorevelacionfm.cl\/index.php?rest_route=\/wp\/v2\/types\/post"}],"author":[{"embeddable":true,"href":"https:\/\/radiorevelacionfm.cl\/index.php?rest_route=\/wp\/v2\/users\/1"}],"replies":[{"embeddable":true,"href":"https:\/\/radiorevelacionfm.cl\/index.php?rest_route=%2Fwp%2Fv2%2Fcomments&post=37546"}],"version-history":[{"count":1,"href":"https:\/\/radiorevelacionfm.cl\/index.php?rest_route=\/wp\/v2\/posts\/37546\/revisions"}],"predecessor-version":[{"id":37548,"href":"https:\/\/radiorevelacionfm.cl\/index.php?rest_route=\/wp\/v2\/posts\/37546\/revisions\/37548"}],"wp:featuredmedia":[{"embeddable":true,"href":"https:\/\/radiorevelacionfm.cl\/index.php?rest_route=\/wp\/v2\/media\/37547"}],"wp:attachment":[{"href":"https:\/\/radiorevelacionfm.cl\/index.php?rest_route=%2Fwp%2Fv2%2Fmedia&parent=37546"}],"wp:term":[{"taxonomy":"category","embeddable":true,"href":"https:\/\/radiorevelacionfm.cl\/index.php?rest_route=%2Fwp%2Fv2%2Fcategories&post=37546"},{"taxonomy":"post_tag","embeddable":true,"href":"https:\/\/radiorevelacionfm.cl\/index.php?rest_route=%2Fwp%2Fv2%2Ftags&post=37546"}],"curies":[{"name":"wp","href":"https:\/\/api.w.org\/{rel}","templated":true}]}}